{"id":337122,"date":"2025-08-22T22:03:12","date_gmt":"2025-08-22T22:03:12","guid":{"rendered":"https:\/\/www.europesays.com\/fr\/337122\/"},"modified":"2025-08-22T22:03:12","modified_gmt":"2025-08-22T22:03:12","slug":"proche-de-la-criminalite-organisee-un-detenu-sechappe-lors-de-son-transfert-a-lhopital-de-nice","status":"publish","type":"post","link":"https:\/\/www.europesays.com\/fr\/337122\/","title":{"rendered":"Proche de la criminalit\u00e9 organis\u00e9e, un d\u00e9tenu s&rsquo;\u00e9chappe lors de son transfert \u00e0 l&rsquo;h\u00f4pital de Nice"},"content":{"rendered":"<p class=\"fig-paragraph\">Un homme, d\u00e9j\u00e0 condamn\u00e9 \u00e0 15 ans de prison et plac\u00e9 en garde \u00e0 vue dans une affaire de\u00a0<a href=\"http:\/\/www.lefigaro.fr\/actualite-france\/de-logements-touristiques-a-lieux-de-stockage-de-stupefiants-les-airbnbeuh-ces-nouvelles-caches-du-trafic-de-drogue-20250808\" target=\"_blank\" data-fig-type=\"Article\" rel=\"noopener nofollow\" data-gtm-custom-categorie=\"navigation\" data-gtm-custom-action=\"crossclick\" data-gtm-custom-label=\"Contextuel\" data-gtm-event=\"customEventSPE\" data-fig-domain=\"LEFIGARO\">trafic de stup\u00e9fiants<\/a>, s&rsquo;est \u00e9vad\u00e9 d\u00e9but ao\u00fbt lors de son transfert vers l&rsquo;h\u00f4pital de Nice, ont indiqu\u00e9 vendredi \u00e0 l&rsquo;AFP plusieurs sources proches du dossier.<\/p>\n<p class=\"fig-paragraph\">Nizar Feddaoui, 36 ans, a \u00e9t\u00e9 arr\u00eat\u00e9 le 8 ao\u00fbt \u00e0 Nice, dans le cadre d&rsquo;une enqu\u00eate pour trafic de stup\u00e9fiants pilot\u00e9e par un juge d&rsquo;instruction du tribunal judiciaire d&rsquo;Ajaccio, ont pr\u00e9cis\u00e9 \u00e0 l&rsquo;AFP ces sources. Plac\u00e9 en garde \u00e0 vue, il s&rsquo;est \u00ab\u00e9vad\u00e9 lors de son transf\u00e8rement \u00e0 l&rsquo;h\u00f4pital de Nice\u00bb, ont-elles d\u00e9taill\u00e9, l&rsquo;une d&rsquo;entre elles ajoutant qu&rsquo;un \u00abmandat d&rsquo;arr\u00eat europ\u00e9en\u00bb avait \u00e9t\u00e9 \u00e9mis contre lui.<\/p>\n<p>                                    <a class=\"fig-a11y-skip a11y-hidden\" href=\"#fig-a11y-skip-main-inarticle\"><br \/>\n        Passer la publicit\u00e9<br \/>\n    <\/a><\/p>\n<p>Trafic de drogue<\/p>\n<p class=\"fig-paragraph\">Plusieurs autres arrestations ont eu lieu dans le cadre de cette affaire en Corse et dans l&rsquo;Hexagone. Contact\u00e9s par l&rsquo;AFP, les parquets d&rsquo;Ajaccio et de Nice n&rsquo;ont pas souhait\u00e9 communiquer sur cette affaire. En novembre 2024, Nizar Feddaoui avait d\u00e9j\u00e0 \u00e9t\u00e9 mis en examen pour trafic de drogue et plac\u00e9 sous contr\u00f4le judiciaire.<\/p>\n<p class=\"fig-paragraph\">En juin 2016, il avait \u00e9t\u00e9 acquitt\u00e9 par la cour d&rsquo;assises des Bouches-du-Rh\u00f4ne, \u00e0 Aix-en-Provence, pour l&rsquo;assassinat de l&rsquo;ex-dirigeant nationaliste corse Yves Manunta, le 9 juillet 2012 \u00e0 Ajaccio, mais condamn\u00e9 \u00e0 15 ans de r\u00e9clusion criminelle pour association de malfaiteurs et pour l&rsquo;incendie volontaire en bande organis\u00e9e du v\u00e9hicule utilis\u00e9 par les auteurs de l&rsquo;homicide.<\/p>\n<p class=\"fig-paragraph\">Il \u00e9tait associ\u00e9 \u00e0 l&rsquo;une des 25 bandes criminelles de l&rsquo;\u00eele r\u00e9pertori\u00e9es dans une note confidentielle de 2022 du service information, renseignement et analyse strat\u00e9gique sur la criminalit\u00e9 organis\u00e9e (Sirasco) de la police nationale consult\u00e9e par l&rsquo;AFP.<\/p>\n","protected":false},"excerpt":{"rendered":"Un homme, d\u00e9j\u00e0 condamn\u00e9 \u00e0 15 ans de prison et plac\u00e9 en garde \u00e0 vue dans une affaire&hellip;\n","protected":false},"author":2,"featured_media":337123,"comment_status":"","ping_status":"","sticky":false,"template":"","format":"standard","meta":{"footnotes":""},"categories":[2819],"tags":[1111,11,1777,674,1011,27,12,2401,882,25],"class_list":{"0":"post-337122","1":"post","2":"type-post","3":"status-publish","4":"format-standard","5":"has-post-thumbnail","7":"category-nice","8":"tag-actu","9":"tag-actualites","10":"tag-eu","11":"tag-europe","12":"tag-fr","13":"tag-france","14":"tag-news","15":"tag-nice","16":"tag-provence-alpes-cote-dazur","17":"tag-republique-francaise"},"share_on_mastodon":{"url":"https:\/\/pubeurope.com\/@fr\/115074682243571077","error":""},"_links":{"self":[{"href":"https:\/\/www.europesays.com\/fr\/wp-json\/wp\/v2\/posts\/337122","targetHints":{"allow":["GET"]}}],"collection":[{"href":"https:\/\/www.europesays.com\/fr\/wp-json\/wp\/v2\/posts"}],"about":[{"href":"https:\/\/www.europesays.com\/fr\/wp-json\/wp\/v2\/types\/post"}],"author":[{"embeddable":true,"href":"https:\/\/www.europesays.com\/fr\/wp-json\/wp\/v2\/users\/2"}],"replies":[{"embeddable":true,"href":"https:\/\/www.europesays.com\/fr\/wp-json\/wp\/v2\/comments?post=337122"}],"version-history":[{"count":0,"href":"https:\/\/www.europesays.com\/fr\/wp-json\/wp\/v2\/posts\/337122\/revisions"}],"wp:featuredmedia":[{"embeddable":true,"href":"https:\/\/www.europesays.com\/fr\/wp-json\/wp\/v2\/media\/337123"}],"wp:attachment":[{"href":"https:\/\/www.europesays.com\/fr\/wp-json\/wp\/v2\/media?parent=337122"}],"wp:term":[{"taxonomy":"category","embeddable":true,"href":"https:\/\/www.europesays.com\/fr\/wp-json\/wp\/v2\/categories?post=337122"},{"taxonomy":"post_tag","embeddable":true,"href":"https:\/\/www.europesays.com\/fr\/wp-json\/wp\/v2\/tags?post=337122"}],"curies":[{"name":"wp","href":"https:\/\/api.w.org\/{rel}","templated":true}]}}