{"id":337126,"date":"2025-08-22T22:06:12","date_gmt":"2025-08-22T22:06:12","guid":{"rendered":"https:\/\/www.europesays.com\/fr\/337126\/"},"modified":"2025-08-22T22:06:12","modified_gmt":"2025-08-22T22:06:12","slug":"graffitis-la-commune-redonne-eclat-aux-abribus-de-sainte-eulalie","status":"publish","type":"post","link":"https:\/\/www.europesays.com\/fr\/337126\/","title":{"rendered":"Graffitis : la commune redonne \u00e9clat aux abribus de Sainte-Eulalie"},"content":{"rendered":"<p>La mairie a r\u00e9nov\u00e9 deux abribus, apr\u00e8s des d\u00e9gradations par de vilains graffitis sur l\u2019un d\u2019eux.<\/p>\n<p>Bien que les abribus ne soient pas communaux, la mairie en a assur\u00e9 l\u2019entretien cette semaine. Celui de la place du 19-Mars avait subi quelques graffitis, certains parleront d\u2019art graphique, mais en terme juridique c\u2019est de la d\u00e9t\u00e9rioration de biens publics.<\/p>\n<p>Philippe, employ\u00e9 communal, a effac\u00e9 les traces ce mercredi 20 ao\u00fbt en repeignant l\u2019abri, dedans comme dehors, lui redonnant un bel \u00e9clat.<\/p>\n<p>Dans la continuit\u00e9, celui de la route de Villes\u00e8quelande va subir le m\u00eame sort.<\/p>\n<p>Esp\u00e9rons que ce nouvel apparat n\u2019inspire pas \u00e0 d\u2019autres incivilit\u00e9s.<\/p>\n<p>Face \u00e0 cet irrespect des biens communs et aux d\u00e9p\u00f4ts sauvages d\u2019ordures, la mairie envisage d\u2019installer de nouvelles cam\u00e9ras.<\/p>\n","protected":false},"excerpt":{"rendered":"La mairie a r\u00e9nov\u00e9 deux abribus, apr\u00e8s des d\u00e9gradations par de vilains graffitis sur l\u2019un d\u2019eux. Bien que&hellip;\n","protected":false},"author":2,"featured_media":337127,"comment_status":"","ping_status":"","sticky":false,"template":"","format":"standard","meta":{"footnotes":""},"categories":[2817],"tags":[1111,11,1997,1777,674,1011,27,12,2219,25],"class_list":{"0":"post-337126","1":"post","2":"type-post","3":"status-publish","4":"format-standard","5":"has-post-thumbnail","7":"category-bordeaux","8":"tag-actu","9":"tag-actualites","10":"tag-bordeaux","11":"tag-eu","12":"tag-europe","13":"tag-fr","14":"tag-france","15":"tag-news","16":"tag-nouvelle-aquitaine","17":"tag-republique-francaise"},"share_on_mastodon":{"url":"https:\/\/pubeurope.com\/@fr\/115074694039553228","error":""},"_links":{"self":[{"href":"https:\/\/www.europesays.com\/fr\/wp-json\/wp\/v2\/posts\/337126","targetHints":{"allow":["GET"]}}],"collection":[{"href":"https:\/\/www.europesays.com\/fr\/wp-json\/wp\/v2\/posts"}],"about":[{"href":"https:\/\/www.europesays.com\/fr\/wp-json\/wp\/v2\/types\/post"}],"author":[{"embeddable":true,"href":"https:\/\/www.europesays.com\/fr\/wp-json\/wp\/v2\/users\/2"}],"replies":[{"embeddable":true,"href":"https:\/\/www.europesays.com\/fr\/wp-json\/wp\/v2\/comments?post=337126"}],"version-history":[{"count":0,"href":"https:\/\/www.europesays.com\/fr\/wp-json\/wp\/v2\/posts\/337126\/revisions"}],"wp:featuredmedia":[{"embeddable":true,"href":"https:\/\/www.europesays.com\/fr\/wp-json\/wp\/v2\/media\/337127"}],"wp:attachment":[{"href":"https:\/\/www.europesays.com\/fr\/wp-json\/wp\/v2\/media?parent=337126"}],"wp:term":[{"taxonomy":"category","embeddable":true,"href":"https:\/\/www.europesays.com\/fr\/wp-json\/wp\/v2\/categories?post=337126"},{"taxonomy":"post_tag","embeddable":true,"href":"https:\/\/www.europesays.com\/fr\/wp-json\/wp\/v2\/tags?post=337126"}],"curies":[{"name":"wp","href":"https:\/\/api.w.org\/{rel}","templated":true}]}}