{"id":337133,"date":"2025-08-22T22:11:23","date_gmt":"2025-08-22T22:11:23","guid":{"rendered":"https:\/\/www.europesays.com\/fr\/337133\/"},"modified":"2025-08-22T22:11:23","modified_gmt":"2025-08-22T22:11:23","slug":"le-president-de-lille-clarifie-la-situation-de-zhegrova-il-est-tres-probable-quil-reste-cette-saison","status":"publish","type":"post","link":"https:\/\/www.europesays.com\/fr\/337133\/","title":{"rendered":"Le pr\u00e9sident de Lille clarifie la situation de Zhegrova : il est tr\u00e8s probable qu&rsquo;il reste cette saison"},"content":{"rendered":"<p>                                                Le pr\u00e9sident de Lille clarifie la situation de Zhegrova : Il est tr\u00e8s probable qu&rsquo;il reste cette saison                    <\/p>\n<p>                        <img decoding=\"async\" src=\"https:\/\/www.europesays.com\/fr\/wp-content\/uploads\/2025\/08\/ED1-1-600x360.jpg\" alt=\"\"\/><\/p>\n<p>                        Sport<\/p>\n<p>                            <img decoding=\"async\" src=\"https:\/\/www.europesays.com\/fr\/wp-content\/uploads\/2025\/06\/IMG_6099-2.png\" alt=\"\"\/><\/p>\n<p>                        Gazeta Express<br \/>\n                        22\/08\/2025 19:01<\/p>\n<p>Le pr\u00e9sident de Lille, Olivier Letang, a confirm\u00e9 des discussions avec la Juventus pour Edon Zhegrova, mais a insist\u00e9 sur le fait que \u00ab la porte \u00e9tait un peu plus ouverte \u00e0 l&rsquo;\u00e9poque qu&rsquo;elle ne l&rsquo;est aujourd&rsquo;hui \u00bb.<\/p>\n<p>Ces derniers jours, plusieurs rapports ont circul\u00e9 selon lesquels les clubs se rapprochaient d&rsquo;un accord, m\u00eame si le prix demand\u00e9 \u00e9tait de 25 millions d&rsquo;euros.<\/p>\n<p>Cela a \u00e9t\u00e9 consid\u00e9r\u00e9 comme excessif pour un joueur qui, apr\u00e8s tout, a un contrat qui expire en juin 2026, sans aucun signe de renouvellement \u00e0 l&rsquo;horizon.<\/p>\n<p>En conf\u00e9rence de presse aujourd&rsquo;hui, le pr\u00e9sident du LOSC Letang a pr\u00e9sent\u00e9 la situation de son point de vue.<\/p>\n<p>\u00ab Il s&rsquo;est entra\u00een\u00e9 avec nous, il est l\u00e0 et \u00e0 la disposition de l&rsquo;entra\u00eeneur \u00bb, a d\u00e9clar\u00e9 Letang.<\/p>\n<p>\u00ab C&rsquo;est parce qu&rsquo;il est tr\u00e8s probable qu&rsquo;il reste avec nous cette saison. Je connais tr\u00e8s bien Damien Comolli (le directeur de la Juventus), nous avons discut\u00e9 \u00e0 plusieurs reprises depuis son arriv\u00e9e \u00e0 la Juventus. Il est vrai que nous avons eu des discussions il y a quelques semaines. La porte \u00e9tait probablement plus ouverte \u00e0 l&rsquo;\u00e9poque qu&rsquo;aujourd&rsquo;hui. Ma position est qu&rsquo;Edon restera avec nous cette saison. \u00c0 part cela, nous n&rsquo;avons re\u00e7u aucune offre pour le moment. Les m\u00e9dias italiens ont tendance \u00e0 exag\u00e9rer. Il n&rsquo;y a aucun accord ni aucune discussion sur le d\u00e9part d&rsquo;Edon pour l&rsquo;Italie. \u00bb<\/p>\n<p>Les m\u00e9dias italiens ont rapport\u00e9 que Zhegrova avait conclu des accords personnels avec la Juventus et leur donnerait la priorit\u00e9 pour la prochaine \u00e9tape de sa carri\u00e8re.<\/p>\n<p>La star kosovare a 26 ans et serait le rempla\u00e7ant \u00e0 Turin de Nico Gonzalez, il faut donc d&rsquo;abord vendre l&rsquo;Argentin.<\/p>\n<p class=\"gt-block\">Il a manqu\u00e9 le premier match de la saison en raison d&rsquo;un probl\u00e8me musculaire, mais il est pr\u00eat pour ce week-end.<strong>\/GazetaExpress\/<\/strong><\/p>\n","protected":false},"excerpt":{"rendered":"Le pr\u00e9sident de Lille clarifie la situation de Zhegrova : Il est tr\u00e8s probable qu&rsquo;il reste cette saison&hellip;\n","protected":false},"author":2,"featured_media":337134,"comment_status":"","ping_status":"","sticky":false,"template":"","format":"standard","meta":{"footnotes":""},"categories":[2815],"tags":[1111,11,1777,674,1011,27,811,1307,12,25],"class_list":{"0":"post-337133","1":"post","2":"type-post","3":"status-publish","4":"format-standard","5":"has-post-thumbnail","7":"category-lille","8":"tag-actu","9":"tag-actualites","10":"tag-eu","11":"tag-europe","12":"tag-fr","13":"tag-france","14":"tag-hauts-de-france","15":"tag-lille","16":"tag-news","17":"tag-republique-francaise"},"share_on_mastodon":{"url":"https:\/\/pubeurope.com\/@fr\/115074714069027259","error":""},"_links":{"self":[{"href":"https:\/\/www.europesays.com\/fr\/wp-json\/wp\/v2\/posts\/337133","targetHints":{"allow":["GET"]}}],"collection":[{"href":"https:\/\/www.europesays.com\/fr\/wp-json\/wp\/v2\/posts"}],"about":[{"href":"https:\/\/www.europesays.com\/fr\/wp-json\/wp\/v2\/types\/post"}],"author":[{"embeddable":true,"href":"https:\/\/www.europesays.com\/fr\/wp-json\/wp\/v2\/users\/2"}],"replies":[{"embeddable":true,"href":"https:\/\/www.europesays.com\/fr\/wp-json\/wp\/v2\/comments?post=337133"}],"version-history":[{"count":0,"href":"https:\/\/www.europesays.com\/fr\/wp-json\/wp\/v2\/posts\/337133\/revisions"}],"wp:featuredmedia":[{"embeddable":true,"href":"https:\/\/www.europesays.com\/fr\/wp-json\/wp\/v2\/media\/337134"}],"wp:attachment":[{"href":"https:\/\/www.europesays.com\/fr\/wp-json\/wp\/v2\/media?parent=337133"}],"wp:term":[{"taxonomy":"category","embeddable":true,"href":"https:\/\/www.europesays.com\/fr\/wp-json\/wp\/v2\/categories?post=337133"},{"taxonomy":"post_tag","embeddable":true,"href":"https:\/\/www.europesays.com\/fr\/wp-json\/wp\/v2\/tags?post=337133"}],"curies":[{"name":"wp","href":"https:\/\/api.w.org\/{rel}","templated":true}]}}