{"id":337135,"date":"2025-08-22T22:12:14","date_gmt":"2025-08-22T22:12:14","guid":{"rendered":"https:\/\/www.europesays.com\/fr\/337135\/"},"modified":"2025-08-22T22:12:14","modified_gmt":"2025-08-22T22:12:14","slug":"les-calanques-de-maregau-a-saint-mandrier-decouvrez-cette-crique-sauvage-et-tranquille-a-deux-pas-de-la-ville-mais-loin-de-la-foule","status":"publish","type":"post","link":"https:\/\/www.europesays.com\/fr\/337135\/","title":{"rendered":"Les calanques de Mar\u00e9gau \u00e0 Saint-Mandrier: d\u00e9couvrez cette crique sauvage et tranquille \u00e0 deux pas de la ville (mais loin de la foule)"},"content":{"rendered":"<p>Si vous \u00eates \u00e0 la recherche d\u2019une petite plage calme et tranquille, la calanque situ\u00e9e \u00e0 la pointe de Mar\u00e9gau est faite pour vous. Accessible \u00e0 pied par le sentier du littoral ou par l\u2019avenue d\u2019Auvergne, cette petite crique sauvage se trouve en bas d\u2019un escalier de b\u00e9ton. Une fois les marches descendues, vous pourrez profiter de la tranquillit\u00e9 de cette plage de galets, et de son eau transparente. Ne soyez pas surpris par le peu de serviettes et de parasols, cette calanque un peu secr\u00e8te n\u2019est connue que des locaux.<\/p>\n<p>La force de cette plage r\u00e9side dans sa tranquillit\u00e9 qui nous frappe, \u00e0 peine arriv\u00e9. La vue offre un panorama magnifique sur la M\u00e9diterran\u00e9e, dont vous pourrez profiter en toute s\u00e9r\u00e9nit\u00e9. Ici, pas de ch\u00e2teaux de sable ni de vendeur de beignets, vous aurez tout le loisir de dorer au soleil, allong\u00e9 sur les rochers blancs et plats, avec le chant des cigales pour vous bercer.<\/p>\n<p>Les plus <\/p>\n<p>Karine et Virginie ont grandi ici, et viennent r\u00e9guli\u00e8rement sur cette plage. \u00ab\u00a0C\u2019est tellement calme, puis la mer est tr\u00e8s propre et transparente\u00a0\u00bb, d\u00e9clare Karine. Elle appr\u00e9cie particuli\u00e8rement les galets, plus agr\u00e9ables que le sable selon elle. \u00ab\u00a0Et puis c\u2019est peu fr\u00e9quent\u00e9 ici, il n\u2019y a que les gens du coin qui connaissent cet endroit donc on y est tranquille\u00a0\u00bb, ajoute-t-elle. Virginie explique que le c\u00f4t\u00e9 \u00ab\u00a0sauvage\u00a0\u00bb de la crique est aussi un point fort. \u00ab\u00a0On y est moins d\u00e9rang\u00e9 car c\u2019est moins accessible que d\u2019autres plages\u00a0\u00bb, explique-t-elle. <br \/>&#13;<br \/>\nNathalie est originaire de la Sarthe, et vient ici chaque \u00e9t\u00e9 en vacances. Elle a d\u00e9couvert la calanque pendant la Covid en 2020. \u00ab\u00a0J\u2019aime venir ici, c\u2019est proche de chez moi et c\u2019est tellement d\u00e9paysant\u00a0\u00bb, confie-t-elle. Avant, elle venait moins car ses enfants \u00e9taient petits et n\u2019aimaient pas les cailloux, mais maintenant qu\u2019ils sont grands, elle peut profiter de la tranquillit\u00e9 de ce lieu paradisiaque.<\/p>\n<p>Les moins <\/p>\n<p>\u00ab\u00a0Les cailloux glissent, il faut faire tr\u00e8s attention\u00a0\u00bb, souligne Nathalie. Il est vrai qu\u2019il faut faire attention ici, surtout quand on entre dans l\u2019eau, \u00e0 ne pas tomber. D\u2019autant que la baignade n\u2019est pas surveill\u00e9e. Ce n\u2019est pas forc\u00e9ment un lieu adapt\u00e9 aux plus petits. Pensez \u00e9galement \u00e0 prendre une bouteille d\u2019eau, car vous ne trouverez pas de point d\u2019eau \u00e0 proximit\u00e9. En cas de mistral, redoublez de prudence car cette plage n\u2019est pas abrit\u00e9e, et la mer s\u2019agite rapidement.<\/p>\n<p>            Infos pratiques<\/p>\n<p><strong>Adresse:<\/strong> 29 avenue d\u2019Auvergne, 83430 Saint-Mandrier. <br \/>&#13;<br \/>\nStationnement gratuit \u00e0 proximit\u00e9. <br \/>&#13;<br \/>\nPas de WC ni de restaurant. <br \/>&#13;<br \/>\nPas de poste de secours et baignade non surveill\u00e9e.<\/p>\n","protected":false},"excerpt":{"rendered":"Si vous \u00eates \u00e0 la recherche d\u2019une petite plage calme et tranquille, la calanque situ\u00e9e \u00e0 la pointe&hellip;\n","protected":false},"author":2,"featured_media":337136,"comment_status":"","ping_status":"","sticky":false,"template":"","format":"standard","meta":{"footnotes":""},"categories":[2814],"tags":[1111,11,1777,674,1011,27,884,12,882,25,3366],"class_list":{"0":"post-337135","1":"post","2":"type-post","3":"status-publish","4":"format-standard","5":"has-post-thumbnail","7":"category-marseille","8":"tag-actu","9":"tag-actualites","10":"tag-eu","11":"tag-europe","12":"tag-fr","13":"tag-france","14":"tag-marseille","15":"tag-news","16":"tag-provence-alpes-cote-dazur","17":"tag-republique-francaise","18":"tag-vie-locale"},"share_on_mastodon":{"url":"https:\/\/pubeurope.com\/@fr\/115074717991677902","error":""},"_links":{"self":[{"href":"https:\/\/www.europesays.com\/fr\/wp-json\/wp\/v2\/posts\/337135","targetHints":{"allow":["GET"]}}],"collection":[{"href":"https:\/\/www.europesays.com\/fr\/wp-json\/wp\/v2\/posts"}],"about":[{"href":"https:\/\/www.europesays.com\/fr\/wp-json\/wp\/v2\/types\/post"}],"author":[{"embeddable":true,"href":"https:\/\/www.europesays.com\/fr\/wp-json\/wp\/v2\/users\/2"}],"replies":[{"embeddable":true,"href":"https:\/\/www.europesays.com\/fr\/wp-json\/wp\/v2\/comments?post=337135"}],"version-history":[{"count":0,"href":"https:\/\/www.europesays.com\/fr\/wp-json\/wp\/v2\/posts\/337135\/revisions"}],"wp:featuredmedia":[{"embeddable":true,"href":"https:\/\/www.europesays.com\/fr\/wp-json\/wp\/v2\/media\/337136"}],"wp:attachment":[{"href":"https:\/\/www.europesays.com\/fr\/wp-json\/wp\/v2\/media?parent=337135"}],"wp:term":[{"taxonomy":"category","embeddable":true,"href":"https:\/\/www.europesays.com\/fr\/wp-json\/wp\/v2\/categories?post=337135"},{"taxonomy":"post_tag","embeddable":true,"href":"https:\/\/www.europesays.com\/fr\/wp-json\/wp\/v2\/tags?post=337135"}],"curies":[{"name":"wp","href":"https:\/\/api.w.org\/{rel}","templated":true}]}}