{"id":337143,"date":"2025-08-22T22:17:19","date_gmt":"2025-08-22T22:17:19","guid":{"rendered":"https:\/\/www.europesays.com\/fr\/337143\/"},"modified":"2025-08-22T22:17:19","modified_gmt":"2025-08-22T22:17:19","slug":"polemique-autour-du-burkini-des-methodes-dhumiliation-denoncees","status":"publish","type":"post","link":"https:\/\/www.europesays.com\/fr\/337143\/","title":{"rendered":"pol\u00e9mique autour du burkini, des m\u00e9thodes \u00ab d\u2019humiliation \u00bb d\u00e9nonc\u00e9es"},"content":{"rendered":"<p>            Par<br \/>\n        <strong><br \/>\n            <a href=\"https:\/\/actu.fr\/auteur\/gaelle-kabongo\" title=\"Consulter tous les articles de Gaelle Kabongo\" target=\"_blank\" rel=\"noopener\">Gaelle Kabongo<\/a><br \/>\n        <\/strong><\/p>\n<p>        Publi\u00e9 le<\/p>\n<p>            22 ao\u00fbt 2025 \u00e0 12h15        <\/p>\n<p>Des m\u00e9thodes qui ne permettent pas d\u2019apaiser les tensions autour du burkini. Voil\u00e0 ce que d\u00e9nonce le groupe de gauche du Conseil r\u00e9gional d\u2019\u00cele-de-France dans une lettre adress\u00e9e \u00e0 la D\u00e9fenseure des droits, Claire H\u00e9don, le 14\u00a0ao\u00fbt 2025. Les \u00e9lus franciliens d\u00e9plorent <b>les m\u00e9thodes utilis\u00e9es par les ma\u00eetres nageurs<\/b> de l\u2019\u00eele de loisirs de <a href=\"https:\/\/actu.fr\/ile-de-france\/jablines_77234\" target=\"_blank\" rel=\"noopener\">Jablines<\/a>-Annet <a href=\"https:\/\/actu.fr\/ile-de-france\/seine-et-marne_77\" target=\"_blank\" rel=\"noopener\">(Seine-et-Marne<\/a>) pour faire respecter l\u2019interdiction du burkini.<\/p>\n<p>Des usag\u00e8res rappel\u00e9es \u00e0 l\u2019ordre par haut-parleurs<\/p>\n<p class=\" wall-content\">Cet envoi fait suite aux r\u00e9v\u00e9lations de la presse sur des \u00e9v\u00e9nements survenus les 10 et 15\u00a0ao\u00fbt derniers. Dans des articles publi\u00e9s par Lib\u00e9ration et le Parisien, des usag\u00e8res de l\u2019\u00eele de loisirs ont \u00e9t\u00e9 somm\u00e9es de sortir de l\u2019eau car leur v\u00eatement de baignade \u00e9tait interdit <b>par voie\u2026 de haut-parleurs<\/b>. \u00ab\u2009Les faits d\u00e9crits d\u00e9montrent, de mon point de vue, une mise en \u0153uvre z\u00e9l\u00e9e et inappropri\u00e9e des dispositions r\u00e9glementaires\u2009\u00bb, \u00e9crit C\u00e9line Malais\u00e9, conseill\u00e8re r\u00e9gionale d\u2019\u00cele-de-France et pr\u00e9sidente du groupe La Gauche communiste, \u00e9cologiste et citoyenne. Mais ce n\u2019est pas seulement des comportements z\u00e9l\u00e9s qui sont d\u00e9nonc\u00e9s mais aussi <b>un traitement diff\u00e9renci\u00e9 entre les usagers.<\/b> \u00ab\u2009Cet usage peut \u00eatre fait \u00e0 mauvais escient avec des annonces sonores z\u00e9l\u00e9es parfois moqueuses voire stigmatisantes \u00e0 l\u2019encontre d\u2019un individu comme de l\u2019ensemble des usagers. Le respect de l\u2019interdiction du burkini et du r\u00e8glement int\u00e9rieur de l\u2019\u00eele de loisirs ne doivent pas \u00eatre propices \u00e0 des situations stigmatisantes\u2009\u00bb, expliquent les \u00e9lus de la Gauche communiste, \u00e9cologiste et citoyenne.<\/p>\n<p>Une r\u00e9glementation claire<\/p>\n<p class=\" wall-content\">L<b>es \u00e9lus de la R\u00e9gion ont donc adress\u00e9 un courrier \u00e0 la D\u00e9fenseure des droits<\/b>, Claire H\u00e9don, le 14\u00a0ao\u00fbt dernier. Le groupe demande \u00e0 l\u2019institution de t<b>rancher sur la m\u00e9thode et d\u2019adresser des pr\u00e9conisations aux agents de l\u2019\u00eele de loisirs face \u00e0 ces situations<\/b>. \u00ab\u2009On conteste la m\u00e9thode, on ne revient pas sur l\u2019interdiction du burkini au vu du climat islamophobe et de la puissance de l\u00a0\u00bbextr\u00eame droite, c\u2019est peine perdue. Mais si on laisse faire les \u00eeles de loisirs, apr\u00e8s ce sera quoi, des drones avec des haut-parleurs\u2009? On trouve \u00e7a stigmatisant et anxiog\u00e8ne\u2009\u00bb, explique un membre du groupe. Les \u00e9lus estiment aussi que ces pr\u00e9conisations permettront <b>d\u2019\u00e9viter les tensions et de prot\u00e9ger les agents de l\u2019\u00eele de loisirs<\/b> de comportements violents d\u2019usagers.<\/p>\n<p>Un usage exceptionnel des haut-parleurs, selon la direction de l\u2019\u00eele de loisirs<\/p>\n<p class=\" wall-content\">Du c\u00f4t\u00e9 de la direction de\u00a0l\u2019\u00eele de loisirs, on admet l\u2019utilisation de cette m\u00e9thode mais elle assure qu\u2019elle est <b>utilis\u00e9e de fa\u00e7on ponctuelle<\/b>. \u00ab\u2009Quand un ma\u00eetre nageur intervient \u00e0 plusieurs reprises et que cette personne recommence \u00e0 un moment donn\u00e9 on ne sait plus comment r\u00e9agir. Comment fait-on alors\u2009?\u2009\u00bb, justifie Cyril Marchadour, directeur de l\u2019\u00eele de loisirs de Jablines-Annet. Quant \u00e0 la saisine de la D\u00e9fenseure des droits \u00e9mis par la gauche, la direction de l\u2019\u00eele de loisir<b>s se range derri\u00e8re la loi.<\/b> \u00ab\u2009La D\u00e9fenseure des droits a d\u00e9j\u00e0 \u00e9t\u00e9 saisi par une association et \u00e7a n\u2019a pas abouti. Notre r\u00e8glement ne s\u2019appuie pas sur un aspect religieux mais sur des questions d\u2019hygi\u00e8ne et de s\u00e9curit\u00e9\u2009\u00bb, explique le directeur de l\u2019\u00e9tablissement.<\/p>\n<p>La R\u00e9gion r\u00e9affirme son interdiction du burkini<\/p>\n<p>Inform\u00e9 de la saisine \u00e9mise par le groupe de gauche du Conseil r\u00e9gional d\u2019\u00cele-de-France \u00e0 la D\u00e9fenseure des droits, l\u2019ex\u00e9cutif n\u2019a pas souhait\u00e9 commenter cette action ni les m\u00e9thodes employ\u00e9es par les ma\u00eetres nageurs pour faire respecter la loi. Il a simplement r\u00e9affirm\u00e9 l\u2019interdiction de la baignade en burkini et des v\u00eatements habill\u00e9s mise en application depuis 2021 en invoquant des questions d\u2019hygi\u00e8ne. \u00ab\u2009Des troubles avaient \u00e9t\u00e9 constat\u00e9s entre baigneurs, certains mena\u00e7ant de se baigner sans maillot si d\u2019autres se baignaient en burkini. Nous avons exig\u00e9 que la tenue de piscine\u2009: maillot une pi\u00e8ce ou deux pi\u00e8ces &#8211; soit la seule autoris\u00e9e.\u2009\u00bb Hormis l\u2019hygi\u00e8ne, la R\u00e9gion se range derri\u00e8re leur interpr\u00e9tation de la la\u00efcit\u00e9. \u00ab\u2009Le r\u00e8glement des \u00eeles de loisirs n\u2019a pas \u00e0 s\u2019adapter pour tenir compte de prescriptions religieuses, quelle qu\u2019elle soit. La r\u00e9gion est un service public et r\u00e9gi par une charte de la la\u00efcit\u00e9.\u2009\u00bb<\/p>\n<p>Pol\u00e9mique sur le port du burkini<\/p>\n<p class=\" wall-content\">Ce n\u2019est pas la premi\u00e8re fois que la D\u00e9fenseure des droits se penche sur le port du burkini dans l\u2019\u00eele de loisirs de Jablines-Annet. <a href=\"https:\/\/actu.fr\/ile-de-france\/jablines_77234\/seine-et-marne-polemique-sur-l-interdiction-du-burkini-a-l-ile-de-loisirs-de-jablines-annet_39298587.html\" target=\"_blank\" rel=\"noopener\">En d\u00e9cembre 2020, une pol\u00e9mique \u00e9clate apr\u00e8s la saisine de l\u2019institution par trois jeunes femmes<\/a>. <b>La D\u00e9fenseure des droits avait demand\u00e9 \u00e0 la direction de l\u2019\u00eele de loisirs des informations compl\u00e9mentaires pour justifier l\u2019interdiction<\/b>. Plus tard, la d\u00e9finition de l\u2019interdiction a \u00e9t\u00e9 \u00e9largie \u00e0 \u00ab\u2009baignade habill\u00e9e\u2009\u00bb pour ne pas cibler une religion en particulier.<\/p>\n<p class=\" wall-content\">Personnalisez votre actualit\u00e9 en ajoutant vos villes et m\u00e9dias en favori avec <a href=\"https:\/\/moncompte.actu.fr\" title=\"D\u00e9couvez Mon Actu\" rel=\"nofollow noopener\" data-trk=\"{&quot;cta&quot;:{&quot;action&quot;:&quot;https:\\\/\\\/moncompte.actu.fr&quot;,&quot;category&quot;:&quot;mon compte&quot;,&quot;from&quot;:&quot;article footer&quot;,&quot;name&quot;:&quot;Mon actu&quot;,&quot;type&quot;:&quot;cta&quot;}}\" target=\"_blank\">Mon Actu<\/a>.<\/p>\n","protected":false},"excerpt":{"rendered":"Par Gaelle Kabongo Publi\u00e9 le 22 ao\u00fbt 2025 \u00e0 12h15 Des m\u00e9thodes qui ne permettent pas d\u2019apaiser les&hellip;\n","protected":false},"author":2,"featured_media":337144,"comment_status":"","ping_status":"","sticky":false,"template":"","format":"standard","meta":{"footnotes":""},"categories":[1592],"tags":[1111,11,1777,674,1011,27,662,15430,12,626,25,104],"class_list":{"0":"post-337143","1":"post","2":"type-post","3":"status-publish","4":"format-standard","5":"has-post-thumbnail","7":"category-ile-de-france","8":"tag-actu","9":"tag-actualites","10":"tag-eu","11":"tag-europe","12":"tag-fr","13":"tag-france","14":"tag-ile-de-france","15":"tag-laicite","16":"tag-news","17":"tag-paris","18":"tag-republique-francaise","19":"tag-societe"},"share_on_mastodon":{"url":"https:\/\/pubeurope.com\/@fr\/115074737379782338","error":""},"_links":{"self":[{"href":"https:\/\/www.europesays.com\/fr\/wp-json\/wp\/v2\/posts\/337143","targetHints":{"allow":["GET"]}}],"collection":[{"href":"https:\/\/www.europesays.com\/fr\/wp-json\/wp\/v2\/posts"}],"about":[{"href":"https:\/\/www.europesays.com\/fr\/wp-json\/wp\/v2\/types\/post"}],"author":[{"embeddable":true,"href":"https:\/\/www.europesays.com\/fr\/wp-json\/wp\/v2\/users\/2"}],"replies":[{"embeddable":true,"href":"https:\/\/www.europesays.com\/fr\/wp-json\/wp\/v2\/comments?post=337143"}],"version-history":[{"count":0,"href":"https:\/\/www.europesays.com\/fr\/wp-json\/wp\/v2\/posts\/337143\/revisions"}],"wp:featuredmedia":[{"embeddable":true,"href":"https:\/\/www.europesays.com\/fr\/wp-json\/wp\/v2\/media\/337144"}],"wp:attachment":[{"href":"https:\/\/www.europesays.com\/fr\/wp-json\/wp\/v2\/media?parent=337143"}],"wp:term":[{"taxonomy":"category","embeddable":true,"href":"https:\/\/www.europesays.com\/fr\/wp-json\/wp\/v2\/categories?post=337143"},{"taxonomy":"post_tag","embeddable":true,"href":"https:\/\/www.europesays.com\/fr\/wp-json\/wp\/v2\/tags?post=337143"}],"curies":[{"name":"wp","href":"https:\/\/api.w.org\/{rel}","templated":true}]}}