{"id":337163,"date":"2025-08-22T22:27:15","date_gmt":"2025-08-22T22:27:15","guid":{"rendered":"https:\/\/www.europesays.com\/fr\/337163\/"},"modified":"2025-08-22T22:27:15","modified_gmt":"2025-08-22T22:27:15","slug":"leurope-finit-dans-le-vert-apres-le-discours-de-powell-a-jackson-hole-22-08-2025-a-1818","status":"publish","type":"post","link":"https:\/\/www.europesays.com\/fr\/337163\/","title":{"rendered":"L&rsquo;Europe finit dans le vert apr\u00e8s le discours de Powell \u00e0 Jackson Hole &#8211; 22\/08\/2025 \u00e0 18:18"},"content":{"rendered":"<p>        <img fetchpriority=\"high\" decoding=\"async\" src=\"https:\/\/www.europesays.com\/fr\/wp-content\/uploads\/2025\/08\/9771bf471b3a6d14f881980bec62eb73-760x507.jpg\" alt=\"Bourse Euronext dans le quartier d'affaires de La D\u00e9fense \u00e0 Paris\" loading=\"eager\" width=\"760\" height=\"507\" style=\"max-width: 100%!important; height: auto;\"\/><\/p>\n<p class=\"c-image-news__legend\">Bourse Euronext dans le quartier d&rsquo;affaires de La D\u00e9fense \u00e0 Paris<\/p>\n<p>\n par Mara  Vilcu\n<\/p>\n<p>\n Les Bourses europ\u00e9ennes ont termin\u00e9 dans le vert vendredi, alors que les march\u00e9s ont pris connaissance du discours du pr\u00e9sident de la R\u00e9serve f\u00e9d\u00e9rale am\u00e9ricaine (Fed) qui a ouvert la porte \u00e0 des baisses de taux sans pour autant s&rsquo;engager.\n<\/p>\n<p>\n \u00c0 Paris, le CAC 40 a gagn\u00e9 0,40% \u00e0 7.969,69 points. \u00c0 Francfort, le Dax a avanc\u00e9 de 0,32% et \u00e0 Londres, le FTSE 100 a pris 0,13%.\n<\/p>\n<p>\n L&rsquo;indice EuroStoxx 50 a gagn\u00e9 0,54%, le FTSEurofirst 300 a pris 0,34% et le Stoxx 600 a avanc\u00e9 de 0,47%.\n<\/p>\n<p>\n Sur la semaine, le Stoxx 600 a pris 1,47% et le CAC 40 a gagn\u00e9 0,58%.\n<\/p>\n<p>\n Le pr\u00e9sident de la Fed, Jerome Powell, a \u00e9voqu\u00e9 vendredi une possible baisse des taux lors de la r\u00e9union de la banque centrale de septembre, mais n&rsquo;a pas pris d&rsquo;engagement ferme, reconnaissant les risques croissants pour le march\u00e9 du travail tout en affirmant que la possibilit\u00e9 d&rsquo;une inflation plus \u00e9lev\u00e9e persistait.\n<\/p>\n<p>\n \u00ab\u00a0Si le march\u00e9 du travail semble \u00e9quilibr\u00e9, il s&rsquo;agit d&rsquo;un \u00e9quilibre curieux r\u00e9sultant d&rsquo;un ralentissement marqu\u00e9 de l&rsquo;offre et de la demande de travailleurs. Cette situation inhabituelle sugg\u00e8re que les risques de baisse de l&#8217;emploi augmentent. Et si ces risques se mat\u00e9rialisent, ils peuvent le faire rapidement\u00a0\u00bb, a d\u00e9clar\u00e9 Jerome Powell lors du symposium \u00e9conomique annuel de Jackson Hole, dans le Wyoming.\n<\/p>\n<p>\n \u00ab\u00a0Le pr\u00e9sident de la Fed, Powell, a pu \u00e9voquer la balance des risques et, par cons\u00e9quent, la pertinence d&rsquo;un \u00e9ventuel changement de politique\u00a0\u00bb, estime Art Hogan, strat\u00e8ge en chef des march\u00e9s chez B. Riley Wealth. Selon lui, c&rsquo;est un indice clair que le pr\u00e9sident de la Fed est ouvert \u00e0 l&rsquo;id\u00e9e de baisses de taux dans le futur.\n<\/p>\n<p>\n Par ailleurs, le pr\u00e9sident am\u00e9ricain Donald Trump a d\u00e9clar\u00e9 vendredi qu&rsquo;il limogerait Lisa Cook, membre du Conseil des gouverneurs de la R\u00e9serve f\u00e9d\u00e9rale am\u00e9ricaine (Fed), si elle ne pr\u00e9sentait pas sa d\u00e9mission, apr\u00e8s des accusations la visant pour fausse d\u00e9claration de r\u00e9sidence principale.\n<\/p>\n<p>\n VALEURS\n<\/p>\n<p>\n Akzo Nobel a grimp\u00e9 de plus de 6% alors que le fonds activiste Cevian a pris une participation de 3,02% dans le groupe n\u00e9erlandais de chimie. Cet investissement constitue un \u00ab\u00a0vote de confiance\u00a0\u00bb dans la strat\u00e9gie du groupe, selon Christian Faitz, analyste chez Kepler Cheuvreux.\n<\/p>\n<p>\n A WALL STREET\n<\/p>\n<p>\n \u00c0 l&rsquo;heure de la cl\u00f4ture en Europe, les \u00e9changes \u00e0 la Bourse de New York indiquaient une hausse de 2,09% pour le Dow Jones, de 1,59% pour le Standard &amp; Poor&rsquo;s 500 et de 1,86% pour le Nasdaq Composite.\n<\/p>\n<p>\n CHANGES\n<\/p>\n<p>\n Le dollar chute apr\u00e8s que le pr\u00e9sident de la Fed, Jerome Powell, a \u00e9voqu\u00e9 une possible baisse des taux lors de la r\u00e9union de la banque centrale en septembre, sans toutefois s&rsquo;engager fermement.\n<\/p>\n<p>\n Le dollar perd 0,91% face \u00e0 un panier de devises de r\u00e9f\u00e9rence.\n<\/p>\n<p>\n L&rsquo;euro gagne 0,97% \u00e0 1,1718 dollar.\n<\/p>\n<p>\n TAUX\n<\/p>\n<p>\n Les rendements am\u00e9ricains sont en baisse apr\u00e8s le discours du pr\u00e9sident de la Fed.\n<\/p>\n<p>\n Le rendement des Treasuries \u00e0 dix ans recule de 8,2 points de base \u00e0 4,2499%. Le deux ans abandonne 10,8 points de base \u00e0 3,6837%.\n<\/p>\n<p>\n Le rendement du Bund allemand \u00e0 dix ans abandonne 3,4 points de base \u00e0 2,7207%. Le deux ans recule de 2,5 points de base \u00e0 1,9504%.\n<\/p>\n<p>\n P\u00c9TROLE\n<\/p>\n<p>\n Les cours du brut sont en petite baisse, l&rsquo;espoir d&rsquo;une r\u00e9solution tr\u00e8s prochaine du conflit en Ukraine s&rsquo;\u00e9tant estomp\u00e9, ce qui augmente la prime de risque.\n<\/p>\n<p>\n Le Brent perd 0,15% \u00e0 67,57 dollars le baril et le brut l\u00e9ger am\u00e9ricain (West Texas Intermediate, WTI) abandonne 0,02% \u00e0 63,51 dollars.\n<\/p>\n<p>\n (R\u00e9dig\u00e9 par Mara V\u00eelcu, \u00e9dit\u00e9 par Kate Entringer)<\/p>\n","protected":false},"excerpt":{"rendered":"Bourse Euronext dans le quartier d&rsquo;affaires de La D\u00e9fense \u00e0 Paris par Mara Vilcu Les Bourses europ\u00e9ennes ont&hellip;\n","protected":false},"author":2,"featured_media":337164,"comment_status":"","ping_status":"","sticky":false,"template":"","format":"standard","meta":{"footnotes":""},"categories":[1586],"tags":[400,11,398,408,405,1777,674,1011,27,403,402,399,404,12,25,401,406,407],"class_list":{"0":"post-337163","1":"post","2":"type-post","3":"status-publish","4":"format-standard","5":"has-post-thumbnail","7":"category-europe","8":"tag-action-cac-40","9":"tag-actualites","10":"tag-bourse-de-paris","11":"tag-boursorama","12":"tag-cotations","13":"tag-eu","14":"tag-europe","15":"tag-fr","16":"tag-france","17":"tag-indices-devises","18":"tag-investir","19":"tag-investissement","20":"tag-marche-boursier","21":"tag-news","22":"tag-republique-francaise","23":"tag-sicav","24":"tag-trackers","25":"tag-warrants"},"share_on_mastodon":{"url":"https:\/\/pubeurope.com\/@fr\/115074776886362424","error":""},"_links":{"self":[{"href":"https:\/\/www.europesays.com\/fr\/wp-json\/wp\/v2\/posts\/337163","targetHints":{"allow":["GET"]}}],"collection":[{"href":"https:\/\/www.europesays.com\/fr\/wp-json\/wp\/v2\/posts"}],"about":[{"href":"https:\/\/www.europesays.com\/fr\/wp-json\/wp\/v2\/types\/post"}],"author":[{"embeddable":true,"href":"https:\/\/www.europesays.com\/fr\/wp-json\/wp\/v2\/users\/2"}],"replies":[{"embeddable":true,"href":"https:\/\/www.europesays.com\/fr\/wp-json\/wp\/v2\/comments?post=337163"}],"version-history":[{"count":0,"href":"https:\/\/www.europesays.com\/fr\/wp-json\/wp\/v2\/posts\/337163\/revisions"}],"wp:featuredmedia":[{"embeddable":true,"href":"https:\/\/www.europesays.com\/fr\/wp-json\/wp\/v2\/media\/337164"}],"wp:attachment":[{"href":"https:\/\/www.europesays.com\/fr\/wp-json\/wp\/v2\/media?parent=337163"}],"wp:term":[{"taxonomy":"category","embeddable":true,"href":"https:\/\/www.europesays.com\/fr\/wp-json\/wp\/v2\/categories?post=337163"},{"taxonomy":"post_tag","embeddable":true,"href":"https:\/\/www.europesays.com\/fr\/wp-json\/wp\/v2\/tags?post=337163"}],"curies":[{"name":"wp","href":"https:\/\/api.w.org\/{rel}","templated":true}]}}