{"id":337173,"date":"2025-08-22T22:32:20","date_gmt":"2025-08-22T22:32:20","guid":{"rendered":"https:\/\/www.europesays.com\/fr\/337173\/"},"modified":"2025-08-22T22:32:20","modified_gmt":"2025-08-22T22:32:20","slug":"les-francais-une-nouvelle-fois-en-grande-forme-aux-pays-bas","status":"publish","type":"post","link":"https:\/\/www.europesays.com\/fr\/337173\/","title":{"rendered":"Les Fran\u00e7ais une nouvelle fois en grande forme aux Pays-Bas"},"content":{"rendered":"<p>\t\t\t\t\t\t<img width=\"770\" height=\"556\" src=\"https:\/\/www.europesays.com\/fr\/wp-content\/uploads\/2025\/08\/afp__20250817__2229811228__v1__highres__vierumakifinnishchallengesupportedbyfinnishg-770x556.jpg\" class=\"img-responsive wp-post-image\" alt=\"\" decoding=\"async\" fetchpriority=\"high\"  \/>\t\t\t\t\t<\/p>\n<p>\t\t\t\t\t\t Partager cet article <\/p>\n<p class=\"screen-reader-text juiz_sps_maybe_hidden_text\">Partager la publication \u00ab\u00a0Les Fran\u00e7ais une nouvelle fois en grande forme aux Pays-Bas\u00a0\u00bb<\/p>\n<p><strong>Fort de sa belle semaine en Finlande, Andoni Etchenique (photo) est dans le top 5 \u00e0 mi-parcours au Dutch Futures en compagnie de Julien Sale. Mathieu Decottignies Lafon, Nathan Legendre et F\u00e9lix Mory suivent dans le top 15.<\/strong><\/p>\n<p>\t\t\t\t\t<a id=\"181426\" href=\"https:\/\/leclub-golf.com\/fr\/green-fees?online=1&amp;utm_source=golf+planete&amp;utm_medium=referral&amp;utm_campaign=green+fee+en+ligne&amp;utm_id=green+fee+en+ligne_golf+planete_referral_banner\" target=\"_blank\" rel=\"sponsorised nofollow noopener\"><img decoding=\"async\" src=\"data:image\/svg+xml,%3Csvg%20xmlns=\" http:=\"\" class=\"img-responsive\" alt=\"\" data-lazy-src=\"https:\/\/www.europesays.com\/fr\/wp-content\/uploads\/2025\/08\/leclubgolf-e09-effet-classique-1170x275png.png\"\/><\/a><\/p>\n<p><strong>Andoni Etchenique<\/strong> est en grande forme. <a href=\"https:\/\/www.golfplanete.com\/actualites\/david-law-simpose-devant-des-bleus-tres-actifs\/\" rel=\"nofollow noopener\" target=\"_blank\">Dans le top 5 la semaine pass\u00e9e<\/a>, le Basque poursuit sur sa lanc\u00e9e avec deux belles cartes de 68 (-3) et 69 (-2) sur le trac\u00e9 du <strong>Dutch<\/strong>. Celui qui dispose d\u2019une cat\u00e9gorie de jeu plus que partielle occupe la cinqui\u00e8me place provisoire \u00e0 deux coups des leaders <strong>Palmer Jackson<\/strong> et <strong>Pedro Figueiredo<\/strong>.<\/p>\n<p><strong>Julien Sale<\/strong> est lui aussi \u00e0 la cinqui\u00e8me place apr\u00e8s deux tours. Le vainqueur du <strong>Smart Infinity Philippine Open<\/strong> a enregistr\u00e9 un 68 (-3) ce vendredi, rythm\u00e9 par un eagle, deux birdies et un bogey.<\/p>\n<p>\t\t\t\t\t<a id=\"181417\" href=\"https:\/\/cabotbordeaux.com\/fr\/booking\/training-golf\" target=\"_blank\" rel=\"sponsorised nofollow noopener\"><img fetchpriority=\"high\" decoding=\"async\" src=\"https:\/\/www.europesays.com\/fr\/wp-content\/uploads\/2025\/08\/cabot-e04-stage-septembre-1170x275-1.gif\" class=\"img-responsive\" alt=\"\"\/><\/a><\/p>\n<blockquote class=\"twitter-tweet\">\n<p dir=\"ltr\" lang=\"en\">How the <a href=\"https:\/\/twitter.com\/hashtag\/DutchFutures?src=hash&amp;ref_src=twsrc%5Etfw\" rel=\"nofollow noopener\" target=\"_blank\">#DutchFutures<\/a> leaderboard looks with 36 holes to play \u26f3\ufe0f <a href=\"https:\/\/t.co\/9nWtuEYe43\" rel=\"nofollow\">pic.twitter.com\/9nWtuEYe43<\/a><\/p>\n<p>\u2014 HotelPlanner Tour (@HPlanner_Tour) <a href=\"https:\/\/twitter.com\/HPlanner_Tour\/status\/1958950140401918447?ref_src=twsrc%5Etfw\" rel=\"nofollow noopener\" target=\"_blank\">August 22, 2025<\/a><\/p>\n<\/blockquote>\n<p>\t\t\t\t\t<a id=\"182585\" href=\"https:\/\/www.golfcapdagde.com\/\" target=\"_blank\" rel=\"sponsorised nofollow noopener\"><img decoding=\"async\" src=\"data:image\/svg+xml,%3Csvg%20xmlns=\" http:=\"\" class=\"img-responsive\" alt=\"\" data-lazy-src=\"https:\/\/www.europesays.com\/fr\/wp-content\/uploads\/2025\/06\/capdagdegolf-e01-experience-golf-1170x275-1.gif\"\/><\/a><br \/>\nDix Fran\u00e7ais qualifi\u00e9s pour la suite<\/p>\n<p>D\u2019autres Fran\u00e7ais sont \u00e9galement dans le coup. Le trio <strong>Mathieu Decottignies Lafon, Nathan Legendre <\/strong>et<strong> F\u00e9lix Mory<\/strong> (-3) se partagent la onzi\u00e8me place \u00e0 deux longueurs de leurs compatriotes. <strong>Maxence Giboudot<\/strong> (-2, 20e) suit dans le top 20.<\/p>\n<p>Quatre autres Tricolores se sont \u00e9galement qualifi\u00e9s pour la suite : <strong>Oihan Guillamoundeguy, Bastien Amat<\/strong> (-1, 27es), <strong>Benjamin Kedochim et Julien Quesne<\/strong> (+1, 57es).<\/p>\n<p>\t\t\t\t\t<a id=\"181434\" href=\"https:\/\/www.omegaeuropeanmasters.com\/fr\/tickets\/tickets\" target=\"_blank\" rel=\"sponsorised nofollow noopener\"><img decoding=\"async\" src=\"data:image\/svg+xml,%3Csvg%20xmlns=\" http:=\"\" class=\"img-responsive\" alt=\"\" data-lazy-src=\"https:\/\/www.europesays.com\/fr\/wp-content\/uploads\/2025\/08\/omegamasters-e02-billetterie-om25-1170x275-1.jpg\"\/><\/a><br \/>\nLe leaderboard\u00a0<\/p>\n<p><img loading=\"lazy\" decoding=\"async\" class=\"alignnone wp-image-183046 size-image-largeur-770\" src=\"data:image\/svg+xml,%3Csvg%20xmlns=\" http:=\"\" alt=\"\" width=\"770\" height=\"438\" data-lazy- data-lazy- data-lazy-src=\"https:\/\/www.europesays.com\/fr\/wp-content\/uploads\/2025\/08\/capture-decran-2025-08-22-a-21.10.41-770x438.png\"\/><\/p>\n<p>Les autres Fran\u00e7ais<\/p>\n<p><img loading=\"lazy\" decoding=\"async\" class=\"alignnone wp-image-183047 size-image-largeur-770\" src=\"data:image\/svg+xml,%3Csvg%20xmlns=\" http:=\"\" alt=\"\" width=\"770\" height=\"440\" data-lazy- data-lazy- data-lazy-src=\"https:\/\/www.europesays.com\/fr\/wp-content\/uploads\/2025\/08\/capture-decran-2025-08-22-a-21.10.27-770x440.png\"\/><\/p>\n<p>\u00a9Photo par OCTAVIO PASSOS \/ GETTY IMAGES EUROPE \/ Getty Images via AFP<\/p>\n<p>\t\t\t<script async src=\"https:\/\/platform.twitter.com\/widgets.js\" charset=\"utf-8\"><\/script><\/p>\n","protected":false},"excerpt":{"rendered":"Partager cet article Partager la publication \u00ab\u00a0Les Fran\u00e7ais une nouvelle fois en grande forme aux Pays-Bas\u00a0\u00bb Fort de&hellip;\n","protected":false},"author":2,"featured_media":337174,"comment_status":"","ping_status":"","sticky":false,"template":"","format":"standard","meta":{"footnotes":""},"categories":[1418],"tags":[1011,27,1472,60],"class_list":{"0":"post-337173","1":"post","2":"type-post","3":"status-publish","4":"format-standard","5":"has-post-thumbnail","7":"category-golf","8":"tag-fr","9":"tag-france","10":"tag-golf","11":"tag-sports"},"share_on_mastodon":{"url":"https:\/\/pubeurope.com\/@fr\/115074796348447167","error":""},"_links":{"self":[{"href":"https:\/\/www.europesays.com\/fr\/wp-json\/wp\/v2\/posts\/337173","targetHints":{"allow":["GET"]}}],"collection":[{"href":"https:\/\/www.europesays.com\/fr\/wp-json\/wp\/v2\/posts"}],"about":[{"href":"https:\/\/www.europesays.com\/fr\/wp-json\/wp\/v2\/types\/post"}],"author":[{"embeddable":true,"href":"https:\/\/www.europesays.com\/fr\/wp-json\/wp\/v2\/users\/2"}],"replies":[{"embeddable":true,"href":"https:\/\/www.europesays.com\/fr\/wp-json\/wp\/v2\/comments?post=337173"}],"version-history":[{"count":0,"href":"https:\/\/www.europesays.com\/fr\/wp-json\/wp\/v2\/posts\/337173\/revisions"}],"wp:featuredmedia":[{"embeddable":true,"href":"https:\/\/www.europesays.com\/fr\/wp-json\/wp\/v2\/media\/337174"}],"wp:attachment":[{"href":"https:\/\/www.europesays.com\/fr\/wp-json\/wp\/v2\/media?parent=337173"}],"wp:term":[{"taxonomy":"category","embeddable":true,"href":"https:\/\/www.europesays.com\/fr\/wp-json\/wp\/v2\/categories?post=337173"},{"taxonomy":"post_tag","embeddable":true,"href":"https:\/\/www.europesays.com\/fr\/wp-json\/wp\/v2\/tags?post=337173"}],"curies":[{"name":"wp","href":"https:\/\/api.w.org\/{rel}","templated":true}]}}