{"id":337177,"date":"2025-08-22T22:35:11","date_gmt":"2025-08-22T22:35:11","guid":{"rendered":"https:\/\/www.europesays.com\/fr\/337177\/"},"modified":"2025-08-22T22:35:11","modified_gmt":"2025-08-22T22:35:11","slug":"sinner-affirme-aller-mieux-avant-son-entree-en-lice","status":"publish","type":"post","link":"https:\/\/www.europesays.com\/fr\/337177\/","title":{"rendered":"Sinner affirme aller mieux avant son entr\u00e9e en lice"},"content":{"rendered":"<p class=\"date\">\n                                                            Mathieu Warnier, Media365, publi\u00e9 le vendredi 22 ao\u00fbt 2025 \u00e0 23h00\n                                                    <\/p>\n<p>Affaibli par un virus qui l&rsquo;a contraint \u00e0 abandonner en finale du Masters 1000 de Cincinnati, Jannik Sinner a tenu \u00e0 rassurer en conf\u00e9rence de presse, ajoutant qu&rsquo;il ne sera pas \u00e0 100% pour entamer l&rsquo;US Open.<\/p>\n<p>Jannik Sinner sera bien l\u00e0. Apr\u00e8s son abandon en finale du Masters 1000 de Cincinnati contre Carlos Alcaraz, le num\u00e9ro 1 mondial s&rsquo;est pr\u00e9sent\u00e9 face \u00e0 la presse \u00e0 deux jours de l&rsquo;ouverture de l&rsquo;US Open. Interrog\u00e9 sur l&rsquo;origine du mal qui l&rsquo;a contraint \u00e0 jeter l&rsquo;\u00e9ponge dans l&rsquo;Ohio, le natif de San Candido a \u00e9voqu\u00e9 un \u00ab\u00a0virus\u00a0\u00bb dont il n&rsquo;a pas \u00e9t\u00e9 la seule victime. \u00ab\u00a0D&rsquo;autres joueurs l&rsquo;ont aussi attrap\u00e9\u00a0\u00bb, a ainsi d\u00e9clar\u00e9 le tenant du titre \u00e0 Flushing Meadows. N\u00e9anmoins, le Transalpin a affirm\u00e9 \u00eatre en meilleure forme \u00e0 l&rsquo;approche de la derni\u00e8re lev\u00e9e du Grand Chelem en 2025. \u00ab\u00a0J&rsquo;ai pris du repos et je suis presque gu\u00e9ri, je devrais \u00eatre pr\u00eat pour le d\u00e9but du tournoi\u00a0\u00bb, a-t-il d\u00e9clar\u00e9 dans des propos recueillis par l&rsquo;AFP. N\u00e9anmoins, il conc\u00e8de qu&rsquo;il ne sera \u00e0 \u00ab\u00a0100%\u00a0\u00bb pour son entr\u00e9e en lice face au 87eme joueur au classement ATP, le Tch\u00e8que Vit Kopriva. Alors qu&rsquo;il a vite balay\u00e9 les questions concernant le retour \u00e0 ses c\u00f4t\u00e9s du pr\u00e9parateur physique Umberto Ferrara, assurant avoir \u00ab\u00a0tout dit dans le communiqu\u00e9\u00a0\u00bb concernant ce rapprochement.<\/p>\n<p>Sinner ne se focalise pas sur Alcaraz<\/p>\n<p>Il a toutefois ajout\u00e9 ne pas vouloir \u00ab faire davantage de commentaires \u00bb et affirmer que \u00ab le sujet est clos \u00bb, Jannik Sinner s&rsquo;est montr\u00e9 plus prolixe au sujet de sa rivalit\u00e9 avec Carlos Alcaraz, qu&rsquo;il consid\u00e8re volontiers comme \u00ab bonne pour le tennis \u00bb. N\u00e9anmoins, il assure que cette \u00e9dition 2025 de l&rsquo;US Open ne se r\u00e9sumera pas \u00e0 leur duel attendu en finale le 8 septembre prochain. \u00ab Pour le moment, Carlos et moi, on se partage les gros troph\u00e9es, mais les choses peuvent \u00e9voluer, a lanc\u00e9 le num\u00e9ro 1 mondial face aux journalistes. Si nous ne continuons pas \u00e0 nous am\u00e9liorer, d&rsquo;autres joueurs nous rattraperont, c&rsquo;est juste une question de temps. \u00bb Ne cachant pas que l&rsquo;Espagnol et lui ont \u00ab des styles de jeu diff\u00e9rents \u00bb mais \u00e9galement qu&rsquo;ils agissent \u00ab diff\u00e9remment sur le court et en dehors \u00bb, Jannik Sinner estime que ces diff\u00e9rences rendent cette rivalit\u00e9 \u00ab int\u00e9ressante \u00bb. Enfin, \u00e9voquant les potentiels points communs entre eux, le Transalpin n&rsquo;en voit qu&rsquo;un seul. \u00ab Nous nous entra\u00eenons dur tous les deux \u00bb, a-t-il conclu dans un sourire. Il reste maintenant \u00e0 voir comment le tournoi va se d\u00e9rouler en vue d&rsquo;une troisi\u00e8me finale en Grand Chelem cons\u00e9cutive entre eux.<\/p>\n","protected":false},"excerpt":{"rendered":"Mathieu Warnier, Media365, publi\u00e9 le vendredi 22 ao\u00fbt 2025 \u00e0 23h00 Affaibli par un virus qui l&rsquo;a contraint&hellip;\n","protected":false},"author":2,"featured_media":337178,"comment_status":"","ping_status":"","sticky":false,"template":"","format":"standard","meta":{"footnotes":""},"categories":[1415],"tags":[1011,27,60,1467],"class_list":{"0":"post-337177","1":"post","2":"type-post","3":"status-publish","4":"format-standard","5":"has-post-thumbnail","7":"category-tennis","8":"tag-fr","9":"tag-france","10":"tag-sports","11":"tag-tennis"},"share_on_mastodon":{"url":"https:\/\/pubeurope.com\/@fr\/115074808092640504","error":""},"_links":{"self":[{"href":"https:\/\/www.europesays.com\/fr\/wp-json\/wp\/v2\/posts\/337177","targetHints":{"allow":["GET"]}}],"collection":[{"href":"https:\/\/www.europesays.com\/fr\/wp-json\/wp\/v2\/posts"}],"about":[{"href":"https:\/\/www.europesays.com\/fr\/wp-json\/wp\/v2\/types\/post"}],"author":[{"embeddable":true,"href":"https:\/\/www.europesays.com\/fr\/wp-json\/wp\/v2\/users\/2"}],"replies":[{"embeddable":true,"href":"https:\/\/www.europesays.com\/fr\/wp-json\/wp\/v2\/comments?post=337177"}],"version-history":[{"count":0,"href":"https:\/\/www.europesays.com\/fr\/wp-json\/wp\/v2\/posts\/337177\/revisions"}],"wp:featuredmedia":[{"embeddable":true,"href":"https:\/\/www.europesays.com\/fr\/wp-json\/wp\/v2\/media\/337178"}],"wp:attachment":[{"href":"https:\/\/www.europesays.com\/fr\/wp-json\/wp\/v2\/media?parent=337177"}],"wp:term":[{"taxonomy":"category","embeddable":true,"href":"https:\/\/www.europesays.com\/fr\/wp-json\/wp\/v2\/categories?post=337177"},{"taxonomy":"post_tag","embeddable":true,"href":"https:\/\/www.europesays.com\/fr\/wp-json\/wp\/v2\/tags?post=337177"}],"curies":[{"name":"wp","href":"https:\/\/api.w.org\/{rel}","templated":true}]}}