{"id":337185,"date":"2025-08-22T22:40:09","date_gmt":"2025-08-22T22:40:09","guid":{"rendered":"https:\/\/www.europesays.com\/fr\/337185\/"},"modified":"2025-08-22T22:40:09","modified_gmt":"2025-08-22T22:40:09","slug":"nottingham-forest-fait-une-nouvelle-offre-pour-soungoutou-magassa","status":"publish","type":"post","link":"https:\/\/www.europesays.com\/fr\/337185\/","title":{"rendered":"Nottingham Forest fait une nouvelle offre pour Soungoutou Magassa"},"content":{"rendered":"<p>En cette fin de mercato, l\u2019AS Monaco est \u00e0 la recherche de fonds. Apr\u00e8s avoir r\u00e9alis\u00e9 un mercato ambitieux, le club as\u00e9miste cherche \u00e0 rentrer dans les clous financi\u00e8rement. En ce sens, plusieurs de ses joueurs les mieux valoris\u00e9s sont courtis\u00e9s. C\u2019est le cas de <a href=\"https:\/\/www.footmercato.net\/joueur\/soungoutou-magassa\/\" rel=\"nofollow noopener\" target=\"_blank\">Soungoutou Magassa<\/a>. <a href=\"https:\/\/www.footmercato.net\/a770293464084062635-monaco-repousse-une-offre-de-19-meur-pour-magassa\" rel=\"nofollow noopener\" target=\"_blank\">Comme nous vous le r\u00e9v\u00e9lions un peu plus t\u00f4t ce vendredi<\/a>, le milieu polyvalent de 21 ans a fait l\u2019objet d\u2019une offre de 16 millions d\u2019euros (plus 3 de bonus) de <a href=\"https:\/\/www.footmercato.net\/club\/west-ham-united\/\" rel=\"nofollow noopener\" target=\"_blank\">West Ham<\/a>. <\/p>\n<p>            La suite apr\u00e8s cette publicit\u00e9<\/p>\n<p>Un dossier qui ne cesse de s\u2019emballer ces derni\u00e8res heures. Alors que cette offre des Hammers a \u00e9t\u00e9 repouss\u00e9e comme nous l\u2019attestions il y a quelques heures, Nottingham Forest est revenu \u00e0 la charge pour s\u2019offrir le Mon\u00e9gasque. D\u2019apr\u00e8s nos derni\u00e8res indiscr\u00e9tions, les Tricky Trees ont mis 17 millions d\u2019euros fixes sur la table. Un montant qui n\u2019a pas encore \u00e9t\u00e9 repouss\u00e9 par les dirigeants du club de la Principaut\u00e9. Affaire \u00e0 suivre donc\u2026<\/p>\n<p>\n    Pub. le 22\/08\/2025 21:35<br \/>\n            &#8211; MAJ le 22\/08\/2025 23:56\n    <\/p>\n","protected":false},"excerpt":{"rendered":"En cette fin de mercato, l\u2019AS Monaco est \u00e0 la recherche de fonds. Apr\u00e8s avoir r\u00e9alis\u00e9 un mercato&hellip;\n","protected":false},"author":2,"featured_media":337186,"comment_status":"","ping_status":"","sticky":false,"template":"","format":"standard","meta":{"footnotes":""},"categories":[1410],"tags":[63,1011,27,60],"class_list":{"0":"post-337185","1":"post","2":"type-post","3":"status-publish","4":"format-standard","5":"has-post-thumbnail","7":"category-football","8":"tag-football","9":"tag-fr","10":"tag-france","11":"tag-sports"},"share_on_mastodon":{"url":"https:\/\/pubeurope.com\/@fr\/115074827913893254","error":""},"_links":{"self":[{"href":"https:\/\/www.europesays.com\/fr\/wp-json\/wp\/v2\/posts\/337185","targetHints":{"allow":["GET"]}}],"collection":[{"href":"https:\/\/www.europesays.com\/fr\/wp-json\/wp\/v2\/posts"}],"about":[{"href":"https:\/\/www.europesays.com\/fr\/wp-json\/wp\/v2\/types\/post"}],"author":[{"embeddable":true,"href":"https:\/\/www.europesays.com\/fr\/wp-json\/wp\/v2\/users\/2"}],"replies":[{"embeddable":true,"href":"https:\/\/www.europesays.com\/fr\/wp-json\/wp\/v2\/comments?post=337185"}],"version-history":[{"count":0,"href":"https:\/\/www.europesays.com\/fr\/wp-json\/wp\/v2\/posts\/337185\/revisions"}],"wp:featuredmedia":[{"embeddable":true,"href":"https:\/\/www.europesays.com\/fr\/wp-json\/wp\/v2\/media\/337186"}],"wp:attachment":[{"href":"https:\/\/www.europesays.com\/fr\/wp-json\/wp\/v2\/media?parent=337185"}],"wp:term":[{"taxonomy":"category","embeddable":true,"href":"https:\/\/www.europesays.com\/fr\/wp-json\/wp\/v2\/categories?post=337185"},{"taxonomy":"post_tag","embeddable":true,"href":"https:\/\/www.europesays.com\/fr\/wp-json\/wp\/v2\/tags?post=337185"}],"curies":[{"name":"wp","href":"https:\/\/api.w.org\/{rel}","templated":true}]}}