{"id":337189,"date":"2025-08-22T22:42:09","date_gmt":"2025-08-22T22:42:09","guid":{"rendered":"https:\/\/www.europesays.com\/fr\/337189\/"},"modified":"2025-08-22T22:42:09","modified_gmt":"2025-08-22T22:42:09","slug":"creteil-le-laboratoire-darchitecture-des-annees-70","status":"publish","type":"post","link":"https:\/\/www.europesays.com\/fr\/337189\/","title":{"rendered":"Cr\u00e9teil, le laboratoire d&rsquo;architecture des ann\u00e9es 70"},"content":{"rendered":"<p class=\"PopSlotParagraph qg-tx2 qg-xtra-lh svelte-1r0pyek\"><strong>L\u2019histoire qui raconte la ville<\/strong><\/p>\n<p class=\"PopSlotParagraph qg-tx2 qg-xtra-lh svelte-1r0pyek\">Longtemps petite ville agricole, Cr\u00e9teil est m\u00e9tamorphos\u00e9e apr\u00e8s la Seconde Guerre mondiale avec la construction du quartier du Mont-Mesly, symbole des grands ensembles. En 1965, la ville devient pr\u00e9fecture du Val-de-Marne et change radicalement de visage sous l&rsquo;impulsion de l&rsquo;architecte Pierre Dufau. Architecture expressive, couleurs vives, fresques de Vasarely\u00a0: Cr\u00e9teil devient un mus\u00e9e \u00e0 ciel ouvert d&rsquo;architecture des ann\u00e9es 70.<\/p>\n<p class=\"PopSlotParagraph qg-tx2 qg-xtra-lh svelte-1r0pyek\"><strong>Trois \u00e9tapes gratuites (ou presque) pour d\u00e9couvrir la ville<\/strong><\/p>\n<ul>\n<li><strong>Les Choux du quartier du Palais.<\/strong> Ces tours embl\u00e9matiques aux balcons en forme de feuilles de choux, imagin\u00e9es par G\u00e9rard Grandval, sont l\u2019une des ic\u00f4nes de l\u2019architecture brutaliste fran\u00e7aise. Juste \u00e0 c\u00f4t\u00e9, le Palais de justice postmoderne et le Cin\u00e9ma du Palais forment un ensemble culturel et symbolique unique.<\/li>\n<li><strong>Le lac de Cr\u00e9teil.<\/strong> Ancienne carri\u00e8re de gravier transform\u00e9e en base de loisirs, le lac est entour\u00e9 de chemins pi\u00e9tons et de zones bois\u00e9es. On peut y marcher, pagayer, ou m\u00eame naviguer sur des petits voiliers.<\/li>\n<li><strong>Les bords de Marne.<\/strong> Depuis Cr\u00e9teil, les berges offrent une longue promenade ombrag\u00e9e jusqu&rsquo;\u00e0 Saint-Maur ou Nogent. On y trouve des guinguettes, des zones de baignade estivales, et m\u00eame de somptueuses villas au bord du fleuve.<\/li>\n<\/ul>\n<p class=\"PopSlotParagraph qg-tx2 qg-xtra-lh svelte-1r0pyek\"><strong>Le petit truc en plus<\/strong><\/p>\n<p class=\"PopSlotParagraph qg-tx2 qg-xtra-lh svelte-1r0pyek\">Place Salvador Allende, surnomm\u00e9e La Plazza, est un spot de skate embl\u00e9matique de l\u2019Est parisien. Avec ses plans inclin\u00e9s, son parvis lisse et ses marches, elle attire les skaters et les curieux des environs.<\/p>\n<p> Ce que les auditeurs recommandent<\/p>\n<p class=\"PopSlotParagraph qg-tx2 qg-xtra-lh svelte-1r0pyek\">\u2013 Fl\u00e2ner autour de <strong>Cr\u00e9teil Soleil<\/strong>, lieu de rendez-vous des ados dans les ann\u00e9es 90, immortalis\u00e9 par <strong>Eddy de Pretto<\/strong> et mentionn\u00e9 dans le roman My Love Supr\u00eame de <strong>Philippe Di Folco<\/strong>\u00a0; et red\u00e9couvrir la <strong>dalle de l\u2019H\u00f4tel de Ville<\/strong>, cadre d\u2019un clip de <strong>Philippe Katerine<\/strong>.<br \/>\u2013 Se balader sur les <strong>bords de Marne<\/strong>, notamment au niveau de <strong>l\u2019\u00eele Sainte-Catherine<\/strong>, avec ses villas somptueuses plongeant dans l\u2019eau.<br \/>\u2013 Photographier les <strong>Choux de Cr\u00e9teil<\/strong> et la <strong>pyramide invers\u00e9e<\/strong> qui accueillait les anciens locaux de l&rsquo;entreprise Pernod-Ricard, exemples saisissants de l\u2019architecture locale.<br \/>\u2013 Aller au <strong>cin\u00e9ma La Lucarne<\/strong> ou red\u00e9couvrir les salles du <strong>cin\u00e9ma du Palais<\/strong>.<br \/>\u2013 S\u2019\u00e9vader aux alentours avec une escapade au <strong>MAC VAL \u00e0 Vitry<\/strong> ou au <strong>Ch\u00e2teau de Vincennes<\/strong>, non loin.<\/p>\n<p> Programmation musicale<\/p>\n<ul>\n<li>Katerine \u2014 Une chambre \u00e0 moi<\/li>\n<li>Viagra Boys \u2014 Uno II<\/li>\n<li>Isha \u2014 Caesars Palace<\/li>\n<li>MC Solaar \u2014 B\u00e9n\u00e9dictions<\/li>\n<li>Zaho de Sagazan \u2014 Est-ce que tu vas bien\u00a0?<\/li>\n<li>Perfume Genius \u2014 It\u2019s a Mirror<\/li>\n<li>Phoenix \u2014 1901<\/li>\n<li>Olivia Dean \u2014 Nice to Each Other<\/li>\n<li>Mac Miller + Anderson .Paak \u2014 Dang!<\/li>\n<li>Ghoula \u2014 Addit<\/li>\n<li>David et Jonathan \u2014 Est-ce que tu viens pour les vacances\u00a0?<\/li>\n<\/ul>\n","protected":false},"excerpt":{"rendered":"L\u2019histoire qui raconte la ville Longtemps petite ville agricole, Cr\u00e9teil est m\u00e9tamorphos\u00e9e apr\u00e8s la Seconde Guerre mondiale avec&hellip;\n","protected":false},"author":2,"featured_media":286995,"comment_status":"","ping_status":"","sticky":false,"template":"","format":"standard","meta":{"footnotes":""},"categories":[1358],"tags":[1348,1384,1385,1386,58,59,1011,27],"class_list":{"0":"post-337189","1":"post","2":"type-post","3":"status-publish","4":"format-standard","5":"has-post-thumbnail","7":"category-arts-et-design","8":"tag-arts","9":"tag-arts-and-design","10":"tag-arts-et-design","11":"tag-design","12":"tag-divertissement","13":"tag-entertainment","14":"tag-fr","15":"tag-france"},"share_on_mastodon":{"url":"https:\/\/pubeurope.com\/@fr\/115074835617166832","error":""},"_links":{"self":[{"href":"https:\/\/www.europesays.com\/fr\/wp-json\/wp\/v2\/posts\/337189","targetHints":{"allow":["GET"]}}],"collection":[{"href":"https:\/\/www.europesays.com\/fr\/wp-json\/wp\/v2\/posts"}],"about":[{"href":"https:\/\/www.europesays.com\/fr\/wp-json\/wp\/v2\/types\/post"}],"author":[{"embeddable":true,"href":"https:\/\/www.europesays.com\/fr\/wp-json\/wp\/v2\/users\/2"}],"replies":[{"embeddable":true,"href":"https:\/\/www.europesays.com\/fr\/wp-json\/wp\/v2\/comments?post=337189"}],"version-history":[{"count":0,"href":"https:\/\/www.europesays.com\/fr\/wp-json\/wp\/v2\/posts\/337189\/revisions"}],"wp:featuredmedia":[{"embeddable":true,"href":"https:\/\/www.europesays.com\/fr\/wp-json\/wp\/v2\/media\/286995"}],"wp:attachment":[{"href":"https:\/\/www.europesays.com\/fr\/wp-json\/wp\/v2\/media?parent=337189"}],"wp:term":[{"taxonomy":"category","embeddable":true,"href":"https:\/\/www.europesays.com\/fr\/wp-json\/wp\/v2\/categories?post=337189"},{"taxonomy":"post_tag","embeddable":true,"href":"https:\/\/www.europesays.com\/fr\/wp-json\/wp\/v2\/tags?post=337189"}],"curies":[{"name":"wp","href":"https:\/\/api.w.org\/{rel}","templated":true}]}}