{"id":337198,"date":"2025-08-22T22:47:18","date_gmt":"2025-08-22T22:47:18","guid":{"rendered":"https:\/\/www.europesays.com\/fr\/337198\/"},"modified":"2025-08-22T22:47:18","modified_gmt":"2025-08-22T22:47:18","slug":"en-proie-a-une-importante-epidemie-la-chine-sort-les-grands-moyens","status":"publish","type":"post","link":"https:\/\/www.europesays.com\/fr\/337198\/","title":{"rendered":"en proie \u00e0 une importante \u00e9pid\u00e9mie, la Chine sort les grands moyens"},"content":{"rendered":"<p>                         <img loading=\"lazy\" decoding=\"async\" src=\"https:\/\/www.europesays.com\/fr\/wp-content\/uploads\/2025\/08\/4911ed9_ftp-import-images-1-ldnkh0hpxrfy-2025-08-07t051637z-832288374-rc232gafsrga-rtrmadp-3-health-.jpeg\" alt=\"Un ouvrier pulv\u00e9rise un insecticide \u00e0 Hongkong, apr\u00e8s l\u2019annonce de cas import\u00e9s de chikungunya, le 7\u00a0ao\u00fbt 2025. \"   width=\"664\" height=\"443\"\/>    Un ouvrier pulv\u00e9rise un insecticide \u00e0 Hongkong, apr\u00e8s l\u2019annonce de cas import\u00e9s de chikungunya, le 7\u00a0ao\u00fbt 2025.  TYRONE SIU \/ REUTERS                 <\/p>\n<p class=\"article__paragraph  \">Depuis le 16\u00a0juin, la province du Guangdong, dans le sud de la Chine, est confront\u00e9e \u00e0 une flamb\u00e9e in\u00e9dite de chikungunya. Ce virus transmissible par les moustiques et provoquant fi\u00e8vre \u00e9lev\u00e9e et douleurs articulaires intenses a d\u00e9j\u00e0 infect\u00e9 plus de 9\u00a0933 personnes \u00e0 la date du 17\u00a0ao\u00fbt \u2013 la communication des chiffres \u00e9tant hebdomadaire \u2013, principalement dans la ville industrielle de Foshan, mais aussi dans la m\u00e9gapole de Canton, \u00e0 une trentaine de kilom\u00e8tres. Le 15\u00a0ao\u00fbt, un cas a aussi \u00e9t\u00e9 d\u00e9tect\u00e9 \u00e0 Hongkong, chez un homme de 23\u00a0ans qui avait s\u00e9journ\u00e9 sur le continent deux semaines plus t\u00f4t.<\/p>\n<p class=\"article__paragraph  \">La mousson, particuli\u00e8rement violente en 2025, a provoqu\u00e9 des inondations massives entre le 25\u00a0juin et le 10\u00a0juillet \u00e0 travers la r\u00e9gion. A Foshan et \u00e0 Canton, les pluies torrentielles ont transform\u00e9 des routes en torrents boueux, favorisant la prolif\u00e9ration des moustiques dans les eaux stagnantes et la propagation du virus.<\/p>\n<p class=\"article__paragraph  \">Pr\u00e9sent depuis quelques ann\u00e9es dans le sud de la Chine, le moustique Aedes albopictus impliqu\u00e9 ici apporte d\u00e9j\u00e0 r\u00e9guli\u00e8rement la dengue (16\u00a0000 cas l\u2019an dernier). Pour Huang Cunrui, professeur de sant\u00e9 publique \u00e0 l\u2019universit\u00e9 Tsinghua, \u00ab\u00a0cette fi\u00e8vre du chikungunya se propage d\u2019autant plus facilement que la population chinoise manque d\u2019immunit\u00e9 et que le commerce international va croissant\u00a0\u00bb. Il\u00a0note \u00ab\u00a0le r\u00f4le du r\u00e9chauffement climatique dans le rallongement de la saison des moustiques\u00a0\u00bb, avec le risque que la dengue comme le chikungunya passent du statut de maladies transmissibles import\u00e9es \u00e0 celui d\u2019\u00e9pid\u00e9mies end\u00e9miques.<\/p>\n<p class=\"reading-mode-only \"><strong>Il vous reste 67.37% de cet article \u00e0 lire. La suite est r\u00e9serv\u00e9e aux abonn\u00e9s.<\/strong><\/p>\n","protected":false},"excerpt":{"rendered":"Un ouvrier pulv\u00e9rise un insecticide \u00e0 Hongkong, apr\u00e8s l\u2019annonce de cas import\u00e9s de chikungunya, le 7\u00a0ao\u00fbt 2025. TYRONE&hellip;\n","protected":false},"author":2,"featured_media":337199,"comment_status":"","ping_status":"","sticky":false,"template":"","format":"standard","meta":{"footnotes":""},"categories":[10],"tags":[1011,27,72,71],"class_list":{"0":"post-337198","1":"post","2":"type-post","3":"status-publish","4":"format-standard","5":"has-post-thumbnail","7":"category-sante","8":"tag-fr","9":"tag-france","10":"tag-health","11":"tag-sante"},"share_on_mastodon":{"url":"https:\/\/pubeurope.com\/@fr\/115074855612565310","error":""},"_links":{"self":[{"href":"https:\/\/www.europesays.com\/fr\/wp-json\/wp\/v2\/posts\/337198","targetHints":{"allow":["GET"]}}],"collection":[{"href":"https:\/\/www.europesays.com\/fr\/wp-json\/wp\/v2\/posts"}],"about":[{"href":"https:\/\/www.europesays.com\/fr\/wp-json\/wp\/v2\/types\/post"}],"author":[{"embeddable":true,"href":"https:\/\/www.europesays.com\/fr\/wp-json\/wp\/v2\/users\/2"}],"replies":[{"embeddable":true,"href":"https:\/\/www.europesays.com\/fr\/wp-json\/wp\/v2\/comments?post=337198"}],"version-history":[{"count":0,"href":"https:\/\/www.europesays.com\/fr\/wp-json\/wp\/v2\/posts\/337198\/revisions"}],"wp:featuredmedia":[{"embeddable":true,"href":"https:\/\/www.europesays.com\/fr\/wp-json\/wp\/v2\/media\/337199"}],"wp:attachment":[{"href":"https:\/\/www.europesays.com\/fr\/wp-json\/wp\/v2\/media?parent=337198"}],"wp:term":[{"taxonomy":"category","embeddable":true,"href":"https:\/\/www.europesays.com\/fr\/wp-json\/wp\/v2\/categories?post=337198"},{"taxonomy":"post_tag","embeddable":true,"href":"https:\/\/www.europesays.com\/fr\/wp-json\/wp\/v2\/tags?post=337198"}],"curies":[{"name":"wp","href":"https:\/\/api.w.org\/{rel}","templated":true}]}}