{"id":337210,"date":"2025-08-22T22:53:13","date_gmt":"2025-08-22T22:53:13","guid":{"rendered":"https:\/\/www.europesays.com\/fr\/337210\/"},"modified":"2025-08-22T22:53:13","modified_gmt":"2025-08-22T22:53:13","slug":"une-famille-lourdement-touchee-par-les-orages-dans-les-deux-sevres","status":"publish","type":"post","link":"https:\/\/www.europesays.com\/fr\/337210\/","title":{"rendered":"une famille lourdement touch\u00e9e par les orages dans les Deux-S\u00e8vres"},"content":{"rendered":"<p>\u00ab\u00a0Les fondations de la maison s\u2019effondrent, le sol s\u2019affaisse.\u00a0\u00bb C\u2019est le constat d\u2019une famille victime <a title=\"\u00ab De l\u2019eau jusqu\u2019au pare-chocs \u00bb : dans les Deux-S\u00e8vres, les habitants surpris par les tr\u00e8s fortes pluies\" target=\"_self\" href=\"https:\/\/www.lanouvellerepublique.fr\/deux-sevres\/commune\/amailloux\/de-l-eau-jusqu-au-pare-chocs-dans-les-deux-sevres-les-habitants-surpris-par-les-tres-fortes-pluies-1755787787\" rel=\"nofollow noopener\">des pluies diluviennes<\/a> qui se sont abattues mercredi 20\u00a0ao\u00fbt dans les Deux-S\u00e8vres. Dans le village de Tillou \u00e0 Chef-Boutonne, Val\u00e9rie et Claude Partaud ont vu l\u2019eau s\u2019infiltrer chez eux, impuissants. Les d\u00e9g\u00e2ts sont nombreux. Leur fille lance une cagnotte pour les soutenir&#8230;. <\/p>\n<p>    Cet article a \u00e9t\u00e9 tronqu\u00e9. Abonnez-vous pour lire l&rsquo;article complet sur notre site.<\/p>\n<p style=\"margin: 0 !important; padding: 0 !important; font-size: 12px !important;\">Cet article a \u00e9t\u00e9 tronqu\u00e9. Abonnez-vous pour lire l&rsquo;article complet.<\/p>\n<p>    <a href=\"https:\/\/www.lanouvellerepublique.fr\/abonnements\" style=\"display: inline-block; margin-top: 5px !important; padding: 6px 12px !important; background: #cb1c27; color: white; text-decoration: none; border-radius: 4px; font-size: 12px !important;\" rel=\"nofollow noopener\" target=\"_blank\"><br \/>\n      S&rsquo;abonner<br \/>\n    <\/a><\/p>\n","protected":false},"excerpt":{"rendered":"\u00ab\u00a0Les fondations de la maison s\u2019effondrent, le sol s\u2019affaisse.\u00a0\u00bb C\u2019est le constat d\u2019une famille victime des pluies diluviennes&hellip;\n","protected":false},"author":2,"featured_media":337211,"comment_status":"","ping_status":"","sticky":false,"template":"","format":"standard","meta":{"footnotes":""},"categories":[4],"tags":[1392,11,2545,436,652,1011,27,2839,6756,2487,12,25,47357,2086],"class_list":{"0":"post-337210","1":"post","2":"type-post","3":"status-publish","4":"format-standard","5":"has-post-thumbnail","7":"category-france","8":"tag-a-la-une-local","9":"tag-actualites","10":"tag-deux-sevres","11":"tag-environnement","12":"tag-famille","13":"tag-fr","14":"tag-france","15":"tag-inondations","16":"tag-melle","17":"tag-meteo","18":"tag-news","19":"tag-republique-francaise","20":"tag-tillou","21":"tag-travaux"},"share_on_mastodon":{"url":"https:\/\/pubeurope.com\/@fr\/115074878913793306","error":""},"_links":{"self":[{"href":"https:\/\/www.europesays.com\/fr\/wp-json\/wp\/v2\/posts\/337210","targetHints":{"allow":["GET"]}}],"collection":[{"href":"https:\/\/www.europesays.com\/fr\/wp-json\/wp\/v2\/posts"}],"about":[{"href":"https:\/\/www.europesays.com\/fr\/wp-json\/wp\/v2\/types\/post"}],"author":[{"embeddable":true,"href":"https:\/\/www.europesays.com\/fr\/wp-json\/wp\/v2\/users\/2"}],"replies":[{"embeddable":true,"href":"https:\/\/www.europesays.com\/fr\/wp-json\/wp\/v2\/comments?post=337210"}],"version-history":[{"count":0,"href":"https:\/\/www.europesays.com\/fr\/wp-json\/wp\/v2\/posts\/337210\/revisions"}],"wp:featuredmedia":[{"embeddable":true,"href":"https:\/\/www.europesays.com\/fr\/wp-json\/wp\/v2\/media\/337211"}],"wp:attachment":[{"href":"https:\/\/www.europesays.com\/fr\/wp-json\/wp\/v2\/media?parent=337210"}],"wp:term":[{"taxonomy":"category","embeddable":true,"href":"https:\/\/www.europesays.com\/fr\/wp-json\/wp\/v2\/categories?post=337210"},{"taxonomy":"post_tag","embeddable":true,"href":"https:\/\/www.europesays.com\/fr\/wp-json\/wp\/v2\/tags?post=337210"}],"curies":[{"name":"wp","href":"https:\/\/api.w.org\/{rel}","templated":true}]}}