{"id":337226,"date":"2025-08-22T23:04:28","date_gmt":"2025-08-22T23:04:28","guid":{"rendered":"https:\/\/www.europesays.com\/fr\/337226\/"},"modified":"2025-08-22T23:04:28","modified_gmt":"2025-08-22T23:04:28","slug":"national-versailles-recu-trois-sur-trois-sochaux-surpris-a-rouen-national-j3","status":"publish","type":"post","link":"https:\/\/www.europesays.com\/fr\/337226\/","title":{"rendered":"National : Versailles re\u00e7u trois sur trois, Sochaux surpris \u00e0 Rouen &#8211; National &#8211; J3"},"content":{"rendered":"<p>Versailles ne rigole pas du tout.<\/p>\n<p>Le club francilien a d\u00e9marr\u00e9 son championnat en trombe, avec deux victoires sur les deux premi\u00e8res journ\u00e9es, et a r\u00e9alis\u00e9 la passe de trois ce vendredi avec un succ\u00e8s fort sur la pelouse de Caen <strong>(0-2)<\/strong>. Ce r\u00e9sultat permet aux hommes de Jordan Gonzalez de s\u2019emparer seuls de la pole position, avec neuf points, et d\u00e9j\u00e0 trois longueurs d\u2019avance sur leurs deux poursuivants que sont Sochaux et Paris 13 Atletico. Celui-ci s\u2019est impos\u00e9 sur le gong \u00e0 domicile, avec un but sur penalty dans le temps additionnel, face \u00e0 Fleury-M\u00e9rogis <strong>(1-0)<\/strong>. Pour Sochaux, en revanche, c\u2019est une premi\u00e8re d\u00e9sillusion cette saison avec un revers subi sur la pelouse de Rouen <strong>(3-1)<\/strong>.<\/p>\n<p>Dans les highlights de la soir\u00e9e, on retiendra le but express de Ch\u00e2teauroux, qui a ouvert la marque en \u00e0 peine plus de dix secondes sur le terrain du Puy-en-Velay. Mais m\u00eame avec un second but quelques minutes plus tard, la Berrichonne n\u2019a pu faire mieux que de prendre un point, en ayant fini la rencontre \u00e0 neuf <strong>(2-2)<\/strong>.<\/p>\n<p>Le seul autre match nul du soir est \u00e0 mettre au cr\u00e9dit du Stade briochin et de Dijon, qui sont rest\u00e9s muets <strong>(0-0)<\/strong>. Belle victoire de Villefranche \u00e0 domicile face \u00e0 QRM, apr\u00e8s avoir \u00e9t\u00e9 men\u00e9 en d\u00e9but de partie, o\u00f9 les deux formations ont \u00e9cop\u00e9 d\u2019un rouge<strong> (2-1)<\/strong>. Joli coup \u00e9galement de Concarneau, vainqueur \u00e0 Bourg-en-Bresse <strong>(0-2)<\/strong>, alors qu\u2019Orl\u00e9ans a pris ses premiers points de la saison \u00e0 domicile en venant \u00e0 bout de Valenciennes <strong>(2-1)<\/strong>.<\/p>\n<p><img decoding=\"async\" loading=\"lazy\" class=\"blason blason-petit\" src=\"https:\/\/www.europesays.com\/fr\/wp-content\/uploads\/2025\/08\/1755903859_289_grande.jpg\"\/> Bourg-en-Bresse 0-2 Concarneau <img decoding=\"async\" loading=\"lazy\" class=\"blason blason-petit\" src=\"https:\/\/www.europesays.com\/fr\/wp-content\/uploads\/2025\/08\/1755903860_295_grande.jpg\"\/><\/p>\n<p>Buts : Seba (16e) et El Khemiri (62e) pour Concarneau<\/p>\n<p>\u00a0<img decoding=\"async\" loading=\"lazy\" class=\"blason blason-petit\" src=\"https:\/\/www.europesays.com\/fr\/wp-content\/uploads\/2025\/04\/1745712670_973_grande.jpg\"\/> Caen 0-2 Versailles <img decoding=\"async\" loading=\"lazy\" class=\"blason blason-petit\" src=\"https:\/\/www.europesays.com\/fr\/wp-content\/uploads\/2025\/08\/1755903862_684_grande.jpg\"\/><\/p>\n<p>Buts : Guillaume (49e) et Kalai (54e) pour Versailles<\/p>\n<p>\u00a0<img decoding=\"async\" loading=\"lazy\" class=\"blason blason-petit\" src=\"https:\/\/www.europesays.com\/fr\/wp-content\/uploads\/2025\/08\/1755903862_967_grande.jpg\"\/> Le Puy-en-Velay 2-2 Ch\u00e2teauroux <img decoding=\"async\" loading=\"lazy\" class=\"blason blason-petit\" src=\"https:\/\/www.europesays.com\/fr\/wp-content\/uploads\/2025\/08\/1755903862_745_grande.jpg\"\/><\/p>\n<p>Buts : Akkal (78e et 85e) pour le Puy \/\/ Ahmed (1re) et Zakouani (18e) pour Ch\u00e2teauroux<\/p>\n<p>Exclusions : Ahmed (33e) et Trinker (86e) pour Ch\u00e2teauroux<\/p>\n<p>\u00a0<img decoding=\"async\" loading=\"lazy\" class=\"blason blason-petit\" src=\"https:\/\/www.europesays.com\/fr\/wp-content\/uploads\/2025\/08\/1755903863_8_grande.jpg\"\/> Orl\u00e9ans 2-1 Valenciennes <img decoding=\"async\" loading=\"lazy\" class=\"blason blason-petit\" src=\"https:\/\/www.europesays.com\/fr\/wp-content\/uploads\/2025\/08\/1755903863_966_grande.jpg\"\/><\/p>\n<p>Buts : El Khoumisti (19e) et Morel (27e) pour Orl\u00e9ans \/\/ Niakat\u00e9 (89e) pour Valenciennes<\/p>\n<p>\u00a0<img decoding=\"async\" loading=\"lazy\" class=\"blason blason-petit\" src=\"https:\/\/www.sofoot.com\/convert\/2023\/02\/11002328\/1200px-Logo_Paris_13_Atl%C3%A9tico_2020.svg.png\/grande.jpg\"\/> Paris 13 Atletico 1-0 Fleury-M\u00e9rogis <img decoding=\"async\" loading=\"lazy\" class=\"blason blason-petit\" src=\"https:\/\/www.europesays.com\/fr\/wp-content\/uploads\/2025\/08\/1755903865_934_grande.jpg\"\/><\/p>\n<p>But : Fage (90e+3, SP) pour Paris 13<\/p>\n<p>Exclusion : Hervieu (62e) pour Fleury<\/p>\n<p>\u00a0<img decoding=\"async\" loading=\"lazy\" class=\"blason blason-petit\" src=\"https:\/\/www.europesays.com\/fr\/wp-content\/uploads\/2025\/08\/1755903866_289_grande.jpg\"\/> Rouen 3-1 Sochaux <img decoding=\"async\" loading=\"lazy\" class=\"blason blason-petit\" src=\"https:\/\/www.europesays.com\/fr\/wp-content\/uploads\/2025\/08\/1755903867_774_grande.jpg\"\/><\/p>\n<p>Buts : Benzia (22e), Bassin (46e) et Gerbeaud (87e) pour Rouen \/\/ Fofana (44e, SP) pour Sochaux<\/p>\n<p>\u00a0<img decoding=\"async\" loading=\"lazy\" class=\"blason blason-petit\" src=\"https:\/\/www.europesays.com\/fr\/wp-content\/uploads\/2025\/08\/1755903867_242_grande.jpg\"\/> Stade briochin 0-0 Dijon <img decoding=\"async\" loading=\"lazy\" class=\"blason blason-petit\" src=\"https:\/\/www.europesays.com\/fr\/wp-content\/uploads\/2025\/05\/1748120709_215_grande.jpg\"\/><\/p>\n<p>Exclusion : Bernard (54e) pour Dijon<\/p>\n<p>\u00a0<img decoding=\"async\" loading=\"lazy\" class=\"blason blason-petit\" src=\"https:\/\/www.europesays.com\/fr\/wp-content\/uploads\/2025\/08\/1755903868_425_grande.jpg\"\/> Villefranche 2-1 Quevilly-Rouen <img decoding=\"async\" loading=\"lazy\" class=\"blason blason-petit\" src=\"https:\/\/www.europesays.com\/fr\/wp-content\/uploads\/2025\/08\/1755903868_176_grande.jpg\"\/><\/p>\n<p>Buts : Sba\u00ef (45e+1) et Mroivili (65e, SP) pour Villefranche \/\/ Anani (24e) pour QRM<\/p>\n<p>Exclusion : Kena Kabeya (90e+4) \/\/ Dede-Lhomme (50e) pour QRM<\/p>\n<p>\t\t\t\t\t\t\t\t\t\t<a class=\"lien-connexe\" href=\"https:\/\/www.sofoot.com\/breves\/en-national-le-mans-accompagne-nancy-en-ligue-1-chateauroux-officiellement-relegue-en-national-2\" rel=\"nofollow noopener\" target=\"_blank\">Le Mans monte en Ligue 2, Boulogne devra attendre, Ch\u00e2teauroux chute en National 2<\/a>\t\t\t\t\t<\/p>\n","protected":false},"excerpt":{"rendered":"Versailles ne rigole pas du tout. Le club francilien a d\u00e9marr\u00e9 son championnat en trombe, avec deux victoires&hellip;\n","protected":false},"author":2,"featured_media":337227,"comment_status":"","ping_status":"","sticky":false,"template":"","format":"standard","meta":{"footnotes":""},"categories":[9587],"tags":[1111,47,11,61,69,65,64,1777,674,63,1011,27,68,66,12,62,5161,70,25,9590,67],"class_list":{"0":"post-337226","1":"post","2":"type-post","3":"status-publish","4":"format-standard","5":"has-post-thumbnail","7":"category-rouen","8":"tag-actu","9":"tag-actualite","10":"tag-actualites","11":"tag-actus-football","12":"tag-bundesliga","13":"tag-championnats-europeens","14":"tag-equipe-de-france","15":"tag-eu","16":"tag-europe","17":"tag-football","18":"tag-fr","19":"tag-france","20":"tag-ligua","21":"tag-ligue-1","22":"tag-news","23":"tag-news-foot","24":"tag-normandie","25":"tag-premier-league","26":"tag-republique-francaise","27":"tag-rouen","28":"tag-serie-a"},"share_on_mastodon":{"url":"https:\/\/pubeurope.com\/@fr\/115074922912459531","error":""},"_links":{"self":[{"href":"https:\/\/www.europesays.com\/fr\/wp-json\/wp\/v2\/posts\/337226","targetHints":{"allow":["GET"]}}],"collection":[{"href":"https:\/\/www.europesays.com\/fr\/wp-json\/wp\/v2\/posts"}],"about":[{"href":"https:\/\/www.europesays.com\/fr\/wp-json\/wp\/v2\/types\/post"}],"author":[{"embeddable":true,"href":"https:\/\/www.europesays.com\/fr\/wp-json\/wp\/v2\/users\/2"}],"replies":[{"embeddable":true,"href":"https:\/\/www.europesays.com\/fr\/wp-json\/wp\/v2\/comments?post=337226"}],"version-history":[{"count":0,"href":"https:\/\/www.europesays.com\/fr\/wp-json\/wp\/v2\/posts\/337226\/revisions"}],"wp:featuredmedia":[{"embeddable":true,"href":"https:\/\/www.europesays.com\/fr\/wp-json\/wp\/v2\/media\/337227"}],"wp:attachment":[{"href":"https:\/\/www.europesays.com\/fr\/wp-json\/wp\/v2\/media?parent=337226"}],"wp:term":[{"taxonomy":"category","embeddable":true,"href":"https:\/\/www.europesays.com\/fr\/wp-json\/wp\/v2\/categories?post=337226"},{"taxonomy":"post_tag","embeddable":true,"href":"https:\/\/www.europesays.com\/fr\/wp-json\/wp\/v2\/tags?post=337226"}],"curies":[{"name":"wp","href":"https:\/\/api.w.org\/{rel}","templated":true}]}}