{"id":337240,"date":"2025-08-22T23:13:19","date_gmt":"2025-08-22T23:13:19","guid":{"rendered":"https:\/\/www.europesays.com\/fr\/337240\/"},"modified":"2025-08-22T23:13:19","modified_gmt":"2025-08-22T23:13:19","slug":"nice-securite-routiere-poursuite-des-operations-de-controles-routiers","status":"publish","type":"post","link":"https:\/\/www.europesays.com\/fr\/337240\/","title":{"rendered":"NICE : S\u00e9curit\u00e9 routi\u00e8re, poursuite des op\u00e9rations de contr\u00f4les routiers"},"content":{"rendered":"<p><strong>Les chiffres de l\u2019accidentalit\u00e9 routi\u00e8re connaissent une forte aggravation au mois de juillet 2025 au niveau national : 338 personnes ont perdu la vie en France m\u00e9tropolitaine, soit 63 tu\u00e9s de plus qu\u2019au mois de juillet 2024 ( +23%).<\/strong><\/p>\n<p><strong>Le d\u00e9partement des Alpes-Maritimes suit malheureusement cette tendance :<\/strong><\/p>\n<p>11 personnes ont \u00e9t\u00e9 tu\u00e9es sur les routes du d\u00e9partement en juillet 2025 contre 5 en juillet 2024 (+120%).<br \/>Apr\u00e8s un premier semestre 2025 encourageant au niveau national comme au niveau d\u00e9partemental, ces chiffres montrent un rel\u00e2chement inacceptable des comportements individuels qui appelle une mobilisation imm\u00e9diate :<br \/>\u2022 en continuant encore et toujours les tr\u00e8s nombreuses actions de sensibilisation \u00e0 la s\u00e9curit\u00e9 routi\u00e8re organis\u00e9es par le bureau 4 s\u00e9curit\u00e9 routi\u00e8re 5 de la pr\u00e9fecture (30 % d\u2019actions en plus depuis 2022 d\u00e9ploy\u00e9es dans les \u00e9tablissements scolaires, collectivit\u00e9s, entreprises, salons\u2026 avec l\u2019appui de 45 b\u00e9n\u00e9voles intervenants d\u00e9partementaux \u00e0 la s\u00e9curit\u00e9 routi\u00e8re IDSR),<br \/>\u2022 par une r\u00e9pression ferme des comportements des plus dangereux \u00e0 l\u2019encontre des usagers qui les adoptent.<\/p>\n<p><strong>Patrick AMOUSSOU-ADEBLE, secr\u00e9taire g\u00e9n\u00e9ral de la pr\u00e9fecture des Alpes- Maritimes, assiste \u00e0 deux contr\u00f4les routiers :<\/strong><br \/>\u2022 mercredi 20 ao\u00fbt sur A8<br \/>RDV \u00e0 14h au niveau de l\u2019aire de la C\u00f4te d\u2019Azur, sens France\/Italie<br \/>\u2022 vendredi 22 ao\u00fbt sur la promenade des Anglais<br \/>rdv \u00e0 17h \u00e0 hauteur du 480 de la promenade des Anglais\/niveau Sheraton.<\/p>\n","protected":false},"excerpt":{"rendered":"Les chiffres de l\u2019accidentalit\u00e9 routi\u00e8re connaissent une forte aggravation au mois de juillet 2025 au niveau national :&hellip;\n","protected":false},"author":2,"featured_media":337241,"comment_status":"","ping_status":"","sticky":false,"template":"","format":"standard","meta":{"footnotes":""},"categories":[2819],"tags":[1111,11,1777,674,1011,27,12,2401,882,25],"class_list":{"0":"post-337240","1":"post","2":"type-post","3":"status-publish","4":"format-standard","5":"has-post-thumbnail","7":"category-nice","8":"tag-actu","9":"tag-actualites","10":"tag-eu","11":"tag-europe","12":"tag-fr","13":"tag-france","14":"tag-news","15":"tag-nice","16":"tag-provence-alpes-cote-dazur","17":"tag-republique-francaise"},"share_on_mastodon":{"url":"https:\/\/pubeurope.com\/@fr\/115074957541694021","error":""},"_links":{"self":[{"href":"https:\/\/www.europesays.com\/fr\/wp-json\/wp\/v2\/posts\/337240","targetHints":{"allow":["GET"]}}],"collection":[{"href":"https:\/\/www.europesays.com\/fr\/wp-json\/wp\/v2\/posts"}],"about":[{"href":"https:\/\/www.europesays.com\/fr\/wp-json\/wp\/v2\/types\/post"}],"author":[{"embeddable":true,"href":"https:\/\/www.europesays.com\/fr\/wp-json\/wp\/v2\/users\/2"}],"replies":[{"embeddable":true,"href":"https:\/\/www.europesays.com\/fr\/wp-json\/wp\/v2\/comments?post=337240"}],"version-history":[{"count":0,"href":"https:\/\/www.europesays.com\/fr\/wp-json\/wp\/v2\/posts\/337240\/revisions"}],"wp:featuredmedia":[{"embeddable":true,"href":"https:\/\/www.europesays.com\/fr\/wp-json\/wp\/v2\/media\/337241"}],"wp:attachment":[{"href":"https:\/\/www.europesays.com\/fr\/wp-json\/wp\/v2\/media?parent=337240"}],"wp:term":[{"taxonomy":"category","embeddable":true,"href":"https:\/\/www.europesays.com\/fr\/wp-json\/wp\/v2\/categories?post=337240"},{"taxonomy":"post_tag","embeddable":true,"href":"https:\/\/www.europesays.com\/fr\/wp-json\/wp\/v2\/tags?post=337240"}],"curies":[{"name":"wp","href":"https:\/\/api.w.org\/{rel}","templated":true}]}}