{"id":337258,"date":"2025-08-22T23:24:13","date_gmt":"2025-08-22T23:24:13","guid":{"rendered":"https:\/\/www.europesays.com\/fr\/337258\/"},"modified":"2025-08-22T23:24:13","modified_gmt":"2025-08-22T23:24:13","slug":"previsions-du-samedi-23-aout-2025-7","status":"publish","type":"post","link":"https:\/\/www.europesays.com\/fr\/337258\/","title":{"rendered":"pr\u00e9visions du samedi 23 ao\u00fbt 2025"},"content":{"rendered":"<p>Un splendide soleil va briller sur Lyon et ce, tout au long de la journ\u00e9e. Il fera 20\u00b0C en moyenne. Une petite brise de nord-ouest sera ressentie par les habitants. L&rsquo;air ambiant va se r\u00e9chauffer l&rsquo;apr\u00e8s-midi avec une augmentation de plusieurs degr\u00e9s. Les maximales pourront atteindre 26\u00b0C et les minimales seront de 24\u00b0C. Le soir, le vent va progressivement chasser la grisaille. Une nuit claire vous attendra entre samedi et dimanche.<\/p>\n<p>Demain, c&rsquo;est une hausse de quelques degr\u00e9s que vont conna\u00eetre les temp\u00e9ratures dans la ville de Lyon. Les valeurs afficheront entre 13 et 28\u00b0C. Le matin, les Lyonnais vont pouvoir profiter d&rsquo;un soleil radieux. Un vent de nord-est soufflera doucement. On pr\u00e9voit des \u00e9claircies pour cet apr\u00e8s-midi. Les temp\u00e9ratures vont enregistrer une augmentation de plusieurs degr\u00e9s. Les valeurs seront comprises entre 26 et 28\u00b0C. Demain soir, un vent de nord-est rafra\u00eechira l\u00e9g\u00e8rement l&rsquo;atmosph\u00e8re.<\/p>\n<p>Le temps restera stable les prochains jours. Pr\u00e9voyez 32\u00b0C en moyenne qui accompagneront des journ\u00e9es ensoleill\u00e9es.<\/p>\n<p><\/p>\n","protected":false},"excerpt":{"rendered":"Un splendide soleil va briller sur Lyon et ce, tout au long de la journ\u00e9e. Il fera 20\u00b0C&hellip;\n","protected":false},"author":2,"featured_media":337259,"comment_status":"","ping_status":"","sticky":false,"template":"","format":"standard","meta":{"footnotes":""},"categories":[1889],"tags":[1111,11,2430,1777,674,1011,27,2428,12,2119,25,2429,2431],"class_list":{"0":"post-337258","1":"post","2":"type-post","3":"status-publish","4":"format-standard","5":"has-post-thumbnail","7":"category-lyon","8":"tag-actu","9":"tag-actualites","10":"tag-auvergne-rhone-alpes","11":"tag-eu","12":"tag-europe","13":"tag-fr","14":"tag-france","15":"tag-lyon","16":"tag-news","17":"tag-previsions-meteo","18":"tag-republique-francaise","19":"tag-rhone","20":"tag-rhone-alpes"},"share_on_mastodon":{"url":"https:\/\/pubeurope.com\/@fr\/115075000965611142","error":""},"_links":{"self":[{"href":"https:\/\/www.europesays.com\/fr\/wp-json\/wp\/v2\/posts\/337258","targetHints":{"allow":["GET"]}}],"collection":[{"href":"https:\/\/www.europesays.com\/fr\/wp-json\/wp\/v2\/posts"}],"about":[{"href":"https:\/\/www.europesays.com\/fr\/wp-json\/wp\/v2\/types\/post"}],"author":[{"embeddable":true,"href":"https:\/\/www.europesays.com\/fr\/wp-json\/wp\/v2\/users\/2"}],"replies":[{"embeddable":true,"href":"https:\/\/www.europesays.com\/fr\/wp-json\/wp\/v2\/comments?post=337258"}],"version-history":[{"count":0,"href":"https:\/\/www.europesays.com\/fr\/wp-json\/wp\/v2\/posts\/337258\/revisions"}],"wp:featuredmedia":[{"embeddable":true,"href":"https:\/\/www.europesays.com\/fr\/wp-json\/wp\/v2\/media\/337259"}],"wp:attachment":[{"href":"https:\/\/www.europesays.com\/fr\/wp-json\/wp\/v2\/media?parent=337258"}],"wp:term":[{"taxonomy":"category","embeddable":true,"href":"https:\/\/www.europesays.com\/fr\/wp-json\/wp\/v2\/categories?post=337258"},{"taxonomy":"post_tag","embeddable":true,"href":"https:\/\/www.europesays.com\/fr\/wp-json\/wp\/v2\/tags?post=337258"}],"curies":[{"name":"wp","href":"https:\/\/api.w.org\/{rel}","templated":true}]}}