{"id":337260,"date":"2025-08-22T23:25:18","date_gmt":"2025-08-22T23:25:18","guid":{"rendered":"https:\/\/www.europesays.com\/fr\/337260\/"},"modified":"2025-08-22T23:25:18","modified_gmt":"2025-08-22T23:25:18","slug":"tout-savoir-sur-lexplosion-de-cas-dhepatite-a","status":"publish","type":"post","link":"https:\/\/www.europesays.com\/fr\/337260\/","title":{"rendered":"Tout savoir sur l\u2019explosion de cas d\u2019h\u00e9patite A"},"content":{"rendered":"<p><strong>MALADIE &#8211; Le Rh\u00f4ne fait face \u00e0 une recrudescence in\u00e9dite d\u2019h\u00e9patite A. En quelques semaines, des dizaines de cas ont \u00e9t\u00e9 recens\u00e9es, principalement dans le 7e arrondissement de Lyon<\/strong><\/p>\n<p>Que se passe-t-il \u00e0 <a href=\"https:\/\/www.20minutes.fr\/lyon\/?at_medium=RSS%20feed&amp;at_campaign=ynews&amp;utm_source=yahoo&amp;utm_medium=rss&amp;utm_campaign=news_feed&amp;utm_content=in_article_link\" rel=\"nofollow noopener\" target=\"_blank\" data-ylk=\"slk:Lyon;elm:context_link;itc:0;sec:content-canvas\" class=\"link \">Lyon<\/a>, et plus pr\u00e9cis\u00e9ment dans le 7e arrondissement ? Les autorit\u00e9s sanitaires alertent face \u00e0 une recrudescence spectaculaire des infections par le virus de l\u2019h\u00e9patite A dans le <a href=\"https:\/\/www.20minutes.fr\/dossier\/rhone?at_medium=RSS%20feed&amp;at_campaign=ynews&amp;utm_source=yahoo&amp;utm_medium=rss&amp;utm_campaign=news_feed&amp;utm_content=in_article_link\" rel=\"nofollow noopener\" target=\"_blank\" data-ylk=\"slk:Rh\u00f4ne;elm:context_link;itc:0;sec:content-canvas\" class=\"link \">Rh\u00f4ne<\/a>. Entre le 1er janvier 2025 et le 31 juillet 2025, 73 cas ont \u00e9t\u00e9 d\u00e9clar\u00e9s.<\/p>\n<p>En 2024 et en 2023, sur la m\u00eame p\u00e9riode, seuls 16 cas avaient \u00e9t\u00e9 recens\u00e9s, soit une augmentation de 356 %, pointe la direction g\u00e9n\u00e9rale de la <a href=\"https:\/\/www.20minutes.fr\/sante\/?at_medium=RSS%20feed&amp;at_campaign=ynews&amp;utm_source=yahoo&amp;utm_medium=rss&amp;utm_campaign=news_feed&amp;utm_content=in_article_link\" rel=\"nofollow noopener\" target=\"_blank\" data-ylk=\"slk:Sant\u00e9;elm:context_link;itc:0;sec:content-canvas\" class=\"link \">Sant\u00e9<\/a> (DGS) dans un communiqu\u00e9 publi\u00e9 le mardi. 20 Minutes fait le point.<\/p>\n<p>Que se passe-t-il ?<\/p>\n<p>Le dernier communiqu\u00e9 de l\u2019<a href=\"https:\/\/www.20minutes.fr\/dossier\/agence_regionale_de_sante?at_medium=RSS%20feed&amp;at_campaign=ynews&amp;utm_source=yahoo&amp;utm_medium=rss&amp;utm_campaign=news_feed&amp;utm_content=in_article_link\" rel=\"nofollow noopener\" target=\"_blank\" data-ylk=\"slk:agence r\u00e9gionale de sant\u00e9;elm:context_link;itc:0;sec:content-canvas\" class=\"link \">agence r\u00e9gionale de sant\u00e9<\/a> <a href=\"https:\/\/www.20minutes.fr\/lyon\/auvergne-rhone-alpes\/?at_medium=RSS%20feed&amp;at_campaign=ynews&amp;utm_source=yahoo&amp;utm_medium=rss&amp;utm_campaign=news_feed&amp;utm_content=in_article_link\" rel=\"nofollow noopener\" target=\"_blank\" data-ylk=\"slk:Auvergne-Rh\u00f4ne-Alpes;elm:context_link;itc:0;sec:content-canvas\" class=\"link \">Auvergne-Rh\u00f4ne-Alpes<\/a>, mis \u00e0 jour ce vendredi, indique que, depuis le d\u00e9but de cette ann\u00e9e, 94 cas d\u2019infection par le virus de l\u2019h\u00e9patite A ont \u00e9t\u00e9 recens\u00e9s dans le Rh\u00f4ne.<\/p>\n<p>Mardi, la DGS pointait \u00ab une augmentation du nombre de cas encore plus \u00e9vidente \u00bb depuis le d\u00e9but du mois de juillet, avec 57 cas signal\u00e9s (34 en juillet, et 23 entre le 1er et le 13 ao\u00fbt).<\/p>\n<p>Qui est touch\u00e9 ?<\/p>\n<p>Selon les informations transmises, les cas sont des adultes, en majorit\u00e9 \u00e2g\u00e9s de moins de 65 ans. Il n\u2019y a pas de cas p\u00e9diatriques pour le moment, pr\u00e9cisent les autorit\u00e9s sanitaires. Ces cas sont essentiellement recens\u00e9s dans la ville de Lyon et plus sp\u00e9cifiquement dans le 7e arrondissement de Lyon.<\/p>\n<p>Comment expliquer cette situation ?<\/p>\n<p>A ce stade, aucune hypoth\u00e8se permettant d\u2019expliquer la recrudescence n\u2019a \u00e9t\u00e9 identifi\u00e9e. \u00ab Plusieurs cha\u00eenes de transmission font actuellement l\u2019objet d\u2019investigations par l\u2019ARS et Sant\u00e9 publique France, sans qu\u2019une(&#8230;)<\/p>\n<p><a href=\"https:\/\/www.20minutes.fr\/sante\/4169108-20250822-lyon-tout-savoir-explosion-cas-hepatite?at_medium=RSS%20feed&amp;at_campaign=ynews&amp;utm_source=yahoo&amp;utm_medium=rss&amp;utm_campaign=news_feed&amp;utm_content=read_more_link&quot;\" rel=\"nofollow noopener\" target=\"_blank\" data-ylk=\"slk:Lire la suite sur 20minutes;elm:context_link;itc:0;sec:content-canvas\" class=\"link \">Lire la suite sur 20minutes<\/a><\/p>\n<p>\u00c0 lire aussi :<br \/><a href=\"https:\/\/www.20minutes.fr\/monde\/espagne\/4167067-20250807-espagne-invasion-matiere-fecale-pousse-piscines-quarantaine?at_medium=RSS%20feed&amp;at_campaign=ynews&amp;utm_source=yahoo&amp;utm_medium=rss&amp;utm_campaign=news_feed&amp;utm_content=related_content_link\" rel=\"nofollow noopener\" target=\"_blank\" data-ylk=\"slk:En Espagne, une invasion de mati\u00e8re f\u00e9cale pousse les piscines \u00e0 la quarantaine;elm:context_link;itc:0;sec:content-canvas\" class=\"link \">En Espagne, une invasion de mati\u00e8re f\u00e9cale pousse les piscines \u00e0 la quarantaine<\/a><br \/><a href=\"https:\/\/www.20minutes.fr\/sante\/4165721-20250729-cancer-foie-cas-pourraient-doubler-2050-prevention-alcool-hepatite-b?at_medium=RSS%20feed&amp;at_campaign=ynews&amp;utm_source=yahoo&amp;utm_medium=rss&amp;utm_campaign=news_feed&amp;utm_content=related_content_link\" rel=\"nofollow noopener\" target=\"_blank\" data-ylk=\"slk:Cancer du foie : Les cas pourraient doubler d\u2019ici 2050 sans pr\u00e9vention sur l\u2019alcool ou l\u2019H\u00e9patite B;elm:context_link;itc:0;sec:content-canvas\" class=\"link \">Cancer du foie : Les cas pourraient doubler d\u2019ici 2050 sans pr\u00e9vention sur l\u2019alcool ou l\u2019H\u00e9patite B<\/a><\/p>\n","protected":false},"excerpt":{"rendered":"MALADIE &#8211; Le Rh\u00f4ne fait face \u00e0 une recrudescence in\u00e9dite d\u2019h\u00e9patite A. En quelques semaines, des dizaines de&hellip;\n","protected":false},"author":2,"featured_media":337261,"comment_status":"","ping_status":"","sticky":false,"template":"","format":"standard","meta":{"footnotes":""},"categories":[1889],"tags":[47358,1111,11,2430,14362,1777,674,1011,27,46964,2428,12,25,2429],"class_list":{"0":"post-337260","1":"post","2":"type-post","3":"status-publish","4":"format-standard","5":"has-post-thumbnail","7":"category-lyon","8":"tag-7e-arrondissement-de-lyon","9":"tag-actu","10":"tag-actualites","11":"tag-auvergne-rhone-alpes","12":"tag-cas","13":"tag-eu","14":"tag-europe","15":"tag-fr","16":"tag-france","17":"tag-lhepatite","18":"tag-lyon","19":"tag-news","20":"tag-republique-francaise","21":"tag-rhone"},"share_on_mastodon":{"url":"https:\/\/pubeurope.com\/@fr\/115075004663194913","error":""},"_links":{"self":[{"href":"https:\/\/www.europesays.com\/fr\/wp-json\/wp\/v2\/posts\/337260","targetHints":{"allow":["GET"]}}],"collection":[{"href":"https:\/\/www.europesays.com\/fr\/wp-json\/wp\/v2\/posts"}],"about":[{"href":"https:\/\/www.europesays.com\/fr\/wp-json\/wp\/v2\/types\/post"}],"author":[{"embeddable":true,"href":"https:\/\/www.europesays.com\/fr\/wp-json\/wp\/v2\/users\/2"}],"replies":[{"embeddable":true,"href":"https:\/\/www.europesays.com\/fr\/wp-json\/wp\/v2\/comments?post=337260"}],"version-history":[{"count":0,"href":"https:\/\/www.europesays.com\/fr\/wp-json\/wp\/v2\/posts\/337260\/revisions"}],"wp:featuredmedia":[{"embeddable":true,"href":"https:\/\/www.europesays.com\/fr\/wp-json\/wp\/v2\/media\/337261"}],"wp:attachment":[{"href":"https:\/\/www.europesays.com\/fr\/wp-json\/wp\/v2\/media?parent=337260"}],"wp:term":[{"taxonomy":"category","embeddable":true,"href":"https:\/\/www.europesays.com\/fr\/wp-json\/wp\/v2\/categories?post=337260"},{"taxonomy":"post_tag","embeddable":true,"href":"https:\/\/www.europesays.com\/fr\/wp-json\/wp\/v2\/tags?post=337260"}],"curies":[{"name":"wp","href":"https:\/\/api.w.org\/{rel}","templated":true}]}}