{"id":337270,"date":"2025-08-22T23:31:25","date_gmt":"2025-08-22T23:31:25","guid":{"rendered":"https:\/\/www.europesays.com\/fr\/337270\/"},"modified":"2025-08-22T23:31:25","modified_gmt":"2025-08-22T23:31:25","slug":"paris-convoque-lambassadrice-ditalie-apres-des-propos-inacceptables-du-vice-premier-ministre-matteo-salvini","status":"publish","type":"post","link":"https:\/\/www.europesays.com\/fr\/337270\/","title":{"rendered":"Paris convoque l&rsquo;ambassadrice d&rsquo;Italie apr\u00e8s des propos \u00abinacceptables\u00bb du vice premier ministre Matteo Salvini"},"content":{"rendered":"<p>Interrog\u00e9 lors d\u2019un d\u00e9placement \u00e0 Milan sur un \u00e9ventuel d\u00e9ploiement de soldats italiens en Ukraine, Matteo Salvini avait sugg\u00e9r\u00e9 qu\u2019Emmanuel Macron \u00aby aille lui-m\u00eame\u00bb.<\/p>\n<p class=\"fig-paragraph\">La France a convoqu\u00e9 l&rsquo;ambassadrice d&rsquo;Italie en France, Emanuela D&rsquo;Alessandro, \u00ab\u00e0 la suite des propos inacceptables\u00bb tenus par le vice premier ministre italien\u00a0<a href=\"http:\/\/www.lefigaro.fr\/international\/un-pont-reliant-la-calabre-a-la-sicile-vieux-reve-remis-au-gout-du-jour-par-matteo-salvini-20250813\" target=\"_blank\" data-fig-type=\"Article\" rel=\"noopener\" data-gtm-custom-categorie=\"navigation\" data-gtm-custom-action=\"crossclick\" data-gtm-custom-label=\"Contextuel\" data-gtm-event=\"customEventSPE\" data-fig-domain=\"LEFIGARO\">Matteo Salvini<\/a>\u00a0\u00e0 l&rsquo;encontre du pr\u00e9sident\u00a0<a href=\"http:\/\/www.lefigaro.fr\/international\/reconnaissance-de-la-palestine-nouvelle-crise-diplomatique-entre-emmanuel-macron-et-benyamin-netanyahou-20250820\" target=\"_blank\" data-fig-type=\"Article\" rel=\"noopener\" data-gtm-custom-categorie=\"navigation\" data-gtm-custom-action=\"crossclick\" data-gtm-custom-label=\"Contextuel\" data-gtm-event=\"customEventSPE\" data-fig-domain=\"LEFIGARO\">Emmanuel Macron<\/a>\u00a0pour son soutien \u00e0 l&rsquo;envoi de troupes en Ukraine, a appris l\u2019AFP vendredi de source diplomatique.<\/p>\n<p class=\"fig-paragraph\">\u00abIl a \u00e9t\u00e9 rappel\u00e9 \u00e0 l&rsquo;ambassadrice [convoqu\u00e9e jeudi, NDLR] que ces propos allaient \u00e0 l&rsquo;encontre du climat de confiance et de la relation historique entre nos deux pays mais aussi des r\u00e9cents d\u00e9veloppements bilat\u00e9raux, qui ont mis en \u00e9vidence des convergences fortes entre les deux pays, notamment s&rsquo;agissant du soutien sans faille \u00e0 l&rsquo;Ukraine\u00bb, a-t-on pr\u00e9cis\u00e9 de source diplomatique, confirmant une information de la radio France Inter.<\/p>\n<p>                                    <a class=\"fig-a11y-skip a11y-hidden\" href=\"#fig-a11y-skip-main-inarticle\"><br \/>\n        Passer la publicit\u00e9<br \/>\n    <\/a><\/p>\n<p>Qu\u2019il \u00aby aille lui-m\u00eame\u00bb<\/p>\n<p class=\"fig-paragraph\">Interrog\u00e9 lors d&rsquo;un d\u00e9placement \u00e0 Milan sur un \u00e9ventuel d\u00e9ploiement de soldats italiens en Ukraine apr\u00e8s un arr\u00eat des hostilit\u00e9s, comme la France et le Royaume-Uni envisagent de le faire, Matteo Salvini avait sugg\u00e9r\u00e9 qu&rsquo;Emmanuel Macron \u00aby aille lui-m\u00eame\u00bb en mettant un casque et prenant un fusil. Le chef du parti antimigrants Lega, proche de la cheffe de l&rsquo;extr\u00eame droite fran\u00e7aise Marine Le Pen, avait d\u00e9j\u00e0 qualifi\u00e9 en mars le pr\u00e9sident fran\u00e7ais de \u00abfou\u00bb, l&rsquo;accusant de pousser l&rsquo;Europe \u00e0 la guerre avec la Russie.<\/p>\n<p class=\"fig-paragraph\">La France et le Royaume-Uni, qui ont pris la t\u00eate d&rsquo;une \u00abcoalition des volontaires\u00bb, envisagent de d\u00e9ployer des contingents en Ukraine comme garantie de s\u00e9curit\u00e9 pour pr\u00e9venir une reprise des hostilit\u00e9s une fois qu&rsquo;un cessez-le-feu ou un accord de paix aura \u00e9t\u00e9 conclu entre Kiev et Moscou. La premi\u00e8re ministre italienne Giorgia Meloni de son c\u00f4t\u00e9 s&rsquo;y refuse.<\/p>\n","protected":false},"excerpt":{"rendered":"Interrog\u00e9 lors d\u2019un d\u00e9placement \u00e0 Milan sur un \u00e9ventuel d\u00e9ploiement de soldats italiens en Ukraine, Matteo Salvini avait&hellip;\n","protected":false},"author":2,"featured_media":337271,"comment_status":"","ping_status":"","sticky":false,"template":"","format":"standard","meta":{"footnotes":""},"categories":[1888],"tags":[11,1777,674,1011,27,3999,12,626,25],"class_list":{"0":"post-337270","1":"post","2":"type-post","3":"status-publish","4":"format-standard","5":"has-post-thumbnail","7":"category-paris","8":"tag-actualites","9":"tag-eu","10":"tag-europe","11":"tag-fr","12":"tag-france","13":"tag-matteo-salvini","14":"tag-news","15":"tag-paris","16":"tag-republique-francaise"},"share_on_mastodon":{"url":"https:\/\/pubeurope.com\/@fr\/115075028391555917","error":""},"_links":{"self":[{"href":"https:\/\/www.europesays.com\/fr\/wp-json\/wp\/v2\/posts\/337270","targetHints":{"allow":["GET"]}}],"collection":[{"href":"https:\/\/www.europesays.com\/fr\/wp-json\/wp\/v2\/posts"}],"about":[{"href":"https:\/\/www.europesays.com\/fr\/wp-json\/wp\/v2\/types\/post"}],"author":[{"embeddable":true,"href":"https:\/\/www.europesays.com\/fr\/wp-json\/wp\/v2\/users\/2"}],"replies":[{"embeddable":true,"href":"https:\/\/www.europesays.com\/fr\/wp-json\/wp\/v2\/comments?post=337270"}],"version-history":[{"count":0,"href":"https:\/\/www.europesays.com\/fr\/wp-json\/wp\/v2\/posts\/337270\/revisions"}],"wp:featuredmedia":[{"embeddable":true,"href":"https:\/\/www.europesays.com\/fr\/wp-json\/wp\/v2\/media\/337271"}],"wp:attachment":[{"href":"https:\/\/www.europesays.com\/fr\/wp-json\/wp\/v2\/media?parent=337270"}],"wp:term":[{"taxonomy":"category","embeddable":true,"href":"https:\/\/www.europesays.com\/fr\/wp-json\/wp\/v2\/categories?post=337270"},{"taxonomy":"post_tag","embeddable":true,"href":"https:\/\/www.europesays.com\/fr\/wp-json\/wp\/v2\/tags?post=337270"}],"curies":[{"name":"wp","href":"https:\/\/api.w.org\/{rel}","templated":true}]}}