{"id":337276,"date":"2025-08-22T23:34:13","date_gmt":"2025-08-22T23:34:13","guid":{"rendered":"https:\/\/www.europesays.com\/fr\/337276\/"},"modified":"2025-08-22T23:34:13","modified_gmt":"2025-08-22T23:34:13","slug":"plusieurs-morts-dont-des-enfants-dans-un-accident-dautocar-dans-letat-de-new-york","status":"publish","type":"post","link":"https:\/\/www.europesays.com\/fr\/337276\/","title":{"rendered":"plusieurs morts dont des enfants dans un accident d&rsquo;autocar dans l&rsquo;\u00c9tat de New York"},"content":{"rendered":"<p>\u00c9tats-Unis: plusieurs morts dont des enfants dans un accident d&rsquo;autocar dans l&rsquo;\u00c9tat de New YorkSur le m\u00eame sujet<a href=\"https:\/\/www.bfmtv.com\/international\/amerique-nord\/etats-unis\/video-etats-unis-plusieurs-morts-dont-des-enfants-dans-un-accident-d-autocar-dans-l-etat-de-new-york_VN-202508220624.html\" title=\"\u00c9tats-Unis: plusieurs morts dont des enfants dans un accident d&#039;autocar dans l&#039;\u00c9tat de New York\" rel=\"nofollow noopener\" target=\"_blank\"><img width=\"16\" height=\"9\" class=\"lozad\"  alt=\"\u00c9tats-Unis: plusieurs morts dont des enfants dans un accident d'autocar dans l'\u00c9tat de New York\"\/>en lecture\u00c9tats-Unis: plusieurs morts dont des enfants dans un accident d&rsquo;autocar dans l&rsquo;\u00c9tat de New York<\/a><a href=\"https:\/\/www.bfmtv.com\/international\/amerique-nord\/etats-unis\/video-droits-de-douane-l-europe-se-felicite-de-cet-accord-la-france-un-peu-moins-indique-jean-gabriel-attali-economiste_VN-202508220537.html\" title=\"Droits de douane: &quot;L&#039;Europe se f\u00e9licite de cet accord, la France un peu moins&quot;, indique Jean-Gabriel Attali, \u00e9conomiste\" rel=\"nofollow noopener\" target=\"_blank\"><img width=\"16\" height=\"9\" class=\"lozad\"  alt=\"Droits de douane: &quot;L'Europe se f\u00e9licite de cet accord, la France un peu moins&quot;, indique Jean-Gabriel Attali, \u00e9conomiste\"\/>0:57Droits de douane: \u00ab\u00a0L&rsquo;Europe se f\u00e9licite de cet accord, la France un peu moins\u00a0\u00bb, indique Jean-Gabriel Attali, \u00e9conomiste<\/a><a href=\"https:\/\/www.bfmtv.com\/economie\/video-la-poste-suspend-l-envoi-de-certains-colis-aux-etats-unis-c-est-une-etape-de-plus-dans-ce-nouveau-monde-estime-isabelle-this-saint-jean-economiste_VN-202508220534.html\" title=\"La Poste suspend l&#039;envoi de certains colis aux \u00c9tats-Unis: &quot;C&#039;est une \u00e9tape de plus dans ce nouveau monde&quot;, estime Isabelle This Saint-Jean, \u00e9conomiste\" rel=\"nofollow noopener\" target=\"_blank\"><img width=\"16\" height=\"9\" class=\"lozad\"  alt=\"La Poste suspend l'envoi de certains colis aux \u00c9tats-Unis: &quot;C'est une \u00e9tape de plus dans ce nouveau monde&quot;, estime Isabelle This Saint-Jean, \u00e9conomiste\"\/>1:53La Poste suspend l&rsquo;envoi de certains colis aux \u00c9tats-Unis: \u00ab\u00a0C&rsquo;est une \u00e9tape de plus dans ce nouveau monde\u00a0\u00bb, estime Isabelle This Saint-Jean, \u00e9conomiste<\/a><a href=\"https:\/\/www.bfmtv.com\/economie\/video-droits-de-douane-trump-n-a-aucun-principe-il-viole-tous-les-engagements-internationaux-des-etats-unis-declare-l-ancien-directeur-du-commerce-exterieur_VN-202508220533.html\" title=\"Droits de douane: &quot;Trump n&#039;a aucun principe, il viole tous les engagements internationaux des \u00c9tats-Unis&quot;, d\u00e9clare l&#039;ancien directeur du commerce ext\u00e9rieur\" rel=\"nofollow noopener\" target=\"_blank\"><img width=\"16\" height=\"9\" class=\"lozad\"  alt=\"Droits de douane: &quot;Trump n'a aucun principe, il viole tous les engagements internationaux des \u00c9tats-Unis&quot;, d\u00e9clare l'ancien directeur du commerce ext\u00e9rieur\"\/>2:38Droits de douane: \u00ab\u00a0Trump n&rsquo;a aucun principe, il viole tous les engagements internationaux des \u00c9tats-Unis\u00a0\u00bb, d\u00e9clare l&rsquo;ancien directeur du commerce ext\u00e9rieur<\/a><a href=\"https:\/\/www.bfmtv.com\/economie\/video-droits-de-douane-trump-n-a-aucun-principe-il-viole-tous-les-engagements-internationaux-des-etats-unis-declare-l-ancien-directeur-du-commerce-exterieur_VN-202508220528.html\" title=\"Droits de douane: &quot;Trump n&#039;a aucun principe, il viole tous les engagements internationaux des \u00c9tats-Unis&quot;, d\u00e9clare l&#039;ancien directeur du commerce ext\u00e9rieur\" rel=\"nofollow noopener\" target=\"_blank\"><img width=\"16\" height=\"9\" class=\"lozad\"  alt=\"Droits de douane: &quot;Trump n'a aucun principe, il viole tous les engagements internationaux des \u00c9tats-Unis&quot;, d\u00e9clare l'ancien directeur du commerce ext\u00e9rieur\"\/>6:31Droits de douane: \u00ab\u00a0Trump n&rsquo;a aucun principe, il viole tous les engagements internationaux des \u00c9tats-Unis\u00a0\u00bb, d\u00e9clare l&rsquo;ancien directeur du commerce ext\u00e9rieur<\/a><a href=\"https:\/\/www.bfmtv.com\/economie\/video-la-poste-confirme-etre-contrainte-de-suspendre-l-envoie-de-certain-colis-aux-etats-unis_VN-202508220520.html\" title=\"La Poste confirme \u00eatre contrainte de suspendre l&#039;envoie de certain colis aux \u00c9tats-Unis\" rel=\"nofollow noopener\" target=\"_blank\"><img width=\"16\" height=\"9\" class=\"lozad\"  alt=\"La Poste confirme \u00eatre contrainte de suspendre l'envoie de certain colis aux \u00c9tats-Unis\"\/>0:58La Poste confirme \u00eatre contrainte de suspendre l&rsquo;envoie de certain colis aux \u00c9tats-Unis<\/a><a href=\"https:\/\/www.bfmtv.com\/international\/amerique-nord\/etats-unis\/video-guerre-en-ukraine-moscou-ne-veut-pas-de-fin-au-conflit-affirme-volodymyr-zelensky_VN-202508220456.html\" title=\"Guerre en Ukraine: &quot;Moscou ne veut pas de fin au conflit&quot;, affirme Volodymyr Zelensky\" rel=\"nofollow noopener\" target=\"_blank\"><img width=\"16\" height=\"9\" class=\"lozad\"  alt=\"Guerre en Ukraine: &quot;Moscou ne veut pas de fin au conflit&quot;, affirme Volodymyr Zelensky\"\/>1:30Guerre en Ukraine: \u00ab\u00a0Moscou ne veut pas de fin au conflit\u00a0\u00bb, affirme Volodymyr Zelensky<\/a><a href=\"https:\/\/www.bfmtv.com\/international\/amerique-nord\/etats-unis\/video-guerre-en-ukraine-zelensky-et-poutine-c-est-comme-melanger-de-l-huile-et-du-vinaigre-declare-donald-trump_VN-202508220446.html\" title=\"Guerre en Ukraine: &quot;Zelensky et Poutine, c&#039;est comme m\u00e9langer de l&#039;huile et du vinaigre&quot;, d\u00e9clare Donald Trump\" rel=\"nofollow noopener\" target=\"_blank\"><img width=\"16\" height=\"9\" class=\"lozad\"  alt=\"Guerre en Ukraine: &quot;Zelensky et Poutine, c'est comme m\u00e9langer de l'huile et du vinaigre&quot;, d\u00e9clare Donald Trump\"\/>1:54Guerre en Ukraine: \u00ab\u00a0Zelensky et Poutine, c&rsquo;est comme m\u00e9langer de l&rsquo;huile et du vinaigre\u00a0\u00bb, d\u00e9clare Donald Trump<\/a><a href=\"https:\/\/www.bfmtv.com\/economie\/video-taxation-des-vins-francais-a-hauteur-de-15-c-est-l-europe-qui-s-est-tres-mal-defendue-estime-yves-jego-directeur-de-la-publication-de-la-lettre-du-made-in-france_VN-202508220243.html\" title=\"Taxation des vins fran\u00e7ais \u00e0 hauteur de 15%: &quot;C&#039;est l&#039;Europe qui s&#039;est tr\u00e8s mal d\u00e9fendue&quot;, estime Yves J\u00e9go, directeur de la publication de La Lettre du Made in France \" rel=\"nofollow noopener\" target=\"_blank\"><img width=\"16\" height=\"9\" class=\"lozad\"  alt=\"Taxation des vins fran\u00e7ais \u00e0 hauteur de 15%: &quot;C'est l'Europe qui s'est tr\u00e8s mal d\u00e9fendue&quot;, estime Yves J\u00e9go, directeur de la publication de La Lettre du Made in France \"\/>3:51Taxation des vins fran\u00e7ais \u00e0 hauteur de 15%: \u00ab\u00a0C&rsquo;est l&rsquo;Europe qui s&rsquo;est tr\u00e8s mal d\u00e9fendue\u00a0\u00bb, estime Yves J\u00e9go, directeur de la publication de La Lettre du Made in France<\/a><a href=\"https:\/\/www.bfmtv.com\/economie\/video-etats-unis-le-redecoupage-des-circonscriptions-au-texas-soutenu-par-donald-trump-franchit-une-premiere-etape_VN-202508220195.html\" title=\"\u00c9tats-Unis: le red\u00e9coupage des circonscriptions au Texas, soutenu par Donald Trump, franchit une premi\u00e8re \u00e9tape\" rel=\"nofollow noopener\" target=\"_blank\"><img width=\"16\" height=\"9\" class=\"lozad\"  alt=\"\u00c9tats-Unis: le red\u00e9coupage des circonscriptions au Texas, soutenu par Donald Trump, franchit une premi\u00e8re \u00e9tape\"\/>3:33\u00c9tats-Unis: le red\u00e9coupage des circonscriptions au Texas, soutenu par Donald Trump, franchit une premi\u00e8re \u00e9tape<\/a><a href=\"https:\/\/www.bfmtv.com\/economie\/video-l-inflation-source-des-tensions-entre-donald-trump-et-jerome-powell_VN-202508220131.html\" title=\"L&#039;inflation, source des tensions entre Donald Trump et Jerome Powell\" rel=\"nofollow noopener\" target=\"_blank\"><img width=\"16\" height=\"9\" class=\"lozad\"  alt=\"L'inflation, source des tensions entre Donald Trump et Jerome Powell\"\/>1:38L&rsquo;inflation, source des tensions entre Donald Trump et Jerome Powell<\/a><a href=\"https:\/\/www.bfmtv.com\/economie\/video-taxation-des-vins-francais-a-hauteur-de-15-on-est-tres-decus-affirme-thiebault-huber-president-de-la-confederation-des-appellations-et-des-vignerons-de-bourgogne_VN-202508220125.html\" title=\"Taxation des vins fran\u00e7ais \u00e0 hauteur de 15%: &quot;On est tr\u00e8s d\u00e9\u00e7us&quot;, affirme Thi\u00e9bault Huber, pr\u00e9sident de la Conf\u00e9d\u00e9ration des appellations et des vignerons de Bourgogne\" rel=\"nofollow noopener\" target=\"_blank\"><img width=\"16\" height=\"9\" class=\"lozad\"  alt=\"Taxation des vins fran\u00e7ais \u00e0 hauteur de 15%: &quot;On est tr\u00e8s d\u00e9\u00e7us&quot;, affirme Thi\u00e9bault Huber, pr\u00e9sident de la Conf\u00e9d\u00e9ration des appellations et des vignerons de Bourgogne\"\/>3:49Taxation des vins fran\u00e7ais \u00e0 hauteur de 15%: \u00ab\u00a0On est tr\u00e8s d\u00e9\u00e7us\u00a0\u00bb, affirme Thi\u00e9bault Huber, pr\u00e9sident de la Conf\u00e9d\u00e9ration des appellations et des vignerons de Bourgogne<\/a><a href=\"https:\/\/www.bfmtv.com\/economie\/video-droits-de-douane-les-etats-unis-et-l-union-europeenne-finalisent-leur-accord-commercial_VN-202508220093.html\" title=\"Droits de douane: les Etats-Unis et l\u2019Union europ\u00e9enne finalisent leur accord commercial\" rel=\"nofollow noopener\" target=\"_blank\"><img width=\"16\" height=\"9\" class=\"lozad\"  alt=\"Droits de douane: les Etats-Unis et l\u2019Union europ\u00e9enne finalisent leur accord commercial\"\/>2:22Droits de douane: les Etats-Unis et l\u2019Union europ\u00e9enne finalisent leur accord commercial<\/a><a href=\"https:\/\/www.bfmtv.com\/economie\/video-face-a-la-mise-en-place-des-droits-de-douane-americains-les-viticulteurs-tentent-de-trouver-des-solutions_VN-202508220046.html\" title=\"Face \u00e0 la mise en place des droits de douane am\u00e9ricains, les viticulteurs tentent de trouver des solutions \" rel=\"nofollow noopener\" target=\"_blank\"><img width=\"16\" height=\"9\" class=\"lozad\"  alt=\"Face \u00e0 la mise en place des droits de douane am\u00e9ricains, les viticulteurs tentent de trouver des solutions \"\/>1:14Face \u00e0 la mise en place des droits de douane am\u00e9ricains, les viticulteurs tentent de trouver des solutions<\/a><a class=\"jumpToVideo\" target=\"_blank\"><img class=\"thumbnailPreview\"\/><\/a><\/p>\n","protected":false},"excerpt":{"rendered":"\u00c9tats-Unis: plusieurs morts dont des enfants dans un accident d&rsquo;autocar dans l&rsquo;\u00c9tat de New YorkSur le m\u00eame sujeten&hellip;\n","protected":false},"author":2,"featured_media":337277,"comment_status":"","ping_status":"","sticky":false,"template":"","format":"standard","meta":{"footnotes":""},"categories":[1589],"tags":[11,73,1866,12,1864,1865,1863,308],"class_list":{"0":"post-337276","1":"post","2":"type-post","3":"status-publish","4":"format-standard","5":"has-post-thumbnail","7":"category-etats-unis","8":"tag-actualites","9":"tag-etats-unis","10":"tag-etats-unis-damerique","11":"tag-news","12":"tag-united-states","13":"tag-united-states-of-america","14":"tag-us","15":"tag-usa"},"share_on_mastodon":{"url":"https:\/\/pubeurope.com\/@fr\/115075040155609606","error":""},"_links":{"self":[{"href":"https:\/\/www.europesays.com\/fr\/wp-json\/wp\/v2\/posts\/337276","targetHints":{"allow":["GET"]}}],"collection":[{"href":"https:\/\/www.europesays.com\/fr\/wp-json\/wp\/v2\/posts"}],"about":[{"href":"https:\/\/www.europesays.com\/fr\/wp-json\/wp\/v2\/types\/post"}],"author":[{"embeddable":true,"href":"https:\/\/www.europesays.com\/fr\/wp-json\/wp\/v2\/users\/2"}],"replies":[{"embeddable":true,"href":"https:\/\/www.europesays.com\/fr\/wp-json\/wp\/v2\/comments?post=337276"}],"version-history":[{"count":0,"href":"https:\/\/www.europesays.com\/fr\/wp-json\/wp\/v2\/posts\/337276\/revisions"}],"wp:featuredmedia":[{"embeddable":true,"href":"https:\/\/www.europesays.com\/fr\/wp-json\/wp\/v2\/media\/337277"}],"wp:attachment":[{"href":"https:\/\/www.europesays.com\/fr\/wp-json\/wp\/v2\/media?parent=337276"}],"wp:term":[{"taxonomy":"category","embeddable":true,"href":"https:\/\/www.europesays.com\/fr\/wp-json\/wp\/v2\/categories?post=337276"},{"taxonomy":"post_tag","embeddable":true,"href":"https:\/\/www.europesays.com\/fr\/wp-json\/wp\/v2\/tags?post=337276"}],"curies":[{"name":"wp","href":"https:\/\/api.w.org\/{rel}","templated":true}]}}