{"id":337298,"date":"2025-08-22T23:47:14","date_gmt":"2025-08-22T23:47:14","guid":{"rendered":"https:\/\/www.europesays.com\/fr\/337298\/"},"modified":"2025-08-22T23:47:14","modified_gmt":"2025-08-22T23:47:14","slug":"dur-dimaginer-jouer-le-top-10","status":"publish","type":"post","link":"https:\/\/www.europesays.com\/fr\/337298\/","title":{"rendered":"Dur d&rsquo;imaginer jouer le top 10"},"content":{"rendered":"<p><a href=\"https:\/\/fr.motorsport.com\/driver\/pecco-bagnaia\/109394\/\" target=\"_blank\" rel=\"noopener\">Pecco Bagnaia<\/a> s&rsquo;enfonce un peu plus dans la crise. Alors que les premiers essais au Red Bull Ring lui avaient redonn\u00e9 espoir, un probl\u00e8me lors du sprint et une d\u00e9gringolade inexpliqu\u00e9e en course principale l&rsquo;ont de nouveau fait douter, et il ne faudra visiblement pas compter sur une \u00e9claircie au Balaton Park.<\/p>\n<p>Dans la matin\u00e9e, l&rsquo;Italien a test\u00e9 des changements sur sa fourche, dans sa sempiternelle qu\u00eate de sensations sur l&rsquo;avant depuis le d\u00e9but de la saison. Ces exp\u00e9rimentations pouvaient expliquer son retard sup\u00e9rieur \u00e0 la seconde et Bagnaia s&rsquo;est rapproch\u00e9 dans l&rsquo;apr\u00e8s-midi, mais pas suffisamment pour int\u00e9grer le top 10.<\/p>\n<p>Seulement 14e et donc contraint de disputer la Q1, le pilote Ducati anticipait ces difficult\u00e9s sur un trac\u00e9 qui exacerbe les probl\u00e8mes dont il souffre depuis le d\u00e9but de la saison. \u00ab\u00a0Apr\u00e8s avoir test\u00e9 la Panigale ici, j&rsquo;\u00e9tais \u00e0 l&rsquo;aise, mais je savais d\u00e9j\u00e0 que j&rsquo;aurais peut-\u00eatre quelques soucis avec la GP25 ici\u00a0\u00bb, a confi\u00e9 Bagnaia.<\/p>\n<p>\u00ab\u00a0\u00c0 chaque fois que je dois arr\u00eater la moto sur une courte distance et la laisser tourner sur les freins, c&rsquo;est ce qui me pose le plus de difficult\u00e9s, et tous les virages sont comme \u00e7a ici. Je le savais d\u00e9j\u00e0, j&rsquo;acceptais d&rsquo;\u00eatre peut-\u00eatre hors du top 10, hors de la lutte pour la victoire.\u00a0\u00bb<\/p>\n<p>   <img decoding=\"async\" draggable=\"false\" src=\"https:\/\/www.europesays.com\/fr\/wp-content\/uploads\/2025\/08\/1755906434_812_francesco-bagnaia-ducati-team.jpg\" alt=\"Francesco Bagnaia, Ducati Team\" width=\"1200\" height=\"800\" loading=\"lazy\"\/> <\/p>\n<p class=\"title\">Pecco Bagnaia<\/p>\n<p class=\"photographer\">Photo de: Gold and Goose Photography \/ LAT Images \/ via Getty Images<\/p>\n<p>Alors qu&rsquo;il devra affronter les pilotes Aprilia, <a href=\"https:\/\/fr.motorsport.com\/driver\/brad-binder\/109383\/\" target=\"_blank\" rel=\"noopener\">Brad Binder<\/a> ou encore <a href=\"https:\/\/fr.motorsport.com\/driver\/johann-zarco\/96107\/\" target=\"_blank\" rel=\"noopener\">Johann Zarco<\/a> en Q1, Pecco Bagnaia ne croit pas vraiment en ses chances de prendre l&rsquo;une des deux derni\u00e8res places en Q2\u00a0: \u00ab\u00a0Actuellement, c&rsquo;est dur de l&rsquo;imaginer. C&rsquo;est \u00e9galement dur d&rsquo;imaginer jouer le top 10. Il nous faut juste des progr\u00e8s.\u00a0\u00bb<\/p>\n<p>\u00ab\u00a0Il faut juste travailler\u00a0\u00bb, a insist\u00e9 Bagnaia, qui a n\u00e9anmoins vu une \u00e9volution positive au cours de la journ\u00e9e, et veut croire \u00e0 de nouveaux pas en avant samedi matin\u00a0: \u00ab\u00a0On a d\u00e9j\u00e0 progress\u00e9 depuis la matin\u00e9e, on a r\u00e9duit l&rsquo;\u00e9cart de moiti\u00e9 avec le leader, donc c&rsquo;est une bonne \u00e9volution. Si je regarde le positif, demain matin j&rsquo;aurai une s\u00e9ance de plus, si je peux entrer en Q2, pour essayer quelque chose de diff\u00e9rent. Les EL2 seront cruciaux pour essayer quelque chose de diff\u00e9rent et voir si je peux me battre pour \u00eatre dans le top 10.\u00a0\u00bb<\/p>\n<p>Ce top 10 \u00e9tait pourtant dans les cordes de Bagnaia d\u00e8s ce vendredi, mais une erreur \u00e0 la fin de son dernier tour rapide lui a co\u00fbt\u00e9 cher\u00a0: \u00ab\u00a0Pour moi oui, il y avait une possibilit\u00e9. J&rsquo;ai juste \u00e9t\u00e9 un peu brouillon dans le dernier secteur, o\u00f9 j&rsquo;ai perdu deux dixi\u00e8mes, et sans ces deux dixi\u00e8mes, j&rsquo;aurais \u00e9t\u00e9 l\u00e0. Mais tout le monde avait les m\u00eames chances et je l&rsquo;ai juste laiss\u00e9 filer, donc c&rsquo;est de ma faute.\u00a0\u00bb<\/p>\n<p>\u00a0<\/p>\n<p>Dans le relais pr\u00e9c\u00e9dent, Bagnaia a \u00e9galement eu un tour g\u00e2ch\u00e9 par plusieurs pilotes au ralenti devant lui. G\u00ean\u00e9 par <a href=\"https:\/\/fr.motorsport.com\/driver\/fabio-di-giannantonio\/289538\/\" target=\"_blank\" rel=\"noopener\">Fabio Di Giannantonio<\/a>, <a href=\"https:\/\/fr.motorsport.com\/driver\/alex-marquez\/96324\/\" target=\"_blank\" rel=\"noopener\">\u00c1lex M\u00e1rquez<\/a> lui a fait de grands gestes pour exprimer son m\u00e9contentement, ce qui a par effet domino \u00e9galement g\u00ean\u00e9 <a href=\"https:\/\/fr.motorsport.com\/driver\/jack-miller\/96423\/\" target=\"_blank\" rel=\"noopener\">Jack Miller<\/a>, \u00e0 son tour en col\u00e8re contre le pilote Gresini, et enfin Bagnaia.<\/p>\n<p>\u00ab\u00a0Sinc\u00e8rement, tu attaques pour ton time attack, la deuxi\u00e8me tentative est celle dans laquelle tu attaques vraiment, et ils se disputaient sur la trajectoire, je ne sais pas pourquoi\u00a0\u00bb, a d\u00e9plor\u00e9 Bagnaia. \u00ab\u00a0C&rsquo;est un peu bizarre.\u00a0\u00bb<\/p>\n<p>\u00ab\u00a0Je pense qu&rsquo;\u00c1lex s&rsquo;est arr\u00eat\u00e9 devant Jack, Jack a commenc\u00e9 \u00e0 se disputer avec lui, ils se disputaient et ils \u00e9taient au milieu de la piste\u00a0\u00bb, a-t-il ajout\u00e9. \u00ab\u00a0C&rsquo;est un peu limite.\u00a0\u00bb<\/p>\n<p>Lire aussi :<\/p>\n<\/p>\n<p>Dans cet article<\/p>\n<p>Soyez le premier inform\u00e9 et souscrivez aux alertes mails pour recevoir les infos en temps r\u00e9el<\/p>\n<p>    S&rsquo;abonner aux alertes de news<\/p>\n","protected":false},"excerpt":{"rendered":"Pecco Bagnaia s&rsquo;enfonce un peu plus dans la crise. Alors que les premiers essais au Red Bull Ring&hellip;\n","protected":false},"author":2,"featured_media":337299,"comment_status":"","ping_status":"","sticky":false,"template":"","format":"standard","meta":{"footnotes":""},"categories":[1413],"tags":[47361,21747,4950,1011,27,21746,1457,1456,1458,4951,60],"class_list":{"0":"post-337298","1":"post","2":"type-post","3":"status-publish","4":"format-standard","5":"has-post-thumbnail","7":"category-moto","8":"tag-bagnaia-sattendait-u00e0-souffrir-en-hongrieu00a0-dur-dimaginer-jouer-le-top-10","9":"tag-balaton-park","10":"tag-ducati-team","11":"tag-fr","12":"tag-france","13":"tag-gp-de-hongrie","14":"tag-moto","15":"tag-motocycle","16":"tag-motogp","17":"tag-pecco-bagnaia","18":"tag-sports"},"share_on_mastodon":{"url":"https:\/\/pubeurope.com\/@fr\/115075091290678695","error":""},"_links":{"self":[{"href":"https:\/\/www.europesays.com\/fr\/wp-json\/wp\/v2\/posts\/337298","targetHints":{"allow":["GET"]}}],"collection":[{"href":"https:\/\/www.europesays.com\/fr\/wp-json\/wp\/v2\/posts"}],"about":[{"href":"https:\/\/www.europesays.com\/fr\/wp-json\/wp\/v2\/types\/post"}],"author":[{"embeddable":true,"href":"https:\/\/www.europesays.com\/fr\/wp-json\/wp\/v2\/users\/2"}],"replies":[{"embeddable":true,"href":"https:\/\/www.europesays.com\/fr\/wp-json\/wp\/v2\/comments?post=337298"}],"version-history":[{"count":0,"href":"https:\/\/www.europesays.com\/fr\/wp-json\/wp\/v2\/posts\/337298\/revisions"}],"wp:featuredmedia":[{"embeddable":true,"href":"https:\/\/www.europesays.com\/fr\/wp-json\/wp\/v2\/media\/337299"}],"wp:attachment":[{"href":"https:\/\/www.europesays.com\/fr\/wp-json\/wp\/v2\/media?parent=337298"}],"wp:term":[{"taxonomy":"category","embeddable":true,"href":"https:\/\/www.europesays.com\/fr\/wp-json\/wp\/v2\/categories?post=337298"},{"taxonomy":"post_tag","embeddable":true,"href":"https:\/\/www.europesays.com\/fr\/wp-json\/wp\/v2\/tags?post=337298"}],"curies":[{"name":"wp","href":"https:\/\/api.w.org\/{rel}","templated":true}]}}