{"id":337317,"date":"2025-08-22T23:57:11","date_gmt":"2025-08-22T23:57:11","guid":{"rendered":"https:\/\/www.europesays.com\/fr\/337317\/"},"modified":"2025-08-22T23:57:11","modified_gmt":"2025-08-22T23:57:11","slug":"burkina-le-gouvernement-met-fin-aux-activites-du-projet-target-malaria","status":"publish","type":"post","link":"https:\/\/www.europesays.com\/fr\/337317\/","title":{"rendered":"Burkina : Le gouvernement met fin aux activit\u00e9s du projet Target Malaria"},"content":{"rendered":"<p>Le minist\u00e8re  en charge de la Recherche et de l\u2019Innovation a annonc\u00e9 ce vendredi 22 ao\u00fbt 2025, dans un communiqu\u00e9, l\u2019arr\u00eat d\u00e9finitif des activit\u00e9s du projet Target Malaria sur l\u2019ensemble du territoire burkinab\u00e8.<\/p>\n<p>Selon le communiqu\u00e9, toutes les enceintes contenant des moustiques g\u00e9n\u00e9tiquement modifi\u00e9s ont \u00e9t\u00e9 plac\u00e9es sous scell\u00e9s depuis le 18 ao\u00fbt 2025. Par ailleurs, les \u00e9chantillons seront d\u00e9truits conform\u00e9ment au protocole indiqu\u00e9.<\/p>\n<p>Concernant les moustiques m\u00e2les g\u00e9n\u00e9tiquement modifi\u00e9s, sans impulsion g\u00e9n\u00e9tique, qui avaient \u00e9t\u00e9 l\u00e2ch\u00e9s dans le village de Souroukoudingan, province du Houet, r\u00e9gion du Guiriko, le minist\u00e8re assure qu\u2019ils ont \u00e9t\u00e9 \u00ab\u00a0soigneusement trait\u00e9s\u00a0\u00bb par les services techniques comp\u00e9tents.<\/p>\n<p>Ce projet de recherche, men\u00e9 depuis plusieurs ann\u00e9es dans le cadre de la lutte contre le paludisme, a souvent suscit\u00e9 des d\u00e9bats au Burkina Faso, notamment sur les questions de bios\u00e9curit\u00e9, de transparence scientifique et de consentement des populations locales.<\/p>\n<p>En rappel, le jeudi 21 ao\u00fbt, la coalition de veille sur les activit\u00e9s biotechnologiques du Burkina Faso a d\u00e9nonc\u00e9 les l\u00e2chers de moustiques et a exprim\u00e9 ses pr\u00e9occupations concernant le projet Target malaria.<\/p>\n<p><strong>Lefaso.net<\/strong><\/p>\n<p> <a href=\"https:\/\/lefaso.net\/IMG\/jpg\/fb_img_1755869535852.jpg\" class=\"spip_doc_lien mediabox\" type=\"image\/jpeg\" rel=\"nofollow noopener\" target=\"_blank\"><br \/>\n\t\t<img loading=\"lazy\" decoding=\"async\" src=\"https:\/\/www.europesays.com\/fr\/wp-content\/uploads\/2025\/08\/fb_img_1755869535852-bbcd3.jpg\" width=\"600\" height=\"920\" alt=\"\" \/><\/a><\/p>\n","protected":false},"excerpt":{"rendered":"Le minist\u00e8re en charge de la Recherche et de l\u2019Innovation a annonc\u00e9 ce vendredi 22 ao\u00fbt 2025, dans&hellip;\n","protected":false},"author":2,"featured_media":337318,"comment_status":"","ping_status":"","sticky":false,"template":"","format":"standard","meta":{"footnotes":""},"categories":[10],"tags":[1011,27,72,71],"class_list":{"0":"post-337317","1":"post","2":"type-post","3":"status-publish","4":"format-standard","5":"has-post-thumbnail","7":"category-sante","8":"tag-fr","9":"tag-france","10":"tag-health","11":"tag-sante"},"share_on_mastodon":{"url":"https:\/\/pubeurope.com\/@fr\/115075130617363815","error":""},"_links":{"self":[{"href":"https:\/\/www.europesays.com\/fr\/wp-json\/wp\/v2\/posts\/337317","targetHints":{"allow":["GET"]}}],"collection":[{"href":"https:\/\/www.europesays.com\/fr\/wp-json\/wp\/v2\/posts"}],"about":[{"href":"https:\/\/www.europesays.com\/fr\/wp-json\/wp\/v2\/types\/post"}],"author":[{"embeddable":true,"href":"https:\/\/www.europesays.com\/fr\/wp-json\/wp\/v2\/users\/2"}],"replies":[{"embeddable":true,"href":"https:\/\/www.europesays.com\/fr\/wp-json\/wp\/v2\/comments?post=337317"}],"version-history":[{"count":0,"href":"https:\/\/www.europesays.com\/fr\/wp-json\/wp\/v2\/posts\/337317\/revisions"}],"wp:featuredmedia":[{"embeddable":true,"href":"https:\/\/www.europesays.com\/fr\/wp-json\/wp\/v2\/media\/337318"}],"wp:attachment":[{"href":"https:\/\/www.europesays.com\/fr\/wp-json\/wp\/v2\/media?parent=337317"}],"wp:term":[{"taxonomy":"category","embeddable":true,"href":"https:\/\/www.europesays.com\/fr\/wp-json\/wp\/v2\/categories?post=337317"},{"taxonomy":"post_tag","embeddable":true,"href":"https:\/\/www.europesays.com\/fr\/wp-json\/wp\/v2\/tags?post=337317"}],"curies":[{"name":"wp","href":"https:\/\/api.w.org\/{rel}","templated":true}]}}