{"id":337321,"date":"2025-08-22T23:59:10","date_gmt":"2025-08-22T23:59:10","guid":{"rendered":"https:\/\/www.europesays.com\/fr\/337321\/"},"modified":"2025-08-22T23:59:10","modified_gmt":"2025-08-22T23:59:10","slug":"la-region-ile-de-france-retire-ses-subventions-a-rock-en-seine-liberation","status":"publish","type":"post","link":"https:\/\/www.europesays.com\/fr\/337321\/","title":{"rendered":"la r\u00e9gion Ile-de-France retire ses subventions \u00e0 Rock-en-Seine \u2013 Lib\u00e9ration"},"content":{"rendered":"<p class=\"sc-ksZaOG ehjQrN text-element\">Un \u00e9ni\u00e8me rebondissement. La r\u00e9gion Ile-de-France a annonc\u00e9 jeudi 21 ao\u00fbt retirer son aide financi\u00e8re \u00e0 Rock en Seine pour l\u2019ann\u00e9e 2025. Le festival \u00abne souhaitant pas d\u00e9programmer le groupe Kneecap, avec la pr\u00e9sidente Val\u00e9rie P\u00e9cresse, nous avons imm\u00e9diatement r\u00e9agi en d\u00e9cidant qu\u2019il n\u2019y aura pas un euro de subvention\u00bb, a d\u00e9clar\u00e9 J\u00e9r\u00e9my Redler, maire du XVIe arrondissement de Paris et conseiller r\u00e9gional aux Grands Ev\u00e9nements, sur <a href=\"https:\/\/x.com\/Jeremy_Redler\/status\/1958644795989270925\" target=\"_blank\" rel=\"\" title=\"https:\/\/x.com\/Jeremy_Redler\/status\/1958644795989270925\">X<\/a> le 21 ao\u00fbt.<\/p>\n<p class=\"sc-ksZaOG ehjQrN text-element\">Parmi ces fonds, 150 000 euros destin\u00e9s \u00e0 l\u2019achat de billets par la R\u00e9gion, notamment \u00e0 destination du jeune public, ont \u00e9galement \u00e9t\u00e9 annul\u00e9s. Le montant total de ce retrait n\u2019a pas \u00e9t\u00e9 sp\u00e9cifi\u00e9, mais le montant de la subvention s\u2019\u00e9levait \u00e0 540 000 euros en 2024. Cette annulation ne vaut que pour 2025 et p\u00e8se relativement peu au regard du budget du festival, compris entre 16 et 17 millions d\u2019euros cette ann\u00e9e. Elle s\u2019ajoute toutefois au retrait de celle de la ville de Saint-Cloud, o\u00f9 se d\u00e9roule les festivit\u00e9s. La mairie de droite avait d\u00e9cid\u00e9, en juillet dernier, de retirer les 40 000 euros vers\u00e9s au festival.<\/p>\n<p class=\"sc-ksZaOG ehjQrN text-element\">\u00abCette d\u00e9cision tardive et unilat\u00e9rale [\u2026] vient donc sanctionner l\u2019ensemble de la programmation et l\u2019organisation de tout un festival dont la direction n\u2019a pas c\u00e9d\u00e9 aux pressions pour d\u00e9programmer ce groupe\u00bb, ont protest\u00e9 les \u00e9lus de la Gauche communiste au conseil r\u00e9gional d\u2019Ile-de-France. \u00abCette suspension constitue donc un avertissement et une pression suppl\u00e9mentaire sur les acteurs culturels dont la libert\u00e9 de programmation devrait \u00eatre mise au diapason de l\u2019arbitraire droitier\u00bb.<\/p>\n<p class=\"sc-ksZaOG ehjQrN text-element\">La suppression de la subvention intervient dans un contexte de haute tension, tandis que plusieurs personnalit\u00e9s et organismes appellent \u00e0 la d\u00e9programmation du concert pr\u00e9vu dimanche du <a href=\"https:\/\/www.liberation.fr\/culture\/cinema\/kneecap-gaelique-ta-mere-20250617_TZNXWWZWCVEVBBUJVYHZFAOMKM\/\" target=\"_blank\" rel=\"noopener\" title=\"https:\/\/www.liberation.fr\/culture\/cinema\/kneecap-gaelique-ta-mere-20250617_TZNXWWZWCVEVBBUJVYHZFAOMKM\/\">trio nord-irlandais<\/a>, engag\u00e9 pour la cause palestinienne et <a href=\"https:\/\/www.liberation.fr\/international\/europe\/lun-des-rappeurs-du-groupe-nord-irlandais-kneecap-inculpe-pour-soupcons-de-soutien-au-hezbollah-20250521_F6N2IW4FGREGTNCWUBERYBPQXQ\/\" target=\"_blank\" rel=\"noopener\" title=\"https:\/\/www.liberation.fr\/international\/europe\/lun-des-rappeurs-du-groupe-nord-irlandais-kneecap-inculpe-pour-soupcons-de-soutien-au-hezbollah-20250521_F6N2IW4FGREGTNCWUBERYBPQXQ\/\">accus\u00e9 de soutenir le Hezbollah<\/a>. \u00abEn maintenant les Kneecap, les organisateurs transforment Rock en Seine en festival de la honte\u00bb, a d\u00e9clar\u00e9 le pr\u00e9sident du Conseil repr\u00e9sentatif des institutions juives de France, Yonathan Arfi sur X.<\/p>\n<p class=\"sc-ksZaOG ehjQrN text-element\">\u00abIls profanent la m\u00e9moire des 50 Fran\u00e7ais victimes du Hamas le 7-Octobre comme de toutes les victimes fran\u00e7aises du Hezbollah. Les artistes peuvent \u00eatre engag\u00e9s mais les apologistes du terrorisme n\u2019ont pas leur place dans des festivals en France\u00bb a-t-il poursuivi. En mai, la pr\u00e9sidente LR de la r\u00e9gion Val\u00e9rie P\u00e9cresse avait \u00e9galement appel\u00e9 sur X \u00e0 la d\u00e9programmation de Kneecap, arguant que ses prises de position faisaient l\u2019objet de \u00abpoursuites devant la justice britannique pour apologie du terrorisme\u00bb.<\/p>\n<p class=\"sc-ksZaOG ehjQrN text-element\">\u00abTout propos \u00e0 caract\u00e8re antis\u00e9mite, d\u2019apologie du terrorisme ou appelant \u00e0 la haine\u00bb fera \u00abl\u2019objet de poursuites judiciaires\u00bb, a mis en garde <a href=\"https:\/\/www.liberation.fr\/culture\/musique\/la-venue-du-groupe-propalestinien-kneecap-a-rock-en-seine-dans-le-viseur-de-bruno-retailleau-20250818_XVZGYGDLRBHZVIRSQW35HR7TOY\/\" target=\"_blank\" rel=\"noopener\" title=\"https:\/\/www.liberation.fr\/culture\/musique\/la-venue-du-groupe-propalestinien-kneecap-a-rock-en-seine-dans-le-viseur-de-bruno-retailleau-20250818_XVZGYGDLRBHZVIRSQW35HR7TOY\/\">le ministre de l\u2019Int\u00e9rieur Bruno Retailleau<\/a>, dans une lettre dat\u00e9e du 14 ao\u00fbt, en r\u00e9ponse \u00e0 Caroline Yadan, d\u00e9put\u00e9e de la 8e circonscription des Fran\u00e7ais \u00e9tablis hors de France dont Isra\u00ebl fait partie qui l\u2019avait interpell\u00e9 sur le sujet.<\/p>\n<p class=\"sc-ksZaOG ehjQrN text-element\">En r\u00e9action, Rock en Sc\u00e8ne a assur\u00e9 avoir pris ses pr\u00e9cautions : des \u00abdiscussions\u00bb ont eu lieu avec l\u2019entourage des artistes pour clarifier leurs positions et la direction du festival a eu \u00abconfirmation\u00bb qu\u2019\u00abil n\u2019y aurait pas de d\u00e9bordements\u00bb. L\u2019\u00e9v\u00e8nement est d\u00e9tenu par le g\u00e9ant am\u00e9ricain des tourn\u00e9es AEG et Combat, groupe de l\u2019homme d\u2019affaires fran\u00e7ais Matthieu Pigasse, qui voit dans la pr\u00e9sence de Kneecap un enjeu de \u00ablibert\u00e9 de cr\u00e9ation et d\u2019expression\u00bb. Pour l\u2019heure, le groupe a jou\u00e9 aux Eurock\u00e9ennes de Belfort et au Cabaret vert de Charleville-M\u00e9zi\u00e8res, sans incident.<\/p>\n<p class=\"sc-ksZaOG ehjQrN text-element\">Les musiciens originaires d\u2019Irlande du Nord brandissent r\u00e9guli\u00e8rement des drapeaux palestiniens lors de leurs performances, et d\u00e9noncent sur leurs r\u00e9seaux sociaux \u00ables massacres\u00bb ayant lieu dans la bande de Gaza, et orchestr\u00e9s par \u00abun criminel de guerre [Benyamin N\u00e9tanyahou]\u00bb. Ils d\u00e9plorent aussi les m\u00e9thodes du gouvernement britannique qui use de son arsenal judiciaire pour \u00abpers\u00e9cuter les artistes qui osent s\u2019exprimer\u00bb.<\/p>\n<p class=\"sc-ksZaOG ehjQrN text-element\">Mais leur soutien affich\u00e9 \u00e0 la Palestine a provoqu\u00e9 <a href=\"https:\/\/www.liberation.fr\/international\/moyen-orient\/le-groupe-irlandais-kneecap-accuse-dantisemitisme-et-interdit-dentree-en-hongrie-20250724_LORVWFWJTNCUPAFQ7VX4EBTIQA\/\" target=\"_blank\" rel=\"noopener\" title=\"https:\/\/www.liberation.fr\/international\/moyen-orient\/le-groupe-irlandais-kneecap-accuse-dantisemitisme-et-interdit-dentree-en-hongrie-20250724_LORVWFWJTNCUPAFQ7VX4EBTIQA\/\">l\u2019annulation en cascade de plusieurs concerts,<\/a> notamment \u00e0 Berlin et aux Cornouailles. L\u2019un de ses trois membres, Liam O\u2019Hanna dit Mo Chara, est poursuivi pour \u00abinfraction terroriste\u00bb apr\u00e8s avoir arbor\u00e9 un drapeau du Hezbollah pendant un concert \u00e0 Londres en 2024, o\u00f9 il a comparu mercredi dans la capitale britannique.<\/p>\n","protected":false},"excerpt":{"rendered":"Un \u00e9ni\u00e8me rebondissement. La r\u00e9gion Ile-de-France a annonc\u00e9 jeudi 21 ao\u00fbt retirer son aide financi\u00e8re \u00e0 Rock en&hellip;\n","protected":false},"author":2,"featured_media":337322,"comment_status":"","ping_status":"","sticky":false,"template":"","format":"standard","meta":{"footnotes":""},"categories":[8],"tags":[58,59,1011,27,662,7040,2328],"class_list":{"0":"post-337321","1":"post","2":"type-post","3":"status-publish","4":"format-standard","5":"has-post-thumbnail","7":"category-divertissement","8":"tag-divertissement","9":"tag-entertainment","10":"tag-fr","11":"tag-france","12":"tag-ile-de-france","13":"tag-rock","14":"tag-valerie-pecresse"},"share_on_mastodon":{"url":"https:\/\/pubeurope.com\/@fr\/115075138369491524","error":""},"_links":{"self":[{"href":"https:\/\/www.europesays.com\/fr\/wp-json\/wp\/v2\/posts\/337321","targetHints":{"allow":["GET"]}}],"collection":[{"href":"https:\/\/www.europesays.com\/fr\/wp-json\/wp\/v2\/posts"}],"about":[{"href":"https:\/\/www.europesays.com\/fr\/wp-json\/wp\/v2\/types\/post"}],"author":[{"embeddable":true,"href":"https:\/\/www.europesays.com\/fr\/wp-json\/wp\/v2\/users\/2"}],"replies":[{"embeddable":true,"href":"https:\/\/www.europesays.com\/fr\/wp-json\/wp\/v2\/comments?post=337321"}],"version-history":[{"count":0,"href":"https:\/\/www.europesays.com\/fr\/wp-json\/wp\/v2\/posts\/337321\/revisions"}],"wp:featuredmedia":[{"embeddable":true,"href":"https:\/\/www.europesays.com\/fr\/wp-json\/wp\/v2\/media\/337322"}],"wp:attachment":[{"href":"https:\/\/www.europesays.com\/fr\/wp-json\/wp\/v2\/media?parent=337321"}],"wp:term":[{"taxonomy":"category","embeddable":true,"href":"https:\/\/www.europesays.com\/fr\/wp-json\/wp\/v2\/categories?post=337321"},{"taxonomy":"post_tag","embeddable":true,"href":"https:\/\/www.europesays.com\/fr\/wp-json\/wp\/v2\/tags?post=337321"}],"curies":[{"name":"wp","href":"https:\/\/api.w.org\/{rel}","templated":true}]}}