{"id":337329,"date":"2025-08-23T00:03:10","date_gmt":"2025-08-23T00:03:10","guid":{"rendered":"https:\/\/www.europesays.com\/fr\/337329\/"},"modified":"2025-08-23T00:03:10","modified_gmt":"2025-08-23T00:03:10","slug":"un-cybercriminel-neonazi-et-membre-dun-reseau-sataniste-incarcere-pour-pedopornographie","status":"publish","type":"post","link":"https:\/\/www.europesays.com\/fr\/337329\/","title":{"rendered":"un cybercriminel n\u00e9onazi et membre d\u2019un r\u00e9seau \u00absataniste\u00bb incarc\u00e9r\u00e9 pour p\u00e9dopornographie"},"content":{"rendered":"<p>Le suspect a \u00e9galement reconnu avoir d\u00e9capit\u00e9 lui-m\u00eame un certain nombre d\u2019animaux, des chiens, des lapins, dont les photos ont \u00e9t\u00e9 retrouv\u00e9es dans son ordinateur.<\/p>\n<p class=\"fig-paragraph\">Un jeune homme d&rsquo;une vingtaine d&rsquo;ann\u00e9es faisant partie d&rsquo;un groupe cybercriminel\u00a0<a href=\"http:\/\/www.lefigaro.fr\/international\/allemagne-dans-les-villages-neonazis-la-nostalgie-du-reich-s-est-etablie-en-mode-de-vie-20250222\" target=\"_blank\" data-fig-type=\"Article\" rel=\"noopener nofollow\" data-gtm-custom-categorie=\"navigation\" data-gtm-custom-action=\"crossclick\" data-gtm-custom-label=\"Contextuel\" data-gtm-event=\"customEventSPE\" data-fig-domain=\"LEFIGARO\">n\u00e9onazi<\/a>\u00a0a \u00e9t\u00e9 mis en examen mercredi et incarc\u00e9r\u00e9 pour d\u00e9tention d&rsquo;images p\u00e9dopornographiques, actes de cruaut\u00e9 et\u00a0<a href=\"http:\/\/www.lefigaro.fr\/faits-divers\/on-aidait-les-habitants-c-est-tout-entre-petits-services-et-abus-de-faiblesse-des-concierges-parisiens-juges-pour-escroquerie-20240905\" target=\"_blank\" data-fig-type=\"Article\" rel=\"noopener nofollow\" data-gtm-custom-categorie=\"navigation\" data-gtm-custom-action=\"crossclick\" data-gtm-custom-label=\"Contextuel\" data-gtm-event=\"customEventSPE\" data-fig-domain=\"LEFIGARO\">abus de faiblesse<\/a>, a appris l\u2019AFP du parquet d&rsquo;\u00c9vreux.<\/p>\n<p class=\"fig-paragraph\">Saisi par un service d&rsquo;enqu\u00eate de veille internet, le procureur d&rsquo;\u00c9vreux R\u00e9mi Coutin a d\u00e9clar\u00e9 avoir demand\u00e9 l&rsquo;ouverture d&rsquo;une information judiciaire pour d\u00e9tention, consultation et diffusion d&rsquo;images p\u00e9dopornographiques en bande organis\u00e9e, s\u00e9vices, actes de cruaut\u00e9 envers des animaux, et abus de faiblesse de personnes mineures.<\/p>\n<p>                                    <a class=\"fig-a11y-skip a11y-hidden\" href=\"#fig-a11y-skip-main-inarticle\"><br \/>\n        Passer la publicit\u00e9<br \/>\n    <\/a><\/p>\n<p>Mutilation de jeunes filles<\/p>\n<p class=\"fig-paragraph\">Interpell\u00e9 mardi, cet homme \u00absolitaire qui ne travaillait pas\u00bb est accus\u00e9 d&rsquo;avoir r\u00e9ussi \u00e0 convaincre une cinquantaine de jeunes filles de se scarifier ou de se mutiler \u00e0 sa demande, d&rsquo;apr\u00e8s Remi Coutin. Contact\u00e9es sur des sites de jeunes filles suicidaires, il les contraignait par webcam \u00e0 se planter un couteau dans la cuisse ou dans les seins, \u00e0 graver son nom sur leur bras ou leur ventre, a expliqu\u00e9 le procureur vendredi. Selon le magistrat, plusieurs milliers de fichiers \u00e0 caract\u00e8re p\u00e9dopornographique ont \u00e9galement \u00e9t\u00e9 retrouv\u00e9s sur son ordinateur.<\/p>\n<p class=\"fig-paragraph\">Des photos et des vid\u00e9os qualifi\u00e9es \u00abd&rsquo;insoutenables\u00bb par le procureur, parmi lesquelles des \u00abviols sur des b\u00e9b\u00e9s\u00bb, dont \u00abon ne sait pas s&rsquo;il en a commandit\u00e9\u00bb. R\u00e9mi Coutin a pr\u00e9cis\u00e9 que cet homme fait partie \u00abd&rsquo;un r\u00e9seau \u201ccybercriminel acc\u00e9l\u00e9rationniste et sataniste n\u00e9o-nazi appel\u00e9 764\u201d qui a \u00e9t\u00e9 fond\u00e9 en janvier 2021 par un Am\u00e9ricain\u00bb, lui-m\u00eame interpell\u00e9 par le FBI au d\u00e9but de l&rsquo;ann\u00e9e<\/p>\n<p>D\u00e9capitation de lapins<\/p>\n<p class=\"fig-paragraph\">Ce groupe cible des mineurs vuln\u00e9rables sur Internet et les force \u00e0 s&rsquo;automutiler ou \u00e0 produire de la p\u00e9dopornographie. Le suspect a reconnu avoir d\u00e9capit\u00e9 lui-m\u00eame un certain nombre d&rsquo;animaux, des chiens, des lapins, dont les photos ont \u00e9t\u00e9 retrouv\u00e9es dans son ordinateur.<\/p>\n<p class=\"fig-paragraph\">L&rsquo;enqu\u00eate est men\u00e9e par la police judiciaire de Rouen et l&rsquo;office central des mineurs de la Direction nationale de la police judiciaire situ\u00e9 \u00e0 Nanterre a indiqu\u00e9 le parquet. Inconnu des services de police, il a avou\u00e9 pendant sa garde \u00e0 vue des pulsions de viol, torture ou de meurtre.<\/p>\n<p class=\"fig-paragraph\">Un germano-iranien de 20 ans appartenant au m\u00eame r\u00e9seau cybercriminel p\u00e9dophile \u00ab764\u00bb avait \u00e9t\u00e9 arr\u00eat\u00e9 en juin \u00e0 Hambourg pour avoir pouss\u00e9 un adolescent am\u00e9ricain de 13 ans \u00e0 se suicider en direct sur internet. Le fondateur du r\u00e9seau, Bradley Cadenhead, 20 ans, purge depuis 2021 une peine de 80 ans de prison aux \u00c9tats-Unis pour la cr\u00e9ation de contenus p\u00e9dopornographiques et violents.<\/p>\n","protected":false},"excerpt":{"rendered":"Le suspect a \u00e9galement reconnu avoir d\u00e9capit\u00e9 lui-m\u00eame un certain nombre d\u2019animaux, des chiens, des lapins, dont les&hellip;\n","protected":false},"author":2,"featured_media":337330,"comment_status":"","ping_status":"","sticky":false,"template":"","format":"standard","meta":{"footnotes":""},"categories":[4],"tags":[11,1011,27,20509,12,25],"class_list":{"0":"post-337329","1":"post","2":"type-post","3":"status-publish","4":"format-standard","5":"has-post-thumbnail","7":"category-france","8":"tag-actualites","9":"tag-fr","10":"tag-france","11":"tag-neonazis","12":"tag-news","13":"tag-republique-francaise"},"share_on_mastodon":{"url":"https:\/\/pubeurope.com\/@fr\/115075154146171183","error":""},"_links":{"self":[{"href":"https:\/\/www.europesays.com\/fr\/wp-json\/wp\/v2\/posts\/337329","targetHints":{"allow":["GET"]}}],"collection":[{"href":"https:\/\/www.europesays.com\/fr\/wp-json\/wp\/v2\/posts"}],"about":[{"href":"https:\/\/www.europesays.com\/fr\/wp-json\/wp\/v2\/types\/post"}],"author":[{"embeddable":true,"href":"https:\/\/www.europesays.com\/fr\/wp-json\/wp\/v2\/users\/2"}],"replies":[{"embeddable":true,"href":"https:\/\/www.europesays.com\/fr\/wp-json\/wp\/v2\/comments?post=337329"}],"version-history":[{"count":0,"href":"https:\/\/www.europesays.com\/fr\/wp-json\/wp\/v2\/posts\/337329\/revisions"}],"wp:featuredmedia":[{"embeddable":true,"href":"https:\/\/www.europesays.com\/fr\/wp-json\/wp\/v2\/media\/337330"}],"wp:attachment":[{"href":"https:\/\/www.europesays.com\/fr\/wp-json\/wp\/v2\/media?parent=337329"}],"wp:term":[{"taxonomy":"category","embeddable":true,"href":"https:\/\/www.europesays.com\/fr\/wp-json\/wp\/v2\/categories?post=337329"},{"taxonomy":"post_tag","embeddable":true,"href":"https:\/\/www.europesays.com\/fr\/wp-json\/wp\/v2\/tags?post=337329"}],"curies":[{"name":"wp","href":"https:\/\/api.w.org\/{rel}","templated":true}]}}