{"id":337363,"date":"2025-08-23T00:25:45","date_gmt":"2025-08-23T00:25:45","guid":{"rendered":"https:\/\/www.europesays.com\/fr\/337363\/"},"modified":"2025-08-23T00:25:45","modified_gmt":"2025-08-23T00:25:45","slug":"action-symbolique-pour-la-commemoration-de-la-nakba-a-nantes","status":"publish","type":"post","link":"https:\/\/www.europesays.com\/fr\/337363\/","title":{"rendered":"Action symbolique pour la comm\u00e9moration de la Nakba \u00e0 Nantes"},"content":{"rendered":"<p>Une centaine de personne on particip\u00e9 \u00e0 une action organis\u00e9e par l\u2019AFPS 44 pour alerter sur le g\u00e9nocide en cours et les deux vagues d\u2019expulsion des Palestiniens.<\/p>\n<p>Accompagn\u00e9s de la musique de Nai Barghouti, une petite sc\u00e9nographie rythm\u00e9e par moments de battements de tambour.<\/p>\n<p>Une vingtaine de personnes portant des draps blancs ont symbolis\u00e9s les 53 000 victimes identifi\u00e9es.<\/p>\n<p>Ensuite une br\u00e8ve lecture de textes de Palestiniens \u00e0 questionn\u00e9 l\u2019immobilit\u00e9 face au g\u00e9nocide \u00ab\u00a0qu\u2019attendez-vous pour agir\u00a0?\u00a0\u00bb et rappel\u00e9 ce qu\u2019est la Nakba\u00a0!<\/p>\n","protected":false},"excerpt":{"rendered":"Une centaine de personne on particip\u00e9 \u00e0 une action organis\u00e9e par l\u2019AFPS 44 pour alerter sur le g\u00e9nocide&hellip;\n","protected":false},"author":2,"featured_media":337364,"comment_status":"","ping_status":"","sticky":false,"template":"","format":"standard","meta":{"footnotes":""},"categories":[2818],"tags":[1111,11,1777,674,1011,27,766,12,2636,25],"class_list":{"0":"post-337363","1":"post","2":"type-post","3":"status-publish","4":"format-standard","5":"has-post-thumbnail","7":"category-nantes","8":"tag-actu","9":"tag-actualites","10":"tag-eu","11":"tag-europe","12":"tag-fr","13":"tag-france","14":"tag-nantes","15":"tag-news","16":"tag-pays-de-la-loire","17":"tag-republique-francaise"},"share_on_mastodon":{"url":"https:\/\/pubeurope.com\/@fr\/115075240802948276","error":""},"_links":{"self":[{"href":"https:\/\/www.europesays.com\/fr\/wp-json\/wp\/v2\/posts\/337363","targetHints":{"allow":["GET"]}}],"collection":[{"href":"https:\/\/www.europesays.com\/fr\/wp-json\/wp\/v2\/posts"}],"about":[{"href":"https:\/\/www.europesays.com\/fr\/wp-json\/wp\/v2\/types\/post"}],"author":[{"embeddable":true,"href":"https:\/\/www.europesays.com\/fr\/wp-json\/wp\/v2\/users\/2"}],"replies":[{"embeddable":true,"href":"https:\/\/www.europesays.com\/fr\/wp-json\/wp\/v2\/comments?post=337363"}],"version-history":[{"count":0,"href":"https:\/\/www.europesays.com\/fr\/wp-json\/wp\/v2\/posts\/337363\/revisions"}],"wp:featuredmedia":[{"embeddable":true,"href":"https:\/\/www.europesays.com\/fr\/wp-json\/wp\/v2\/media\/337364"}],"wp:attachment":[{"href":"https:\/\/www.europesays.com\/fr\/wp-json\/wp\/v2\/media?parent=337363"}],"wp:term":[{"taxonomy":"category","embeddable":true,"href":"https:\/\/www.europesays.com\/fr\/wp-json\/wp\/v2\/categories?post=337363"},{"taxonomy":"post_tag","embeddable":true,"href":"https:\/\/www.europesays.com\/fr\/wp-json\/wp\/v2\/tags?post=337363"}],"curies":[{"name":"wp","href":"https:\/\/api.w.org\/{rel}","templated":true}]}}