{"id":337365,"date":"2025-08-23T00:26:15","date_gmt":"2025-08-23T00:26:15","guid":{"rendered":"https:\/\/www.europesays.com\/fr\/337365\/"},"modified":"2025-08-23T00:26:15","modified_gmt":"2025-08-23T00:26:15","slug":"fournitures-gratuites-cours-buissonnieres-ouverture-des-ecoles-bordeaux-bichonne-sa-rentree-2025","status":"publish","type":"post","link":"https:\/\/www.europesays.com\/fr\/337365\/","title":{"rendered":"Fournitures gratuites, cours buissonni\u00e8res, ouverture des \u00e9coles\u2026 Bordeaux bichonne sa rentr\u00e9e 2025"},"content":{"rendered":"<p class=\"wp-block-post-excerpt__excerpt\">Entre gratuit\u00e9 des fournitures, cours d\u2019\u00e9coles ouvertes le week-end et cantines z\u00e9ro plastique, la Ville de Bordeaux poursuit ses initiatives pour le bien-\u00eatre des \u00e9l\u00e8ves et des habitants. <\/p>\n<p class=\"font-sans\">\n\t\t\tCet article est en acc\u00e8s libre. Pour soutenir Rue89Bordeaux,<br \/>\n\t\t\t<a class=\"underline\" href=\"https:\/\/rue89bordeaux.com\/abonnement\/\" target=\"_blank\" rel=\"noopener\">abonnez-vous<\/a>.\n\t\t<\/p>\n<p>La R\u00e9daction<\/p>\n<p>Publi\u00e9 le 22 ao\u00fbt 2025\u00a0\u00a0\u00b7\u00a0\u00a0<\/p>\n<p>Imprim\u00e9 le 23 ao\u00fbt 2025 \u00e0 01h40\u00a0\u00a0\u00b7\u00a0\u00a0<\/p>\n<p>\t\t\t\t\t2\u00a0minutes\n<\/p>\n<p>Mardi 26 ao\u00fbt 2025, Pierre Hurmic, maire de Bordeaux, visitera deux \u00e9coles et une cr\u00e8che pour pr\u00e9senter les nouveaut\u00e9s de la rentr\u00e9e scolaire. La gratuit\u00e9 des fournitures scolaires pour tous les \u00e9l\u00e8ves de CP, <a href=\"https:\/\/rue89bordeaux.com\/2024\/08\/bordeaux-offre-les-fournitures-scolaires-pour-les-eleves-de-cp-a-la-rentree-2024\/\" target=\"_blank\" rel=\"noopener\">en place depuis l\u2019ann\u00e9e derni\u00e8re<\/a>, sera reconduite. Tout comme la fourniture d\u2019une gourde en inox r\u00e9utilisable, d\u00e9j\u00e0 distribu\u00e9e depuis le d\u00e9but du mandat, pour contribuer \u00e0 r\u00e9duire l\u2019exposition des enfants aux perturbateurs endocriniens et \u00e0 sensibiliser d\u00e8s le plus jeune \u00e2ge aux gestes \u00e9coresponsables.<\/p>\n<p>Une autre mesure phare sera pr\u00e9sent\u00e9e : l\u2019ouverture des cours d\u2019\u00e9cole les samedis. Lanc\u00e9e en novembre 2024 \u00e0 l\u2019\u00e9cole du Pas-Saint-Georges et apr\u00e8s le succ\u00e8s de l\u2019exp\u00e9rimentation, elle sera \u00e9tendue \u00e0 deux autres \u00e9tablissements : Elsa-Triolet, \u00e0 Brazza, et Loucheur, pr\u00e8s du CHU. Ces espaces publics v\u00e9g\u00e9talis\u00e9s offrent aux habitants un lieu de d\u00e9tente et de fra\u00eecheur, tout en r\u00e9pondant aux enjeux climatiques. Cinq nouvelles ouvertures sont pr\u00e9vues pour 2025 et 2026. <\/p>\n<p>\t\tDu frais dans l\u2019assiette et dans la cour<\/p>\n<p>En mati\u00e8re de restauration, la Ville poursuit son engagement avec une cantine z\u00e9ro plastique, gr\u00e2ce au <a href=\"https:\/\/rue89bordeaux.com\/2024\/09\/en-gironde-les-cantines-scolaires-ont-pris-le-virage-vert-au-service-des-petits-producteurs\/\" target=\"_blank\" rel=\"noreferrer noopener\">d\u00e9ploiement des bacs en inox<\/a> dans les 119 \u00e9coles entre septembre et octobre 2025, avec toujours plus de bio (70,7\u202f%) et de produits locaux (57\u202f%).<\/p>\n<p>Les Cours buissonni\u00e8res, cens\u00e9es rendre les cours d\u2019\u00e9cole et de cr\u00e8ches plus v\u00e9g\u00e9tales, fra\u00eeches et inclusives, s\u2019enrichissent de 11 nouvelles installations, portant le total \u00e0 47 depuis 2020. Le dispositif <a href=\"https:\/\/rue89bordeaux.com\/2021\/06\/a-bordeaux-les-rues-aux-enfants-sonnent-la-fin-de-la-recre-pour-les-automobilistes\/\" target=\"_blank\" rel=\"noreferrer noopener\">Rue aux enfants<\/a> s\u2019\u00e9tendra \u00e0 70 \u00e9coles avant la fin de l\u2019ann\u00e9e, renfor\u00e7ant la s\u00e9curit\u00e9 et la convivialit\u00e9 des espaces publics. Enfin, le groupe scolaire Frida-Kahlo connaitra sa premi\u00e8re rentr\u00e9e et accueillera ses \u00e9l\u00e8ves d\u00e8s le 1er septembre dans ses locaux provisoires.<\/p>\n<p>Avec ces initiatives, Bordeaux r\u00e9affirme sa volont\u00e9 de concilier \u00e9ducation, bien-\u00eatre et transition \u00e9cologique, en imaginant des \u00e9coles ouvertes sur la ville et ses habitants.<\/p>\n<p>Rue89 Bordeaux a besoin de vos dons<\/p>\n<p>Mille mercis \u00e0 nos 131 donateurs ! Gr\u00e2ce \u00e0 vous, nous avons atteint notre objectif initial de 10\u202f000\u202f\u20ac. Ce soutien va nous permettre de renflouer notre tr\u00e9sorerie, apr\u00e8s le d\u00e9sengagement en 2025 d\u2019un annonceur important \u2013 Bordeaux M\u00e9tropole \u2013 et de r\u00e9gler nos factures en attente.<br \/>Cependant, la cagnotte reste ouverte jusqu\u2019\u00e0 fin septembre afin de vous laisser l\u2019occasion de continuer \u00e0 soutenir votre m\u00e9dia ind\u00e9pendant. Chaque don est d\u00e9ductible des imp\u00f4ts \u00e0 hauteur de 66\u202f%. En recevoir davantage nous permettra de consolider nos finances, d\u2019envisager une rentr\u00e9e sereine, et surtout, d\u2019enrichir nos contenus et de renforcer notre r\u00e9daction.<\/p>\n","protected":false},"excerpt":{"rendered":"Entre gratuit\u00e9 des fournitures, cours d\u2019\u00e9coles ouvertes le week-end et cantines z\u00e9ro plastique, la Ville de Bordeaux poursuit&hellip;\n","protected":false},"author":2,"featured_media":337366,"comment_status":"","ping_status":"","sticky":false,"template":"","format":"standard","meta":{"footnotes":""},"categories":[2817],"tags":[1111,11,1997,47363,4019,1777,674,1011,27,12,2219,25],"class_list":{"0":"post-337365","1":"post","2":"type-post","3":"status-publish","4":"format-standard","5":"has-post-thumbnail","7":"category-bordeaux","8":"tag-actu","9":"tag-actualites","10":"tag-bordeaux","11":"tag-cest-la-rentree","12":"tag-ecoles","13":"tag-eu","14":"tag-europe","15":"tag-fr","16":"tag-france","17":"tag-news","18":"tag-nouvelle-aquitaine","19":"tag-republique-francaise"},"share_on_mastodon":{"url":"https:\/\/pubeurope.com\/@fr\/115075244609920843","error":""},"_links":{"self":[{"href":"https:\/\/www.europesays.com\/fr\/wp-json\/wp\/v2\/posts\/337365","targetHints":{"allow":["GET"]}}],"collection":[{"href":"https:\/\/www.europesays.com\/fr\/wp-json\/wp\/v2\/posts"}],"about":[{"href":"https:\/\/www.europesays.com\/fr\/wp-json\/wp\/v2\/types\/post"}],"author":[{"embeddable":true,"href":"https:\/\/www.europesays.com\/fr\/wp-json\/wp\/v2\/users\/2"}],"replies":[{"embeddable":true,"href":"https:\/\/www.europesays.com\/fr\/wp-json\/wp\/v2\/comments?post=337365"}],"version-history":[{"count":0,"href":"https:\/\/www.europesays.com\/fr\/wp-json\/wp\/v2\/posts\/337365\/revisions"}],"wp:featuredmedia":[{"embeddable":true,"href":"https:\/\/www.europesays.com\/fr\/wp-json\/wp\/v2\/media\/337366"}],"wp:attachment":[{"href":"https:\/\/www.europesays.com\/fr\/wp-json\/wp\/v2\/media?parent=337365"}],"wp:term":[{"taxonomy":"category","embeddable":true,"href":"https:\/\/www.europesays.com\/fr\/wp-json\/wp\/v2\/categories?post=337365"},{"taxonomy":"post_tag","embeddable":true,"href":"https:\/\/www.europesays.com\/fr\/wp-json\/wp\/v2\/tags?post=337365"}],"curies":[{"name":"wp","href":"https:\/\/api.w.org\/{rel}","templated":true}]}}