{"id":337369,"date":"2025-08-23T00:28:14","date_gmt":"2025-08-23T00:28:14","guid":{"rendered":"https:\/\/www.europesays.com\/fr\/337369\/"},"modified":"2025-08-23T00:28:14","modified_gmt":"2025-08-23T00:28:14","slug":"apres-2-jours-de-lutte-pour-sa-vie-le-2e-jumeau-decede-a-lhopital","status":"publish","type":"post","link":"https:\/\/www.europesays.com\/fr\/337369\/","title":{"rendered":"Apr\u00e8s 2 jours de lutte pour sa vie, le 2e jumeau d\u00e9c\u00e8de \u00e0 l\u2019h\u00f4pital"},"content":{"rendered":"\n<p>\u00a0<\/p>\n<p>Le drame vire au cauchemar \u00e0 <a href=\"http:\/\/www.bourret.fr\/\" rel=\"noopener\" target=\"_blank\">Bourret <\/a>(<a href=\"https:\/\/www.tarnetgaronne.fr\/\" rel=\"noopener\" target=\"_blank\">Tarn-et-Garonne<\/a>). <strong>Le petit gar\u00e7on de deux ans et demi est d\u00e9c\u00e9d\u00e9 ce jeudi 21 aout<\/strong>, \u00e0 l\u2019h\u00f4pital Purpan \u00e0 Toulouse pr\u00e9cise le procureur de Montauban. Transf\u00e9r\u00e9 en urgence par h\u00e9licopt\u00e8re apr\u00e8s <a href=\"https:\/\/www.radiototem.net\/drame-dans-le-tarn-et-garonne-une-enfant-decede-apres-une-noyade-son-jumeau-a-l-hopital\" rel=\"noopener\" target=\"_blank\">le drame survenu mardi 19 aout dans la petite commune<\/a>\u00a0: <strong>lui et sa s\u0153ur jumelle se sont noy\u00e9s<\/strong> dans un \u00e9tang de la propri\u00e9t\u00e9 familiale.<\/p>\n<p>\u00a0<\/p>\n<\/p>\n<p>Le gar\u00e7onnet avait \u00e9t\u00e9 retrouv\u00e9 par ses parents, alors qu\u2019il avait fallu l\u2019intervention des plongeurs pour retrouver le corps de la fillette, malheureusement d\u00e9c\u00e9d\u00e9e. Une autopsie a \u00e9t\u00e9 demand\u00e9e par le parquet pour \u00e9claircir les circonstances de ce drame. Les r\u00e9sultats devraient \u00eatre connus rapidement, mais des analyses compl\u00e9mentaires pourraient \u00eatre demand\u00e9es, ce qui devrait allonger le d\u00e9lais.<\/p>\n<p>Une enqu\u00eate a \u00e9t\u00e9 diligent\u00e9e, et men\u00e9e par la compagnie de gendarmerie de Montech, pour \u00ab\u00a0recherches des causes de la mort\u00a0\u00bb.<\/p>\n<p>\u00a0<\/p>\n","protected":false},"excerpt":{"rendered":"\u00a0 Le drame vire au cauchemar \u00e0 Bourret (Tarn-et-Garonne). Le petit gar\u00e7on de deux ans et demi est&hellip;\n","protected":false},"author":2,"featured_media":337370,"comment_status":"","ping_status":"","sticky":false,"template":"","format":"standard","meta":{"footnotes":""},"categories":[2816],"tags":[1111,11,47364,7183,3983,3348,847,17448,1777,674,1011,27,19975,31971,19054,12,7781,2680,15860,16992,1311,25,7342,36586,2312],"class_list":{"0":"post-337369","1":"post","2":"type-post","3":"status-publish","4":"format-standard","5":"has-post-thumbnail","7":"category-toulouse","8":"tag-actu","9":"tag-actualites","10":"tag-bourret","11":"tag-catastrophe","12":"tag-deces","13":"tag-drame","14":"tag-enfant","15":"tag-etang","16":"tag-eu","17":"tag-europe","18":"tag-fr","19":"tag-france","20":"tag-intervention","21":"tag-jumeaux","22":"tag-montauban","23":"tag-news","24":"tag-noyade","25":"tag-occitanie","26":"tag-parquet","27":"tag-plongeur","28":"tag-pompiers","29":"tag-republique-francaise","30":"tag-secours","31":"tag-tarn-et-garonne","32":"tag-toulouse"},"share_on_mastodon":{"url":"https:\/\/pubeurope.com\/@fr\/115075252438985075","error":""},"_links":{"self":[{"href":"https:\/\/www.europesays.com\/fr\/wp-json\/wp\/v2\/posts\/337369","targetHints":{"allow":["GET"]}}],"collection":[{"href":"https:\/\/www.europesays.com\/fr\/wp-json\/wp\/v2\/posts"}],"about":[{"href":"https:\/\/www.europesays.com\/fr\/wp-json\/wp\/v2\/types\/post"}],"author":[{"embeddable":true,"href":"https:\/\/www.europesays.com\/fr\/wp-json\/wp\/v2\/users\/2"}],"replies":[{"embeddable":true,"href":"https:\/\/www.europesays.com\/fr\/wp-json\/wp\/v2\/comments?post=337369"}],"version-history":[{"count":0,"href":"https:\/\/www.europesays.com\/fr\/wp-json\/wp\/v2\/posts\/337369\/revisions"}],"wp:featuredmedia":[{"embeddable":true,"href":"https:\/\/www.europesays.com\/fr\/wp-json\/wp\/v2\/media\/337370"}],"wp:attachment":[{"href":"https:\/\/www.europesays.com\/fr\/wp-json\/wp\/v2\/media?parent=337369"}],"wp:term":[{"taxonomy":"category","embeddable":true,"href":"https:\/\/www.europesays.com\/fr\/wp-json\/wp\/v2\/categories?post=337369"},{"taxonomy":"post_tag","embeddable":true,"href":"https:\/\/www.europesays.com\/fr\/wp-json\/wp\/v2\/tags?post=337369"}],"curies":[{"name":"wp","href":"https:\/\/api.w.org\/{rel}","templated":true}]}}