{"id":337373,"date":"2025-08-23T00:30:20","date_gmt":"2025-08-23T00:30:20","guid":{"rendered":"https:\/\/www.europesays.com\/fr\/337373\/"},"modified":"2025-08-23T00:30:20","modified_gmt":"2025-08-23T00:30:20","slug":"voici-nos-10-idees-de-sorties-a-lille-et-dans-ses-alentours-pour-ce-samedi-23-aout","status":"publish","type":"post","link":"https:\/\/www.europesays.com\/fr\/337373\/","title":{"rendered":"Voici nos 10 id\u00e9es de sorties \u00e0 Lille et dans ses alentours pour ce samedi 23 ao\u00fbt"},"content":{"rendered":"<p>            Par<br \/>\n        <strong><br \/>\n            <a href=\"https:\/\/actu.fr\/auteur\/nicolas-demollien\" title=\"Consulter tous les articles de Nicolas Demollien\" rel=\"nofollow noopener\" target=\"_blank\">Nicolas Demollien<\/a><br \/>\n        <\/strong><\/p>\n<p>        Publi\u00e9 le<\/p>\n<p>            22 ao\u00fbt 2025 \u00e0 16h38        <\/p>\n<p><b>Que faire ce samedi 23 ao\u00fbt 2025<\/b> \u00e0 <a href=\"https:\/\/actu.fr\/hauts-de-france\/lille_59350\" rel=\"nofollow noopener\" target=\"_blank\">Lille<\/a> (Nord) et dans ses alentours ? Si les possibilit\u00e9s sont nombreuses, nous avons s\u00e9lectionn\u00e9 pour vous <b>10 id\u00e9es de sorties<\/b> \u00e0 faire seul, en famille ou entre amis. Il ne vous reste plus qu\u2019\u00e0 choisir !<\/p>\n<p>10 id\u00e9es de sorties \u00e0 Lille pour ce samedi<\/p>\n<ul class=\" wall-content\">\n<li><a href=\"https:\/\/actu.fr\/loisirs-culture\/voici-les-brocantes-et-vide-greniers-organises-ce-week-end-dans-le-nord-et-le-pas-de-calais_63054629.html\" rel=\"nofollow noopener\" target=\"_blank\">Voici les brocantes et vide-greniers organis\u00e9s ce week-end dans le Nord et le Pas-de-Calais<\/a><\/li>\n<\/ul>\n<p class=\" wall-content\">Avis aux chineurs ! Ces samedi 23 et dimanche 24 ao\u00fbt 2025, plusieurs brocantes et vide-greniers sont organis\u00e9s dans le Nord comme dans le Pas-de-Calais. D\u00e9tails.<\/p>\n<ul class=\" wall-content\">\n<li><a href=\"https:\/\/actu.fr\/hauts-de-france\/lille_59350\/lille-gratuit-et-insolite-le-musee-dhistoire-naturelle-sort-de-ses-murs-en-travaux-jusquau-30-aout_63060144.html\" rel=\"nofollow noopener\" target=\"_blank\">Lille. Gratuit et insolite, le Mus\u00e9e d\u2019histoire naturelle sort de ses murs en travaux jusqu\u2019au 30 ao\u00fbt<\/a><\/li>\n<\/ul>\n<p class=\" wall-content\">Jusqu\u2019au 30 ao\u00fbt 2025, le mus\u00e9e d\u2019histoire naturelle de Lille (Nord) s\u2019invite au Tire-Laine avec des ateliers gratuits et des visites virtuelles pour petits et grands.<\/p>\n<ul class=\" wall-content\">\n<li><a href=\"https:\/\/actu.fr\/loisirs-culture\/belgique-un-enorme-festival-de-food-trucks-sinstalle-durant-trois-jours-a-la-frontiere-avec-le-nord_63050440.html\" rel=\"nofollow noopener\" target=\"_blank\">Belgique. Un \u00e9norme festival de food-trucks s\u2019installe durant trois jours \u00e0 la fronti\u00e8re avec le Nord<\/a><\/li>\n<\/ul>\n<p class=\" wall-content\">Avis aux gourmands ! Du vendredi 22 au dimanche 24 ao\u00fbt 2025, un grand festival de food-trucks s\u2019installe \u00e0 Mouscron (Belgique), tout pr\u00e8s de la fronti\u00e8re avec le Nord. D\u00e9tails.<\/p>\n<p>Votre r\u00e9gion, votre actu !<\/p>\n<p>Recevez chaque jour les infos qui comptent pour vous.<\/p>\n<p>\t<a href=\"https:\/\/actu.fr\/newsletter\" class=\"ac-btn ac-btn--corner ac-btn--medium ac-btn--blue800\" rel=\"nofollow noopener\" target=\"_blank\">S&rsquo;incrire<\/a><\/p>\n<ul class=\" wall-content\">\n<li><a href=\"https:\/\/actu.fr\/societe\/belgique-cet-animal-ne-a-pairi-daiza-est-un-miracule-elle-navait-que-5-de-chance-de-survivre_63046475.html\" rel=\"nofollow noopener\" target=\"_blank\">Belgique. Cet animal n\u00e9 \u00e0 Pairi Daiza est un miracul\u00e9 : \u00ab\u00a0Elle n\u2019avait que 5% de chance de survivre\u00a0\u00bb<\/a><\/li>\n<\/ul>\n<p class=\" wall-content\">C\u2019est une belle histoire que vient de r\u00e9v\u00e9ler le parc Pairi Daiza, en Belgique. N\u00e9 sur place, un animal a surv\u00e9cu \u00e0 une maladie foudroyante. Gis\u00e8le est aujourd\u2019hui gu\u00e9rie. D\u00e9tails.<\/p>\n<ul class=\" wall-content\">\n<li><a href=\"https:\/\/actu.fr\/hauts-de-france\/trelon_59601\/dans-lavesnois-a-trelon-venez-decouvrir-le-couvent-des-carmes_63044208.html\" rel=\"nofollow noopener\" target=\"_blank\">Dans l\u2019Avesnois, \u00e0 Tr\u00e9lon, venez d\u00e9couvrir le Couvent des Carmes<\/a><\/li>\n<\/ul>\n<p class=\" wall-content\">Allier patrimoine, solidarit\u00e9 et art, voil\u00e0 la proposition d\u2019une belle visite guid\u00e9e du 22 au 24 ao\u00fbt au Couvent des Carmes de Tr\u00e9lon (Nord), au profit de l\u2019APF.<\/p>\n<ul class=\" wall-content\">\n<li><a href=\"https:\/\/actu.fr\/hauts-de-france\/lille_59350\/lomme-inspire-de-poudlard-un-resto-bar-a-jeux-sest-installe-dans-une-ancienne-chapelle_63024985.html\" rel=\"nofollow noopener\" target=\"_blank\">Lomme. Inspir\u00e9 de Poudlard, un resto-bar \u00e0 jeux s\u2019est install\u00e9 dans une ancienne chapelle<\/a><\/li>\n<\/ul>\n<p class=\" wall-content\">Le bar-restaurant Arcania \u00e0 Lomme, pr\u00e8s de Lille (Nord), a ouvert en mai 2025 dans une ancienne chapelle. D\u00e9couvrez son ambiance magique version Poudlard, o\u00f9 le jeu est roi.<\/p>\n<ul class=\" wall-content\">\n<li><a href=\"https:\/\/actu.fr\/hauts-de-france\/lille_59350\/fun-fact-a-lille-est-exposee-la-tete-du-geant-dont-la-legende-aurait-donne-son-nom-a-anvers_63012257.html\" rel=\"nofollow noopener\" target=\"_blank\">\u00ab\u00a0Fun fact\u00a0\u00bb : \u00e0 Lille est expos\u00e9e la t\u00eate du g\u00e9ant dont la l\u00e9gende aurait donn\u00e9 son nom \u00e0 Anvers<\/a><\/li>\n<\/ul>\n<p class=\" wall-content\">Au Palais des Beaux-arts de Lille, on a d\u00e9got\u00e9 une anecdote qui vous fera briller en soci\u00e9t\u00e9. Le nom de la ville d\u2019Anvers viendrait d\u2019une l\u00e9gende li\u00e9e \u00e0\u2026 un de ses g\u00e9ants !<\/p>\n<ul class=\" wall-content\">\n<li><a href=\"https:\/\/actu.fr\/hauts-de-france\/wasquehal_59646\/wasquehal-apres-deux-mois-et-demi-de-travaux-la-patinoire-rouvre-le-15-aout_63018297.html\" rel=\"nofollow noopener\" target=\"_blank\">Wasquehal : apr\u00e8s deux mois et demi de travaux, la patinoire a rouvert<\/a><\/li>\n<\/ul>\n<p class=\" wall-content\">La patinoire Serge Charles \u00e0 Wasquehal (Nord) rouvre le 15 ao\u00fbt apr\u00e8s travaux, avant une grande f\u00eate pour ses 30 ans pr\u00e9vue le 6 septembre 2025.<\/p>\n<ul class=\" wall-content\">\n<li><a href=\"https:\/\/actu.fr\/hauts-de-france\/coucy-le-chateau-auffrique_02217\/a-2-heures-de-lille-les-ruines-de-ce-chateau-monumental-offrent-une-vue-a-couper-le-souffle_62992816.html\" rel=\"nofollow noopener\" target=\"_blank\">\u00c0 2 heures de Lille, les ruines de ce ch\u00e2teau monumental offrent une vue \u00e0 couper le souffle<\/a><\/li>\n<\/ul>\n<p class=\" wall-content\">Les ruines du ch\u00e2teau de Coucy, situ\u00e9es \u00e0 2 heures de Lille dans l\u2019Aisne, attirent des milliers de visiteurs chaque ann\u00e9e. En haut des tours, la vue sur la r\u00e9gion est imprenable.<\/p>\n<ul class=\" wall-content\">\n<li><a href=\"https:\/\/actu.fr\/hauts-de-france\/lille_59350\/lille-en-aout-profitez-dune-pause-immersive-et-artistique-au-centre-commercial-westfield-euralille_62998405.html\" rel=\"nofollow noopener\" target=\"_blank\">Lille. En ao\u00fbt, profitez d\u2019une pause immersive et artistique au centre commercial Westfield Euralille<\/a><\/li>\n<\/ul>\n<p class=\" wall-content\">\u00c0 l\u2019occasion de Fiesta, Westfield Euralille accueille une \u0153uvre immersive m\u00ealant peinture, vid\u00e9o mapping, musique et chant lyrique, accessible gratuitement, du 4 au 30\u00a0ao\u00fbt 2025.<\/p>\n<p class=\" wall-content\">Personnalisez votre actualit\u00e9 en ajoutant vos villes et m\u00e9dias en favori avec <a href=\"https:\/\/moncompte.actu.fr\" title=\"D\u00e9couvez Mon Actu\" rel=\"nofollow noopener\" data-trk=\"{&quot;cta&quot;:{&quot;action&quot;:&quot;https:\\\/\\\/moncompte.actu.fr&quot;,&quot;category&quot;:&quot;mon compte&quot;,&quot;from&quot;:&quot;article footer&quot;,&quot;name&quot;:&quot;Mon actu&quot;,&quot;type&quot;:&quot;cta&quot;}}\" target=\"_blank\">Mon Actu<\/a>.<\/p>\n","protected":false},"excerpt":{"rendered":"Par Nicolas Demollien Publi\u00e9 le 22 ao\u00fbt 2025 \u00e0 16h38 Que faire ce samedi 23 ao\u00fbt 2025 \u00e0&hellip;\n","protected":false},"author":2,"featured_media":337374,"comment_status":"","ping_status":"","sticky":false,"template":"","format":"standard","meta":{"footnotes":""},"categories":[2815],"tags":[1111,11,1777,674,1011,27,811,1307,1652,12,25],"class_list":{"0":"post-337373","1":"post","2":"type-post","3":"status-publish","4":"format-standard","5":"has-post-thumbnail","7":"category-lille","8":"tag-actu","9":"tag-actualites","10":"tag-eu","11":"tag-europe","12":"tag-fr","13":"tag-france","14":"tag-hauts-de-france","15":"tag-lille","16":"tag-loisirs-culture","17":"tag-news","18":"tag-republique-francaise"},"share_on_mastodon":{"url":"https:\/\/pubeurope.com\/@fr\/115075260375201937","error":""},"_links":{"self":[{"href":"https:\/\/www.europesays.com\/fr\/wp-json\/wp\/v2\/posts\/337373","targetHints":{"allow":["GET"]}}],"collection":[{"href":"https:\/\/www.europesays.com\/fr\/wp-json\/wp\/v2\/posts"}],"about":[{"href":"https:\/\/www.europesays.com\/fr\/wp-json\/wp\/v2\/types\/post"}],"author":[{"embeddable":true,"href":"https:\/\/www.europesays.com\/fr\/wp-json\/wp\/v2\/users\/2"}],"replies":[{"embeddable":true,"href":"https:\/\/www.europesays.com\/fr\/wp-json\/wp\/v2\/comments?post=337373"}],"version-history":[{"count":0,"href":"https:\/\/www.europesays.com\/fr\/wp-json\/wp\/v2\/posts\/337373\/revisions"}],"wp:featuredmedia":[{"embeddable":true,"href":"https:\/\/www.europesays.com\/fr\/wp-json\/wp\/v2\/media\/337374"}],"wp:attachment":[{"href":"https:\/\/www.europesays.com\/fr\/wp-json\/wp\/v2\/media?parent=337373"}],"wp:term":[{"taxonomy":"category","embeddable":true,"href":"https:\/\/www.europesays.com\/fr\/wp-json\/wp\/v2\/categories?post=337373"},{"taxonomy":"post_tag","embeddable":true,"href":"https:\/\/www.europesays.com\/fr\/wp-json\/wp\/v2\/tags?post=337373"}],"curies":[{"name":"wp","href":"https:\/\/api.w.org\/{rel}","templated":true}]}}