{"id":337375,"date":"2025-08-23T00:31:36","date_gmt":"2025-08-23T00:31:36","guid":{"rendered":"https:\/\/www.europesays.com\/fr\/337375\/"},"modified":"2025-08-23T00:31:36","modified_gmt":"2025-08-23T00:31:36","slug":"il-devrait-arriver-lundi-letang-annonce-le-retour-de-pavard-a-lille-puis-se-met-a-rire","status":"publish","type":"post","link":"https:\/\/www.europesays.com\/fr\/337375\/","title":{"rendered":"\u00ab\u00a0Il devrait arriver lundi\u00a0\u00bb, L\u00e9tang annonce le retour de Pavard \u00e0 Lille&#8230; puis se met \u00e0 rire"},"content":{"rendered":"<p>Convoit\u00e9 apr\u00e8s deux saisons convaincantes en Italie, Benjamin Pavard pourrait quitter l&rsquo;Inter Milan lors du mercato estival. Club formateur du d\u00e9fenseur fran\u00e7ais, Lille aurait bien aim\u00e9 pouvoir annoncer son grand retour&#8230; mais reste confront\u00e9 \u00e0 sa r\u00e9alit\u00e9 \u00e9conomique, comme l&rsquo;a rappel\u00e9 Olivier L\u00e9tang vendredi au d\u00e9tour d&rsquo;une petite plaisanterie sur le champion du monde 2018.<\/p>\n<p>Durant quelques secondes, les supporters du LOSC ont pu croire \u00e0 un retour inesp\u00e9r\u00e9. Pr\u00e9sent en conf\u00e9rence de presse vendredi, \u00e0 deux jours du choc de son \u00e9quipe face \u00e0 l&rsquo;AS Monaco (dimanche, 20h45) lors de la deuxi\u00e8me journ\u00e9e de Ligue 1, <a href=\"https:\/\/rmcsport.bfmtv.com\/football\/transferts\/lille-avoir-une-equipe-forte-le-president-letang-appelle-au-calme-et-a-la-confiance-pour-la-fin-du-mercato_AV-202508080342.html\" title=\"Lille: &quot;Avoir une \u00e9quipe forte&quot;, le pr\u00e9sident L\u00e9tang appelle au calme et \u00e0 la confiance pour la fin du mercato\" class=\"internal_link\" rel=\"nofollow noopener\" target=\"_blank\">Olivier L\u00e9tang<\/a> a annonc\u00e9 \u00e0 la surprise g\u00e9n\u00e9rale que <a href=\"https:\/\/rmcsport.bfmtv.com\/football\/benjamin-pavard_DN-202211080806.html\" title=\"Benjamin Pavard\" class=\"internal_link\" rel=\"nofollow noopener\" target=\"_blank\">Benjamin Pavard<\/a> \u00ab\u00a0devrait arriver lundi\u00a0\u00bb \u00e0 Lille. \u00ab\u00a0C&rsquo;est une bonne nouvelle, hein?\u00a0\u00bb, a-t-il fi\u00e8rement lanc\u00e9 face aux m\u00e9dias.<\/p>\n<p>Mais apr\u00e8s un petit moment de flottement, le pr\u00e9sident des Dogues s&rsquo;est marr\u00e9 avant de mettre fin \u00e0 la plaisanterie. Et d&rsquo;expliquer pourquoi il avait peu d&rsquo;espoir de voir revenir au club le champion du monde 2018.<\/p>\n<p><a href=\"https:\/\/rmcsport.bfmtv.com\/football\/transferts\/direct-mercato-toutes-les-infos-et-rumeurs-de-transfert-du-21-aout-2025-en-live_LN-202508210241.html\" title=\"DIRECT. Mercato: le milieu fran\u00e7ais Andy Diouf quitte le RC Lens pour l&#039;Inter\" class=\"internal_link\" rel=\"nofollow noopener\" target=\"_blank\">&gt;&gt; Toutes les infos et rumeurs du mercato<\/a><\/p>\n<p>\u00ab\u00a0Des consid\u00e9rations \u00e9conomiques qui sont aujourd&rsquo;hui impossibles \u00e0 r\u00e9aliser\u00a0\u00bb<\/p>\n<p>Sur le d\u00e9part de l&rsquo;Inter Milan pendant l&rsquo;\u00e9t\u00e9, Benjamin Pavard est bien disponible sur le march\u00e9. Mais l&rsquo;international tricolore reste inaccessible pour Lille comme l&rsquo;a clairement expliqu\u00e9 le pr\u00e9sident nordiste.<\/p>\n<p>\u00ab\u00a0J&rsquo;ai appel\u00e9 Benjamin, on s&rsquo;est parl\u00e9s. Mais m\u00eame le transfert, on ne saurait pas le payer\u00a0\u00bb, a embray\u00e9 Olivier L\u00e9tang ce vendredi face \u00e0 l&rsquo;assistance. \u00ab\u00a0Il y a des choses qui sont possibles, d&rsquo;autres qui ne le sont pas. Ce serait formidable. Et je le lui ai dit que j&rsquo;adorerais qu&rsquo;il revienne. Mais il y a des consid\u00e9rations \u00e9conomiques qui sont aujourd&rsquo;hui impossibles \u00e0 r\u00e9aliser.\u00a0\u00bb<\/p>\n<p>Apr\u00e8s une premi\u00e8re saison pro timide avec Lille, en 2015-2016, l&rsquo;international tricolore aux 55 s\u00e9lections avait d\u00fb quitter son club formateur pour se r\u00e9v\u00e9ler ailleurs en Europe, du c\u00f4t\u00e9 de Stuttgart. Benjamin Pavard a \u00e9t\u00e9 finaliste malheureux de la derni\u00e8re finale de Ligue des champions avec l&rsquo;Inter Milan, qui ne serait pas contre \u00e9conomiser son important salaire. <a href=\"https:\/\/rmcsport.bfmtv.com\/football\/transferts\/mercato-pavard-aurait-ete-propose-au-barca-et-a-son-ancien-entraineur-flick_AV-202508180305.html\" title=\"Mercato: Pavard aurait \u00e9t\u00e9 propos\u00e9 au Bar\u00e7a et \u00e0 son ancien entra\u00eeneur Flick\" class=\"internal_link\" rel=\"nofollow noopener\" target=\"_blank\">Son nom a \u00e9t\u00e9 associ\u00e9 au Bar\u00e7a<\/a> et \u00e0 Galatasaray durant ce mercato.<\/p>\n<p>Romain Daveau avec Jean Bommel<\/p>\n","protected":false},"excerpt":{"rendered":"Convoit\u00e9 apr\u00e8s deux saisons convaincantes en Italie, Benjamin Pavard pourrait quitter l&rsquo;Inter Milan lors du mercato estival. Club&hellip;\n","protected":false},"author":2,"featured_media":337376,"comment_status":"","ping_status":"","sticky":false,"template":"","format":"standard","meta":{"footnotes":""},"categories":[2815],"tags":[1111,11,1777,674,1011,27,811,1307,12,25],"class_list":{"0":"post-337375","1":"post","2":"type-post","3":"status-publish","4":"format-standard","5":"has-post-thumbnail","7":"category-lille","8":"tag-actu","9":"tag-actualites","10":"tag-eu","11":"tag-europe","12":"tag-fr","13":"tag-france","14":"tag-hauts-de-france","15":"tag-lille","16":"tag-news","17":"tag-republique-francaise"},"share_on_mastodon":{"url":"https:\/\/pubeurope.com\/@fr\/115075264226493172","error":""},"_links":{"self":[{"href":"https:\/\/www.europesays.com\/fr\/wp-json\/wp\/v2\/posts\/337375","targetHints":{"allow":["GET"]}}],"collection":[{"href":"https:\/\/www.europesays.com\/fr\/wp-json\/wp\/v2\/posts"}],"about":[{"href":"https:\/\/www.europesays.com\/fr\/wp-json\/wp\/v2\/types\/post"}],"author":[{"embeddable":true,"href":"https:\/\/www.europesays.com\/fr\/wp-json\/wp\/v2\/users\/2"}],"replies":[{"embeddable":true,"href":"https:\/\/www.europesays.com\/fr\/wp-json\/wp\/v2\/comments?post=337375"}],"version-history":[{"count":0,"href":"https:\/\/www.europesays.com\/fr\/wp-json\/wp\/v2\/posts\/337375\/revisions"}],"wp:featuredmedia":[{"embeddable":true,"href":"https:\/\/www.europesays.com\/fr\/wp-json\/wp\/v2\/media\/337376"}],"wp:attachment":[{"href":"https:\/\/www.europesays.com\/fr\/wp-json\/wp\/v2\/media?parent=337375"}],"wp:term":[{"taxonomy":"category","embeddable":true,"href":"https:\/\/www.europesays.com\/fr\/wp-json\/wp\/v2\/categories?post=337375"},{"taxonomy":"post_tag","embeddable":true,"href":"https:\/\/www.europesays.com\/fr\/wp-json\/wp\/v2\/tags?post=337375"}],"curies":[{"name":"wp","href":"https:\/\/api.w.org\/{rel}","templated":true}]}}