{"id":337379,"date":"2025-08-23T00:33:19","date_gmt":"2025-08-23T00:33:19","guid":{"rendered":"https:\/\/www.europesays.com\/fr\/337379\/"},"modified":"2025-08-23T00:33:19","modified_gmt":"2025-08-23T00:33:19","slug":"a-marseille-le-vestiaire-est-secoue","status":"publish","type":"post","link":"https:\/\/www.europesays.com\/fr\/337379\/","title":{"rendered":"\u00e0 Marseille, le vestiaire est secou\u00e9"},"content":{"rendered":"\n<p>Des joueurs us\u00e9s mentalement et troubl\u00e9s par le sort r\u00e9serv\u00e9 \u00e0 Rabiot\u00a0: \u00e0 Marseille, le vestiaire est secou\u00e9<\/p>\n<p>Douloureusement surpris par le sort r\u00e9serv\u00e9 \u00e0 Adrien Rabiot, le vestiaire marseillais a compris qu&rsquo;il lui faudra bien du courage en ce d\u00e9but de saison Le trio De Zerbi-Benatia-Longoria, align\u00e9, ne l&rsquo;\u00e9pargnera pas s&rsquo;il se manque. Surtout en p\u00e9riode de mercato.<\/p>\n","protected":false},"excerpt":{"rendered":"Des joueurs us\u00e9s mentalement et troubl\u00e9s par le sort r\u00e9serv\u00e9 \u00e0 Rabiot\u00a0: \u00e0 Marseille, le vestiaire est secou\u00e9&hellip;\n","protected":false},"author":2,"featured_media":337380,"comment_status":"","ping_status":"","sticky":false,"template":"","format":"standard","meta":{"footnotes":""},"categories":[2814],"tags":[1111,11,1777,674,1011,27,884,12,882,25],"class_list":{"0":"post-337379","1":"post","2":"type-post","3":"status-publish","4":"format-standard","5":"has-post-thumbnail","7":"category-marseille","8":"tag-actu","9":"tag-actualites","10":"tag-eu","11":"tag-europe","12":"tag-fr","13":"tag-france","14":"tag-marseille","15":"tag-news","16":"tag-provence-alpes-cote-dazur","17":"tag-republique-francaise"},"share_on_mastodon":{"url":"https:\/\/pubeurope.com\/@fr\/115075272115195956","error":""},"_links":{"self":[{"href":"https:\/\/www.europesays.com\/fr\/wp-json\/wp\/v2\/posts\/337379","targetHints":{"allow":["GET"]}}],"collection":[{"href":"https:\/\/www.europesays.com\/fr\/wp-json\/wp\/v2\/posts"}],"about":[{"href":"https:\/\/www.europesays.com\/fr\/wp-json\/wp\/v2\/types\/post"}],"author":[{"embeddable":true,"href":"https:\/\/www.europesays.com\/fr\/wp-json\/wp\/v2\/users\/2"}],"replies":[{"embeddable":true,"href":"https:\/\/www.europesays.com\/fr\/wp-json\/wp\/v2\/comments?post=337379"}],"version-history":[{"count":0,"href":"https:\/\/www.europesays.com\/fr\/wp-json\/wp\/v2\/posts\/337379\/revisions"}],"wp:featuredmedia":[{"embeddable":true,"href":"https:\/\/www.europesays.com\/fr\/wp-json\/wp\/v2\/media\/337380"}],"wp:attachment":[{"href":"https:\/\/www.europesays.com\/fr\/wp-json\/wp\/v2\/media?parent=337379"}],"wp:term":[{"taxonomy":"category","embeddable":true,"href":"https:\/\/www.europesays.com\/fr\/wp-json\/wp\/v2\/categories?post=337379"},{"taxonomy":"post_tag","embeddable":true,"href":"https:\/\/www.europesays.com\/fr\/wp-json\/wp\/v2\/tags?post=337379"}],"curies":[{"name":"wp","href":"https:\/\/api.w.org\/{rel}","templated":true}]}}