{"id":337383,"date":"2025-08-23T00:35:15","date_gmt":"2025-08-23T00:35:15","guid":{"rendered":"https:\/\/www.europesays.com\/fr\/337383\/"},"modified":"2025-08-23T00:35:15","modified_gmt":"2025-08-23T00:35:15","slug":"lyon-quelques-idees-de-sortie-gratuites-et-en-plein-air-avant-la-rentree","status":"publish","type":"post","link":"https:\/\/www.europesays.com\/fr\/337383\/","title":{"rendered":"Lyon : quelques id\u00e9es de sortie gratuites et en plein air avant la rentr\u00e9e"},"content":{"rendered":"<p>Cet \u00e9t\u00e9, la Ville de Lyon avait pr\u00e9vu 200 \u00e9v\u00e9nements gratuits et en plein air dans le cadre de \u201cTout l&rsquo;monde dehors\u201d. Et ce n&rsquo;est pas fini ! Voici tout ce qu&rsquo;il reste \u00e0 faire d&rsquo;ici la rentr\u00e9e.<\/p>\n<p>Pour inciter les Lyonnais \u00e0 sortir cet \u00e9t\u00e9, la Ville de Lyon avait rassembl\u00e9 <b>200 \u00e9v\u00e9nements gratuits et en plein air<\/b> pour son festival <b>\u00ab\u00a0Tout l&rsquo;monde dehors\u00a0\u00bb<\/b>.<\/p>\n<p>Alors que la rentr\u00e9e se rapproche, on vous pr\u00e9sente quelques-uns des derniers \u00e9v\u00e9nements&#8230; pour profiter de l&rsquo;\u00e9t\u00e9 jusqu&rsquo;au bout !<\/p>\n<p>De la musique et de la danse pour ce week-end \u00e0 Lyon<\/p>\n<p>Samedi 23 ao\u00fbt, le 6e arrondissement accueille <a class=\"url\" href=\"https:\/\/www.lyon.fr\/evenement\/concert\/le-fda-trio-joue-les-standards-du-jazz\" target=\"_blank\" rel=\"noopener\">un concert de<\/a><b><a class=\"url\" href=\"https:\/\/www.lyon.fr\/evenement\/concert\/le-fda-trio-joue-les-standards-du-jazz\" target=\"_blank\" rel=\"noopener\">jazz<\/a> <\/b>tandis que le 9e pr\u00e9f\u00e8re <a class=\"url\" href=\"https:\/\/www.lyon.fr\/evenement\/danse\/bal-de-rock-4-temps-moderne\" target=\"_blank\" rel=\"noopener\">le rock<\/a>.<\/p>\n<p>Dimanche 24 ao\u00fbt \u00e0 la Croix-Rousse, apr\u00e8s une journ\u00e9e d&rsquo;activit\u00e9s artistiques et \u00e9ducatives, c&rsquo;est <a class=\"url\" href=\"https:\/\/www.lyon.fr\/evenement\/concert\/spectre\" target=\"_blank\" rel=\"noopener\">soir\u00e9e<\/a><b><a class=\"url\" href=\"https:\/\/www.lyon.fr\/evenement\/concert\/spectre\" target=\"_blank\" rel=\"noopener\">\u00e9lectro<\/a>.<\/b><\/p>\n<p>Notre s\u00e9lection \u201cTout l&rsquo;monde dehors\u201d pour la semaine<\/p>\n<p><b>Mardi 26 ao\u00fbt, Lyon 2 :<\/b>\u00a0<a class=\"url\" href=\"https:\/\/www.lyon.fr\/evenement\/danse\/la-salsa-cubaine-et-ses-derives\" target=\"_blank\" rel=\"noopener\">initiation et bal de salsa cubaine<\/a> (20h-22h30)<\/p>\n<p><b>Mercredi 27 ao\u00fbt, Lyon 3 :<\/b>\u00a0<a class=\"url\" href=\"https:\/\/www.lyon.fr\/evenement\/spectacle\/camille-tu-dors-0\" target=\"_blank\" rel=\"noopener\">spectacle \u201cCamille, tu dors ?\u201d<\/a> (18h-18h40)<\/p>\n<p><b>Jeudi 28 ao\u00fbt, Lyon 7 :<\/b>\u00a0<a class=\"url\" href=\"https:\/\/www.lyon.fr\/evenement\/cinema\/cinejardin\" target=\"_blank\" rel=\"noopener\">diffusion en plein air du film<\/a><a class=\"url\" href=\"https:\/\/www.lyon.fr\/evenement\/cinema\/cinejardin\" target=\"_blank\" rel=\"noopener\">\u00ab\u00a0Calamity\u00a0\u00bb<\/a>\u00a0(21h-23h)<\/p>\n<p><b>Jeudi 28 ao\u00fbt, Lyon 2 :<\/b>\u00a0<a class=\"url\" href=\"https:\/\/www.lyon.fr\/evenement\/danse\/fest-breizh-danses-0\" target=\"_blank\" rel=\"noopener\">danses et musiques bretonnes<\/a> (20h-22h)<\/p>\n<p><b>Vendredi 29 ao\u00fbt, Lyon 1 :<\/b>\u00a0<a class=\"url\" href=\"https:\/\/www.lyon.fr\/evenement\/livre\/lectures-au-jardin\" target=\"_blank\" rel=\"noopener\">lecture au jardin du mus\u00e9e des Beaux-Arts<\/a> (11h-11h30)<\/p>\n<p><b>Vendredi 29 ao\u00fbt, Lyon 5 :<\/b>\u00a0<a class=\"url\" href=\"https:\/\/www.lyon.fr\/evenement\/spectacle\/sganarelle\" target=\"_blank\" rel=\"noopener\">th\u00e9\u00e2tre de Moli\u00e8re<\/a> (19h-20h)<\/p>\n<p>La Croix-Rousse qui r\u00e9gale avant la rentr\u00e9e<\/p>\n<p>Samedi 30 ao\u00fbt de 15h \u00e0 23h,<b> l&rsquo;esplanade du Gros Caillou <\/b>re\u00e7oit le <a class=\"url\" href=\"https:\/\/www.lyon.fr\/evenement\/festival\/festival-nos-puissantes-amities\" target=\"_blank\" rel=\"noopener\">\u201cFestival Nos Puissances Amiti\u00e9s\u201d<\/a> au cours duquel se d\u00e9rouleront conf\u00e9rences, d\u00e9bats, ateliers, spectacles, concerts et DJ sets.<\/p>\n<p>Et pour finir en beaut\u00e9, dimanche 31 ao\u00fbt de 18h \u00e0 22h30, rendez-vous au <b>parc Francis Popy<\/b> pour un <a class=\"url\" href=\"https:\/\/www.lyon.fr\/evenement\/concert\/agendarts-academy\" target=\"_blank\" rel=\"noopener\">spectacle de clown<\/a> \u201cdans une ambiance guinguette, strass et paillettes\u201d. <\/p>\n<p>Tous ces \u00e9v\u00e9nements et plein d&rsquo;autres sont \u00e0 retrouver <a class=\"url\" href=\"https:\/\/www.lyon.fr\/tlmd\" target=\"_blank\" rel=\"noopener\">sur le site de la ville de Lyon<\/a>.<\/p>\n<p><img loading=\"lazy\" decoding=\"async\" src=\"https:\/\/www.europesays.com\/fr\/wp-content\/uploads\/2025\/08\/1755909315_728_img\" width=\"350\" height=\"200\" border=\"0\" title=\"Camille Thouvenin et la plus petite maison de Lyon\"\/><\/p>\n<p>\u25baSoci\u00e9t\u00e9<\/p>\n<p style=\"font-size: 22px;\"><b>[VID\u00c9O] D\u00e9couvrez la plus petite maison de Lyon !\u00a0<\/b><\/p>\n<p>Depuis le mois de mai, Camille fait suivre sur Instagram&#8230;<\/p>\n<p><\/p>\n","protected":false},"excerpt":{"rendered":"Cet \u00e9t\u00e9, la Ville de Lyon avait pr\u00e9vu 200 \u00e9v\u00e9nements gratuits et en plein air dans le cadre&hellip;\n","protected":false},"author":2,"featured_media":337384,"comment_status":"","ping_status":"","sticky":false,"template":"","format":"standard","meta":{"footnotes":""},"categories":[1889],"tags":[47366,1111,11,2430,1777,674,1011,27,47368,2428,12,21188,25,47367],"class_list":{"0":"post-337383","1":"post","2":"type-post","3":"status-publish","4":"format-standard","5":"has-post-thumbnail","7":"category-lyon","8":"tag-vnements","9":"tag-actu","10":"tag-actualites","11":"tag-auvergne-rhone-alpes","12":"tag-eu","13":"tag-europe","14":"tag-fr","15":"tag-france","16":"tag-ides-de-sortie","17":"tag-lyon","18":"tag-news","19":"tag-rentre","20":"tag-republique-francaise","21":"tag-tout-lmonde-dehors"},"share_on_mastodon":{"url":"https:\/\/pubeurope.com\/@fr\/115075279984148150","error":""},"_links":{"self":[{"href":"https:\/\/www.europesays.com\/fr\/wp-json\/wp\/v2\/posts\/337383","targetHints":{"allow":["GET"]}}],"collection":[{"href":"https:\/\/www.europesays.com\/fr\/wp-json\/wp\/v2\/posts"}],"about":[{"href":"https:\/\/www.europesays.com\/fr\/wp-json\/wp\/v2\/types\/post"}],"author":[{"embeddable":true,"href":"https:\/\/www.europesays.com\/fr\/wp-json\/wp\/v2\/users\/2"}],"replies":[{"embeddable":true,"href":"https:\/\/www.europesays.com\/fr\/wp-json\/wp\/v2\/comments?post=337383"}],"version-history":[{"count":0,"href":"https:\/\/www.europesays.com\/fr\/wp-json\/wp\/v2\/posts\/337383\/revisions"}],"wp:featuredmedia":[{"embeddable":true,"href":"https:\/\/www.europesays.com\/fr\/wp-json\/wp\/v2\/media\/337384"}],"wp:attachment":[{"href":"https:\/\/www.europesays.com\/fr\/wp-json\/wp\/v2\/media?parent=337383"}],"wp:term":[{"taxonomy":"category","embeddable":true,"href":"https:\/\/www.europesays.com\/fr\/wp-json\/wp\/v2\/categories?post=337383"},{"taxonomy":"post_tag","embeddable":true,"href":"https:\/\/www.europesays.com\/fr\/wp-json\/wp\/v2\/tags?post=337383"}],"curies":[{"name":"wp","href":"https:\/\/api.w.org\/{rel}","templated":true}]}}