{"id":337394,"date":"2025-08-23T00:42:12","date_gmt":"2025-08-23T00:42:12","guid":{"rendered":"https:\/\/www.europesays.com\/fr\/337394\/"},"modified":"2025-08-23T00:42:12","modified_gmt":"2025-08-23T00:42:12","slug":"la-russie-affirme-quil-ny-a-pas-de-rencontre-prevue-entre-vladimir-poutine-et-volodymyr-zelensky-2","status":"publish","type":"post","link":"https:\/\/www.europesays.com\/fr\/337394\/","title":{"rendered":"la Russie affirme qu&rsquo;il n&rsquo;y a \u00ab\u00a0pas de rencontre pr\u00e9vue\u00a0\u00bb entre Vladimir Poutine et Volodymyr Zelensky"},"content":{"rendered":"\n<p class=\"c-chapo \">\n  Donald Trump, qui avait annonc\u00e9 lundi pr\u00e9parer une telle rencontre, est \u00e0 pr\u00e9sent lui-m\u00eame moins affirmatif quant \u00e0 sa tenue.\n<\/p>\n<p>            lire plus tard<\/p>\n<p id=\"dialog__title\" class=\"dialog__title\">Pour sauvegarder cet article, connectez-vous ou cr\u00e9ez un compte franceinfo<\/p>\n<p class=\"dialog__description\">Sans paiement. Sans abonnement.<\/p>\n<p>        Fermer la fen\u00eatre d\u2019activation des notifications France Info<\/p>\n<p>            cr\u00e9er votre compte<\/p>\n<p>            se connecter<\/p>\n<p>        Fermer la fen\u00eatre de pr\u00e9sentation<\/p>\n<p>    <img loading=\"lazy\" decoding=\"async\" class=\"signature__image lazyload\" width=\"100\" height=\"100\" data- alt=\"\" src=\"https:\/\/www.europesays.com\/fr\/wp-content\/uploads\/2025\/05\/64a68815cd1a7_placeholder-36b69ec8.png\"\/><\/p>\n<p>    Publi\u00e9 le 22\/08\/2025 23:49<\/p>\n<p>        Temps de lecture : 2min<\/p>\n<p>    <img decoding=\"async\"  alt=\"Le pr\u00e9sident russe Vladimir Poutine \u00e0 Sarov, en Russie, le 22 ao\u00fbt 2025. (YEVGENY BIYATOV \/ ZUMA \/ SIPA)\" width=\"432\" height=\"243\" src=\"https:\/\/www.europesays.com\/fr\/wp-content\/uploads\/2025\/08\/sipa-sipa60049458-000003-68a8e47ab8885225544794.jpg\" fetchpriority=\"high\"\/><\/p>\n<p>      Le pr\u00e9sident russe Vladimir Poutine \u00e0 Sarov, en Russie, le 22 ao\u00fbt 2025. (YEVGENY BIYATOV \/ ZUMA \/ SIPA)<\/p>\n<p>Un cessez-le-feu qui n&rsquo;est pas du tout act\u00e9. Le chef de la diplomatie russe, Sergue\u00ef Lavrov, a affirm\u00e9, vendredi 22 ao\u00fbt, qu&rsquo;il n&rsquo;y avait\u00a0\u00ab\u00a0pas de rencontre pr\u00e9vue\u00a0\u00bb<a href=\"https:\/\/www.franceinfo.fr\/monde\/europe\/manifestations-en-ukraine\/guerre-en-ukraine-hongrie-suisse-autriche-ces-pays-prets-a-accueillir-une-rencontre-entre-vladimir-poutine-et-volodymyr-zelensky_7446742.html\" rel=\"nofollow noopener\" target=\"_blank\">\u00a0entre Vladimir Poutine et son homologue ukrainien<\/a>, Volodymyr Zelensky, tandis que s&rsquo;intensifient les\u00a0<a href=\"https:\/\/www.franceinfo.fr\/monde\/europe\/manifestations-en-ukraine\/guerre-en-ukraine-trois-questions-sur-les-garanties-de-securite-au-c-ur-des-discussions-entre-donald-trump-et-volodymyr-zelensky-a-washington_7441648.html\" rel=\"nofollow noopener\" target=\"_blank\">efforts diplomatiques<\/a>\u00a0visant \u00e0 trouver une issue au conflit en Ukraine.\u00a0\u00ab\u00a0Poutine est pr\u00eat \u00e0 rencontrer Zelensky lorsque l&rsquo;ordre du jour de ce sommet sera pr\u00eat. Et cet ordre du jour n&rsquo;est absolument pas pr\u00eat\u00a0\u00bb, a assur\u00e9 le ministre des Affaires \u00e9trang\u00e8res russe, dans une interview \u00e0 la cha\u00eene am\u00e9ricaine\u00a0<a href=\"https:\/\/www.nbcnews.com\/meet-the-press\/video\/russian-fm-lavrov-says-no-putin-zelenskyy-meeting-is-planned-despite-wh-claims-245555781984\" rel=\"nofollow noopener\" target=\"_blank\">NBC<\/a>\u00a0diffus\u00e9e vendredi.<\/p>\n<p>Donald Trump, qui ambitionne de mettre fin le plus rapidement possible \u00e0 la guerre en Ukraine, a annonc\u00e9 lundi <a href=\"https:\/\/www.franceinfo.fr\/monde\/europe\/manifestations-en-ukraine\/guerre-en-ukraine-donald-trump-annonce-qu-il-a-commence-les-preparatifs-d-une-rencontre-entre-vladimir-poutine-et-volodymyr-zelensky_7442635.html\" rel=\"nofollow noopener\" target=\"_blank\">pr\u00e9parer une rencontre entre les pr\u00e9sidents russe et ukrainien<\/a>. Selon Sergue\u00ef Lavrov, Washington aimerait que les bellig\u00e9rants acceptent \u00ab\u00a0plusieurs principes\u00a0\u00bb en vue du futur r\u00e8glement, <a href=\"https:\/\/www.franceinfo.fr\/monde\/europe\/manifestations-en-ukraine\/guerre-en-ukraine-donald-trump-juge-que-kiev-ne-doit-ni-recuperer-la-crimee-ni-entrer-dans-l-otan-avant-sa-rencontre-avec-volodymyr-zelensky_7441546.html\" rel=\"nofollow noopener\" target=\"_blank\">notamment la non-adh\u00e9sion de l&rsquo;Ukraine \u00e0 l&rsquo;Otan<\/a> et la discussion d&rsquo;\u00e9changes territoriaux. Mais \u00ab\u00a0Zelensky a dit &lsquo;non&rsquo; \u00e0 tout cela\u00a0\u00bb, a accus\u00e9 le chef de la diplomatie russe.\u00a0<\/p>\n<p>Le pr\u00e9sident am\u00e9ricain lui-m\u00eame est d\u00e9sormais moins affirmatif quant \u00e0 la tenue de cette rencontre. \u00ab\u00a0Nous allons voir si Poutine et Zelensky vont travailler ensemble. Vous savez, c&rsquo;est un peu comme l&rsquo;huile et le vinaigre. Ils ne s&rsquo;entendent pas tr\u00e8s bien, pour des raisons \u00e9videntes\u00a0\u00bb, a-t-il d\u00e9clar\u00e9 vendredi \u00e0 des journalistes \u00e0 Washington.<\/p>\n<p>Cette semaine, Sergue\u00ef Lavrov avait d\u00e9j\u00e0 accus\u00e9 Kiev de ne pas vouloir un \u00ab\u00a0r\u00e8glement juste et durable\u00a0\u00bb du conflit et estim\u00e9 que les Europ\u00e9ens faisaient \u00ab\u00a0des tentatives assez maladroites\u00a0\u00bb pour convaincre Donald Trump de continuer \u00e0 armer l&rsquo;Ukraine. Le Kremlin est d&rsquo;accord sur le principe d&rsquo;une rencontre entre Vladimir Poutine et Volodymyr Zelensky, mais souhaite que celle-ci intervienne dans la phase finale des pourparlers de paix entre les deux pays. Or, les positions des deux camps semblent toujours irr\u00e9conciliables.<\/p>\n<p>Volodymyr Zelensky, lui, s&rsquo;est dit \u00e0 de nombreuses reprises pr\u00eat \u00e0 rencontrer son homologue russe. Mais <a href=\"https:\/\/www.franceinfo.fr\/monde\/europe\/manifestations-en-ukraine\/guerre-en-ukraine-volodymyr-zelensky-accuse-la-russie-de-vouloir-se-soustraire-a-l-organisation-de-pourparlers-de-paix_7447444.html\" rel=\"nofollow noopener\" target=\"_blank\">il a accus\u00e9 vendredi la Russie<\/a> de \u00ab\u00a0tout faire pour emp\u00eacher cette rencontre d&rsquo;avoir lieu\u00a0\u00bb.<\/p>\n","protected":false},"excerpt":{"rendered":"Donald Trump, qui avait annonc\u00e9 lundi pr\u00e9parer une telle rencontre, est \u00e0 pr\u00e9sent lui-m\u00eame moins affirmatif quant \u00e0&hellip;\n","protected":false},"author":2,"featured_media":337395,"comment_status":"","ping_status":"","sticky":false,"template":"","format":"standard","meta":{"footnotes":""},"categories":[1591],"tags":[11,1887,12,1885,1886,132],"class_list":{"0":"post-337394","1":"post","2":"type-post","3":"status-publish","4":"format-standard","5":"has-post-thumbnail","7":"category-russie","8":"tag-actualites","9":"tag-federation-de-russie","10":"tag-news","11":"tag-russia","12":"tag-russian-federation","13":"tag-russie"},"share_on_mastodon":{"url":"https:\/\/pubeurope.com\/@fr\/115075307646747649","error":""},"_links":{"self":[{"href":"https:\/\/www.europesays.com\/fr\/wp-json\/wp\/v2\/posts\/337394","targetHints":{"allow":["GET"]}}],"collection":[{"href":"https:\/\/www.europesays.com\/fr\/wp-json\/wp\/v2\/posts"}],"about":[{"href":"https:\/\/www.europesays.com\/fr\/wp-json\/wp\/v2\/types\/post"}],"author":[{"embeddable":true,"href":"https:\/\/www.europesays.com\/fr\/wp-json\/wp\/v2\/users\/2"}],"replies":[{"embeddable":true,"href":"https:\/\/www.europesays.com\/fr\/wp-json\/wp\/v2\/comments?post=337394"}],"version-history":[{"count":0,"href":"https:\/\/www.europesays.com\/fr\/wp-json\/wp\/v2\/posts\/337394\/revisions"}],"wp:featuredmedia":[{"embeddable":true,"href":"https:\/\/www.europesays.com\/fr\/wp-json\/wp\/v2\/media\/337395"}],"wp:attachment":[{"href":"https:\/\/www.europesays.com\/fr\/wp-json\/wp\/v2\/media?parent=337394"}],"wp:term":[{"taxonomy":"category","embeddable":true,"href":"https:\/\/www.europesays.com\/fr\/wp-json\/wp\/v2\/categories?post=337394"},{"taxonomy":"post_tag","embeddable":true,"href":"https:\/\/www.europesays.com\/fr\/wp-json\/wp\/v2\/tags?post=337394"}],"curies":[{"name":"wp","href":"https:\/\/api.w.org\/{rel}","templated":true}]}}