{"id":337398,"date":"2025-08-23T00:44:11","date_gmt":"2025-08-23T00:44:11","guid":{"rendered":"https:\/\/www.europesays.com\/fr\/337398\/"},"modified":"2025-08-23T00:44:11","modified_gmt":"2025-08-23T00:44:11","slug":"marche-letat-americain-prend-10-du-capital-dintel","status":"publish","type":"post","link":"https:\/\/www.europesays.com\/fr\/337398\/","title":{"rendered":"March\u00e9 : L&rsquo;Etat am\u00e9ricain prend 10% du capital d&rsquo;Intel"},"content":{"rendered":"<p>(Reuters) -Donald Trump a annonc\u00e9 vendredi que l&rsquo;Etat am\u00e9ricain allait prendre une participation de 10% au capital d&rsquo;Intel, avec l&rsquo;accord du g\u00e9ant des puces informatiques, en difficult\u00e9, et que d&rsquo;autres investissements de ce type \u00e9taient possibles.<\/p>\n<p>Les d\u00e9tails de cette op\u00e9ration seront communiqu\u00e9s ult\u00e9rieurement, a dit une source proche du dossier, alors que le pr\u00e9sident am\u00e9ricain devait rencontrer ce vendredi le directeur g\u00e9n\u00e9ral d&rsquo;Intel, Lip-Bu Tan, selon un repr\u00e9sentant de la Maison blanche.<\/p>\n<p>Les deux hommes se sont d\u00e9j\u00e0 rencontr\u00e9s le 11 ao\u00fbt apr\u00e8s que Donald Trump a appel\u00e9 \u00e0 la d\u00e9mission du patron d&rsquo;Intel en raison de ses liens suppos\u00e9s avec des entreprises chinoises.<\/p>\n<p>\u00ab\u00a0Il est arriv\u00e9 en souhaitant garder son poste et il a fini par nous donner 10 milliards de dollars aux Etats-Unis. Donc nous avons pris 10 milliards de dollars\u00a0\u00bb, a dit Donald Trump vendredi.<\/p>\n<p>Au cours actuel de l&rsquo;action Intel, 10% du capital repr\u00e9sentent environ 10 milliards de dollars (8,5 milliards d&rsquo;euros). Le titre Intel a cl\u00f4tur\u00e9 vendredi en hausse de 5,5% \u00e0 24,80 dollars \u00e0 la Bourse de New York.<\/p>\n<p>Le groupe ne s&rsquo;est pas exprim\u00e9 dans l&rsquo;imm\u00e9diat.<\/p>\n<p>Le secr\u00e9taire au Commerce, Howard Lutnick, a \u00e9crit sur X que l&rsquo;accord avait \u00e9t\u00e9 scell\u00e9. \u00ab\u00a0Les Etats-Unis d&rsquo;Am\u00e9rique poss\u00e8dent d\u00e9sormais 10% d&rsquo;Intel\u00a0\u00bb, s&rsquo;est-il r\u00e9joui, affirmant que l&rsquo;accord \u00e9tait bon aussi bien pour Intel que pour \u00ab\u00a0le peuple am\u00e9ricain\u00a0\u00bb.<\/p>\n<p>Si aucune pr\u00e9cision n&rsquo;a \u00e9t\u00e9 fournie sur cette somme de 10 milliards de dollars, ce montant \u00e9quivaut \u00e0 celui qu&rsquo;Intel est cens\u00e9 percevoir dans le cadre des pr\u00eats accord\u00e9s par l&rsquo;Etat f\u00e9d\u00e9ral via le CHIPS Act pour contribuer au financement d&rsquo;usines d&rsquo;assemblages de puces informatiques aux Etats-Unis.<\/p>\n<p>Cet investissement est le dernier en date d&rsquo;une s\u00e9rie d&rsquo;accords inhabituels conclus entre les pouvoirs publics et de grandes entreprises aux Etats-Unis depuis le retour de Donald Trump \u00e0 la Maison blanche. Le gouvernement f\u00e9d\u00e9ral am\u00e9ricain a ainsi r\u00e9cemment autoris\u00e9 Nvidia, g\u00e9ant des puces pour intelligence artificielle, \u00e0 vendre ses mod\u00e8les H20 en Chine \u00e0 condition de lui reverser 15% du montant de ces ventes.<\/p>\n<p>(Aditya Soni \u00e0 Bangalore et David Shepardson, Andrea Shalal et Nandita Bose \u00e0 Washington, avec Juby Babu \u00e0 Mexico ; version fran\u00e7aise Kate Entringer et Bertrand Boucey)<\/p>\n<p>Copyright \u00a9 2025 Thomson Reuters<\/p>\n","protected":false},"excerpt":{"rendered":"(Reuters) -Donald Trump a annonc\u00e9 vendredi que l&rsquo;Etat am\u00e9ricain allait prendre une participation de 10% au capital d&rsquo;Intel,&hellip;\n","protected":false},"author":2,"featured_media":337399,"comment_status":"","ping_status":"","sticky":false,"template":"","format":"standard","meta":{"footnotes":""},"categories":[1589],"tags":[11,73,1866,12,1864,1865,1863,308],"class_list":{"0":"post-337398","1":"post","2":"type-post","3":"status-publish","4":"format-standard","5":"has-post-thumbnail","7":"category-etats-unis","8":"tag-actualites","9":"tag-etats-unis","10":"tag-etats-unis-damerique","11":"tag-news","12":"tag-united-states","13":"tag-united-states-of-america","14":"tag-us","15":"tag-usa"},"share_on_mastodon":{"url":"https:\/\/pubeurope.com\/@fr\/115075315367041916","error":""},"_links":{"self":[{"href":"https:\/\/www.europesays.com\/fr\/wp-json\/wp\/v2\/posts\/337398","targetHints":{"allow":["GET"]}}],"collection":[{"href":"https:\/\/www.europesays.com\/fr\/wp-json\/wp\/v2\/posts"}],"about":[{"href":"https:\/\/www.europesays.com\/fr\/wp-json\/wp\/v2\/types\/post"}],"author":[{"embeddable":true,"href":"https:\/\/www.europesays.com\/fr\/wp-json\/wp\/v2\/users\/2"}],"replies":[{"embeddable":true,"href":"https:\/\/www.europesays.com\/fr\/wp-json\/wp\/v2\/comments?post=337398"}],"version-history":[{"count":0,"href":"https:\/\/www.europesays.com\/fr\/wp-json\/wp\/v2\/posts\/337398\/revisions"}],"wp:featuredmedia":[{"embeddable":true,"href":"https:\/\/www.europesays.com\/fr\/wp-json\/wp\/v2\/media\/337399"}],"wp:attachment":[{"href":"https:\/\/www.europesays.com\/fr\/wp-json\/wp\/v2\/media?parent=337398"}],"wp:term":[{"taxonomy":"category","embeddable":true,"href":"https:\/\/www.europesays.com\/fr\/wp-json\/wp\/v2\/categories?post=337398"},{"taxonomy":"post_tag","embeddable":true,"href":"https:\/\/www.europesays.com\/fr\/wp-json\/wp\/v2\/tags?post=337398"}],"curies":[{"name":"wp","href":"https:\/\/api.w.org\/{rel}","templated":true}]}}