{"id":337400,"date":"2025-08-23T00:45:17","date_gmt":"2025-08-23T00:45:17","guid":{"rendered":"https:\/\/www.europesays.com\/fr\/337400\/"},"modified":"2025-08-23T00:45:17","modified_gmt":"2025-08-23T00:45:17","slug":"les-anticipations-dinflation-a-court-terme-au-royaume-uni-restent-stables-a-4-selon-citi-et-yougov","status":"publish","type":"post","link":"https:\/\/www.europesays.com\/fr\/337400\/","title":{"rendered":"Les anticipations d&rsquo;inflation \u00e0 court terme au Royaume-Uni restent stables \u00e0 4 %, selon Citi et YouGov"},"content":{"rendered":"<p>Les attentes de la population britannique en mati\u00e8re d&rsquo;inflation \u00e0 court terme sont rest\u00e9es inchang\u00e9es \u00e0 4 % en ao\u00fbt, selon une enqu\u00eate publi\u00e9e vendredi par la banque Citi et l&rsquo;institut de sondage YouGov.<\/p>\n<p>\nL&rsquo;\u00e9tude r\u00e9v\u00e8le \u00e9galement que les anticipations d&rsquo;inflation \u00e0 plus long terme ont recul\u00e9, passant de 4,2 % \u00e0 3,9 %, retrouvant ainsi leur niveau du mois de f\u00e9vrier.<\/p>\n<p>\n\u00ab La baisse des anticipations \u00e0 long terme au cours des trois derniers mois sugg\u00e8re que des progr\u00e8s sont r\u00e9alis\u00e9s, m\u00eame s&rsquo;ils restent lents \u00bb, ont comment\u00e9 les analystes de Citi dans une note de recherche.<\/p>\n<p>\nLes experts de Citi soulignent toutefois qu&rsquo;il subsiste un risque que la poursuite de la hausse des prix alimentaires vienne gonfler ces chiffres dans les prochains mois. Jusqu&rsquo;\u00e0 pr\u00e9sent, cela ne semble toutefois pas avoir eu d&rsquo;impact significatif sur les anticipations d&rsquo;inflation.<\/p>\n<p>\nPlus t\u00f4t ce mois-ci, la Banque d&rsquo;Angleterre a abaiss\u00e9 ses taux d&rsquo;int\u00e9r\u00eat, mais quatre de ses neuf d\u00e9cideurs ont pr\u00e9f\u00e9r\u00e9 maintenir le niveau des co\u00fbts d&#8217;emprunt, exprimant leurs inqui\u00e9tudes face \u00e0 une inflation persistante.<\/p>\n<p>\nDans son dernier rapport sur la politique mon\u00e9taire, la Banque d&rsquo;Angleterre a relev\u00e9 sa pr\u00e9vision de pic d&rsquo;inflation pour le mois de septembre, passant de 3,7 % \u00e0 4 %. L&rsquo;institution a \u00e9galement indiqu\u00e9 qu&rsquo;elle resterait vigilante quant au risque que la hausse des prix entra\u00eene une augmentation des salaires et exerce des pressions inflationnistes \u00e0 plus long terme.<\/p>\n","protected":false},"excerpt":{"rendered":"Les attentes de la population britannique en mati\u00e8re d&rsquo;inflation \u00e0 court terme sont rest\u00e9es inchang\u00e9es \u00e0 4 %&hellip;\n","protected":false},"author":2,"featured_media":337401,"comment_status":"","ping_status":"","sticky":false,"template":"","format":"standard","meta":{"footnotes":""},"categories":[1588],"tags":[11,340,1777,674,12,473,1853,1851,1850,1852],"class_list":{"0":"post-337400","1":"post","2":"type-post","3":"status-publish","4":"format-standard","5":"has-post-thumbnail","7":"category-royaume-uni","8":"tag-actualites","9":"tag-bourse","10":"tag-eu","11":"tag-europe","12":"tag-news","13":"tag-royaume-uni","14":"tag-royaume-uni-de-grande-bretagne-et-dirlande-du-nord","15":"tag-uk","16":"tag-united-kingdom","17":"tag-united-kingdom-of-great-britain-and-northern-ireland"},"share_on_mastodon":{"url":"https:\/\/pubeurope.com\/@fr\/115075319381501092","error":""},"_links":{"self":[{"href":"https:\/\/www.europesays.com\/fr\/wp-json\/wp\/v2\/posts\/337400","targetHints":{"allow":["GET"]}}],"collection":[{"href":"https:\/\/www.europesays.com\/fr\/wp-json\/wp\/v2\/posts"}],"about":[{"href":"https:\/\/www.europesays.com\/fr\/wp-json\/wp\/v2\/types\/post"}],"author":[{"embeddable":true,"href":"https:\/\/www.europesays.com\/fr\/wp-json\/wp\/v2\/users\/2"}],"replies":[{"embeddable":true,"href":"https:\/\/www.europesays.com\/fr\/wp-json\/wp\/v2\/comments?post=337400"}],"version-history":[{"count":0,"href":"https:\/\/www.europesays.com\/fr\/wp-json\/wp\/v2\/posts\/337400\/revisions"}],"wp:featuredmedia":[{"embeddable":true,"href":"https:\/\/www.europesays.com\/fr\/wp-json\/wp\/v2\/media\/337401"}],"wp:attachment":[{"href":"https:\/\/www.europesays.com\/fr\/wp-json\/wp\/v2\/media?parent=337400"}],"wp:term":[{"taxonomy":"category","embeddable":true,"href":"https:\/\/www.europesays.com\/fr\/wp-json\/wp\/v2\/categories?post=337400"},{"taxonomy":"post_tag","embeddable":true,"href":"https:\/\/www.europesays.com\/fr\/wp-json\/wp\/v2\/tags?post=337400"}],"curies":[{"name":"wp","href":"https:\/\/api.w.org\/{rel}","templated":true}]}}