{"id":337411,"date":"2025-08-23T00:52:32","date_gmt":"2025-08-23T00:52:32","guid":{"rendered":"https:\/\/www.europesays.com\/fr\/337411\/"},"modified":"2025-08-23T00:52:32","modified_gmt":"2025-08-23T00:52:32","slug":"marcel-siem-resiste-a-matthew-fitzpatrick-rasmus-hojgaard-se-fait-peur","status":"publish","type":"post","link":"https:\/\/www.europesays.com\/fr\/337411\/","title":{"rendered":"Marcel Siem r\u00e9siste \u00e0 Matthew Fitzpatrick. Rasmus H\u00f8jgaard se fait peur !"},"content":{"rendered":"<p>\t\t\t\t\t\t<img width=\"770\" height=\"556\" src=\"https:\/\/www.europesays.com\/fr\/wp-content\/uploads\/2025\/08\/marcelsiembis-770x556.jpg\" class=\"img-responsive wp-post-image\" alt=\"\" decoding=\"async\" fetchpriority=\"high\"  \/>\t\t\t\t\t<\/p>\n<p>\t\t\t\t\t\t Partager cet article <\/p>\n<p class=\"screen-reader-text juiz_sps_maybe_hidden_text\">Partager la publication \u00ab\u00a0Marcel Siem r\u00e9siste \u00e0 Matthew Fitzpatrick. Rasmus H\u00f8jgaard se fait peur !\u00a0\u00bb<\/p>\n<p><strong>Co-leader la veille, Marcel Siem, 45 ans, est d\u00e9sormais seul en t\u00eate du British Masters \u00e0 mi-parcours. A -9 (137), l\u2019Allemand (photo) compte un coup d\u2019avance sur Matthew Fitzpatrick, le grand favori, et deux sur un trio parmi lequel on retrouve Matt Wallace, candidat \u00e0 une s\u00e9lection en Ryder Cup. En phase de valider son ticket pour Bethpage via les points, Rasmus H\u00f8jgaard, sur courant alternatif, est 14e \u00e0 -4 (140) en compagnie de Julien Guerrier. Six Fran\u00e7ais franchissent le cut fix\u00e9 dans le par. \u00a0<\/strong><\/p>\n<p>\u00a0<\/p>\n<p><strong>L.V.<\/strong><\/p>\n<p>Increvable ! <strong>Marcel Siem<\/strong> continue de d\u00e9fier l\u2019horloge biologique. A 45 ans, le v\u00e9t\u00e9ran allemand est leader du <strong>British Masters<\/strong> apr\u00e8s 36 trous. Dans la foul\u00e9e de son 66 (-6) inaugural, il s\u2019est content\u00e9 d\u2019une carte de 69 (-3) pour mener le train \u00e0 -9 (137). \u00a0\u00a0<\/p>\n<p><a href=\"https:\/\/www.europeantour.com\/dpworld-tour\/betfred-british-masters-hosted-by-sir-nick-faldo-2025\/leaderboard?round=2\" target=\"_blank\" rel=\"noopener nofollow\">Retrouvez le classement complet et les tee times du 3e tour<\/a><\/p>\n<p>Il jouera en derni\u00e8re partie ce samedi au <strong>Belfry<\/strong> \u2013 \u00e0 partir de 13h50 en France \u2013 avec le grand favori de cette \u00e9dition 2025, <strong>Matthew Fitzpatrick<\/strong>. L\u2019actuel 35e joueur mondial a une fois encore d\u00e9livr\u00e9 un jeu de golf hyper solide \u00e0 l\u2019image de ce dernier putt de 6,70 m\u00e8tres sur le green du 18 pour birdie, histoire de n\u2019accuser qu\u2019un seul coup de retard sur Siem.<\/p>\n<p>\t\t\t\t\t<a id=\"181972\" href=\"https:\/\/www.azurgolftravel.com\/proamdepalsoct25\" target=\"_blank\" rel=\"sponsorised nofollow noopener\"><img decoding=\"async\" src=\"data:image\/svg+xml,%3Csvg%20xmlns=\" http:=\"\" class=\"img-responsive\" alt=\"\" data-lazy-src=\"https:\/\/www.europesays.com\/fr\/wp-content\/uploads\/2025\/08\/azurgolftravel-e01-proam-catalogne-1170x275-1.jpeg\"\/><\/a><\/p>\n<blockquote class=\"twitter-tweet\">\n<p dir=\"ltr\" lang=\"en\">Matt Fitzpatrick goes into the weekend one off the lead following a birdie at the last \ud83d\udc4f <a href=\"https:\/\/t.co\/RI7vjt4vnl\" rel=\"nofollow\">pic.twitter.com\/RI7vjt4vnl<\/a><\/p>\n<p>\u2014 DP World Tour (@DPWorldTour) <a href=\"https:\/\/twitter.com\/DPWorldTour\/status\/1958941548441186453?ref_src=twsrc%5Etfw\" rel=\"nofollow noopener\" target=\"_blank\">August 22, 2025<\/a><\/p>\n<\/blockquote>\n<p>\t\t\t\t\t<a id=\"180479\" href=\"https:\/\/www.swing.fr\/voyage\/35-14eme-edition-des-doubles-gosset-by-beachcomber\" target=\"_blank\" rel=\"sponsorised nofollow noopener\"><img decoding=\"async\" src=\"data:image\/svg+xml,%3Csvg%20xmlns=\" http:=\"\" class=\"img-responsive\" alt=\"\" data-lazy-src=\"https:\/\/www.europesays.com\/fr\/wp-content\/uploads\/2025\/07\/beachcomber-e01-doubles-gosset-26-1170x275-1.jpg\"\/><\/a><\/p>\n<p>\u00ab J\u2019ai eu l\u2019impression d\u2019avoir jou\u00e9 de mani\u00e8re tr\u00e8s solide, a comment\u00e9 l\u2019ain\u00e9 des Fitzpatrick, lui aussi en qu\u00eate d\u2019une s\u00e9lection en <strong>Ryder Cup<\/strong> via les picks (choix) du capitaine <strong>Luke Donald<\/strong>. Dix quatre d\u2019affil\u00e9e pour commencer la journ\u00e9e (un birdie sur le par 5 du 3 et un bogey sur le par 3 du 7), c\u2019est toujours agr\u00e9able et r\u00e9gulier, je suppose. J\u2019aurais aim\u00e9 qu\u2019il y ait quelques par cinq suppl\u00e9mentaires, mais c\u2019\u00e9tait une bonne journ\u00e9e dans l\u2019ensemble. J\u2019ai eu l\u2019impression de ne jamais me mettre hors de position et de bien frapper la balle sur mes mises en jeu. Si tel est le cas, on se donne une chance suppl\u00e9mentaire.\u00a0\u00bb<\/p>\n<p>\t\t\t\t\t<a id=\"181426\" href=\"https:\/\/leclub-golf.com\/fr\/green-fees?online=1&amp;utm_source=golf+planete&amp;utm_medium=referral&amp;utm_campaign=green+fee+en+ligne&amp;utm_id=green+fee+en+ligne_golf+planete_referral_banner\" target=\"_blank\" rel=\"sponsorised nofollow noopener\"><img decoding=\"async\" src=\"data:image\/svg+xml,%3Csvg%20xmlns=\" http:=\"\" class=\"img-responsive\" alt=\"\" data-lazy-src=\"https:\/\/www.europesays.com\/fr\/wp-content\/uploads\/2025\/08\/leclubgolf-e09-effet-classique-1170x275png.png\"\/><\/a><br \/>\nMatt Wallace en embuscade<\/p>\n<p>Le haut du leaderboard est cependant tr\u00e8s dense puisqu\u2019ils sont une grosse douzaine \u00e0 se tenir en quatre coups seulement. Parmi eux, <strong>Matt Wallace<\/strong>, <a href=\"https:\/\/www.golfplanete.com\/actualites\/matt-wallace-accentue-sa-pression-sur-luke-donald\/\" target=\"_blank\" rel=\"noopener nofollow\">troisi\u00e8me ex aequo \u00e0 -7<\/a>, qui entend clairement hausser son niveau de jeu ce week-end pour viser la gagne mais aussi \u00ab\u00a0donner du fil \u00e0 retordre\u00a0\u00bb \u00e0 Luke Donald dans l\u2019\u00e9laboration de ses six choix qu\u2019il annoncera le 1er septembre \u00e0 15h00 heure fran\u00e7aise.<\/p>\n<p>\t\t\t\t\t<a id=\"181417\" href=\"https:\/\/cabotbordeaux.com\/fr\/booking\/training-golf\" target=\"_blank\" rel=\"sponsorised nofollow noopener\"><img decoding=\"async\" src=\"data:image\/svg+xml,%3Csvg%20xmlns=\" http:=\"\" class=\"img-responsive\" alt=\"\" data-lazy-src=\"https:\/\/www.europesays.com\/fr\/wp-content\/uploads\/2025\/08\/cabot-e04-stage-septembre-1170x275-1.gif\"\/><\/a><\/p>\n<blockquote class=\"twitter-tweet\">\n<p dir=\"ltr\" lang=\"en\">How important could this eagle on 17 be \ud83d\udc4c <\/p>\n<p>Rasmus H\u00f8jgaard heads into the weekend T14, knowing a T29 finish with one other player or better secures a European Ryder Cup spot. <a href=\"https:\/\/twitter.com\/hashtag\/BetfredBritishMasters?src=hash&amp;ref_src=twsrc%5Etfw\" rel=\"nofollow noopener\" target=\"_blank\">#BetfredBritishMasters<\/a> <a href=\"https:\/\/t.co\/2uM9fcueWo\" rel=\"nofollow\">pic.twitter.com\/2uM9fcueWo<\/a><\/p>\n<p>\u2014 DP World Tour (@DPWorldTour) <a href=\"https:\/\/twitter.com\/DPWorldTour\/status\/1958964890691149987?ref_src=twsrc%5Etfw\" rel=\"nofollow noopener\" target=\"_blank\">August 22, 2025<\/a><\/p>\n<\/blockquote>\n<p>\t\t\t\t\t<a id=\"182585\" href=\"https:\/\/www.golfcapdagde.com\/\" target=\"_blank\" rel=\"sponsorised nofollow noopener\"><img decoding=\"async\" src=\"data:image\/svg+xml,%3Csvg%20xmlns=\" http:=\"\" class=\"img-responsive\" alt=\"\" data-lazy-src=\"https:\/\/www.europesays.com\/fr\/wp-content\/uploads\/2025\/06\/capdagdegolf-e01-experience-golf-1170x275-1.gif\"\/><\/a><\/p>\n<p>Exempt pour l\u2019instant d\u2019un tel sc\u00e9nario puisqu\u2019il lui faut finir 29e ex aequo avec un autre joueur pour finir 6e du Ranking europ\u00e9en et donc se qualifier aux points pour la 45e Ryder de l\u2019histoire \u00e0 la fin du mois de septembre, <strong>Rasmus H\u00f8jgaard<\/strong> s\u2019est fait quelques frayeurs ce vendredi en banlieue de Birmingham.<\/p>\n<p>Dans le dur avec un aller boucl\u00e9 en 38 (+2) par la faute notamment d\u2019un double bogey conc\u00e9d\u00e9 au 6 suivi d\u2019un bogey au 8, le Danois de 24 ans a toutefois su inverser la tendance sur le retour avec deux birdies au 10 et au 15 avant un superbe eagle r\u00e9ussi au 17 (ci-dessus). Revenu alors dans le top 10, il a, malheureusement pour lui, achev\u00e9 sa journ\u00e9e par un bogey au 18 apr\u00e8s un chip trop court aux abords du green. 14e \u00e0 -4 (140), il poss\u00e8de deux coups d\u2019avance sur cette fameuse zone du top 29 essentiel pour sa qualification pour Bethpage.<\/p>\n<p>\t\t\t\t\t<a id=\"180462\" href=\"https:\/\/www.makilas-golftour.com\/sejour\/makilas-agadir-2023-2-2\/\" target=\"_blank\" rel=\"sponsorised nofollow noopener\"><img decoding=\"async\" src=\"data:image\/svg+xml,%3Csvg%20xmlns=\" http:=\"\" class=\"img-responsive\" alt=\"\" data-lazy-src=\"https:\/\/www.europesays.com\/fr\/wp-content\/uploads\/2025\/07\/challengeorganisation-e01-rencontres-agadir-1170x275-1.jpeg\"\/><\/a><br \/>\nUn Julien Guerrier \u00e0 r\u00e9action<\/p>\n<p>14e, c\u2019est \u00e9galement la place de <strong>Julien Guerrier<\/strong>. Le Rochelais, install\u00e9 depuis la fin de l\u2019ann\u00e9e derni\u00e8re \u00e0 Duba\u00ef, a parfaitement redress\u00e9 la barre apr\u00e8s son 72 (par) de la veille. Malgr\u00e9 un triple au 13 (parti du 10), le vainqueur de l\u2019<strong>Andalucia Masters<\/strong> l\u2019an pass\u00e9 a fini en trombe avec d\u2019abord un eagle au 17 avant trois ultimes birdies du 7 au 9.<\/p>\n<p>Il devance au sein de clan tricolore <strong>Romain Langasque<\/strong> (22e \u00e0 -3) et <strong>Tom Vaillant<\/strong> (29e \u00e0 -2). <strong>Ugo Coussaud<\/strong> et <strong>Cl\u00e9ment Sordet<\/strong> sont au-del\u00e0 du top 40 (42es \u00e0 -1) devant <strong>Fr\u00e9d\u00e9ric Lacroix<\/strong>, 53e dans le par total. \u00a0<\/p>\n<p>\t\t\t\t\t<a id=\"179385\" href=\"https:\/\/tickets.europeantour.com\/eut\/#\/c6906933-bb43-434b-a22d-0ae172a572d4\/shop\/custom-pack?fac=EUT&amp;locale=fr&amp;skin=pgaetodf&amp;utm_campaign=ODF&amp;utm_content=Ticketing&amp;utm_medium=Web&amp;utm_source=Partner&amp;utm_term=PavonGolfPlanete\" target=\"_blank\" rel=\"sponsorised nofollow noopener\"><img decoding=\"async\" src=\"data:image\/svg+xml,%3Csvg%20xmlns=\" http:=\"\" class=\"img-responsive\" alt=\"\" data-lazy-src=\"https:\/\/www.europesays.com\/fr\/wp-content\/uploads\/2025\/07\/opendefrance-e03-plateau-1407-1170x275-1.jpg\"\/><\/a><br \/>\nLe leaderboard<\/p>\n<p><img loading=\"lazy\" decoding=\"async\" class=\"alignnone wp-image-183061 size-large\" src=\"data:image\/svg+xml,%3Csvg%20xmlns=\" http:=\"\" alt=\"\" width=\"770\" height=\"495\" data-lazy- data-lazy- data-lazy-src=\"https:\/\/www.europesays.com\/fr\/wp-content\/uploads\/2025\/08\/capture1-9-770x495.jpg\"\/><\/p>\n<p><img loading=\"lazy\" decoding=\"async\" class=\"alignnone wp-image-183062 size-large\" src=\"data:image\/svg+xml,%3Csvg%20xmlns=\" http:=\"\" alt=\"\" width=\"770\" height=\"141\" data-lazy- data-lazy- data-lazy-src=\"https:\/\/www.europesays.com\/fr\/wp-content\/uploads\/2025\/08\/capture2-7-770x141.jpg\"\/><\/p>\n<p>\t\t\t\t<img loading=\"lazy\" decoding=\"async\" src=\"data:image\/svg+xml,%3Csvg%20xmlns=\" http:=\"\" attributionsrc=\"\" border=\"0\" height=\"1\" width=\"1\" alt=\"Advertisement\" data-lazy-src=\"https:\/\/www.europesays.com\/fr\/wp-content\/uploads\/2025\/05\/B33047934.421787844;dc_trk_aid=614154864;dc_trk_cid=235296214;ord=[timestamp];dc_lat=;dc_rdid=;tag_f.gif\"\/><\/p>\n<p>\t\t\t\t\t<a id=\"173261\" href=\"https:\/\/ad.doubleclick.net\/ddm\/trackclk\/N1153799.3770024GOLFPLANATE\/B33047934.421787844;dc_trk_aid=614154864;dc_trk_cid=235296214;dc_lat=;dc_rdid=;tag_for_child_directed_treatment=;tfua=;gdpr=${GDPR};gdpr_consent=${GDPR_CONSENT_755};ltd=;dc_tdv=1\" target=\"_blank\" rel=\"sponsorised nofollow noopener\"><img decoding=\"async\" src=\"data:image\/svg+xml,%3Csvg%20xmlns=\" http:=\"\" class=\"img-responsive\" alt=\"\" data-lazy-src=\"https:\/\/www.europesays.com\/fr\/wp-content\/uploads\/2025\/05\/callaway-e03-aione-square2square-1170x275-1.jpg\"\/><\/a><br \/>\nLe leaderboard des Fran\u00e7ais<\/p>\n<p><img loading=\"lazy\" decoding=\"async\" class=\"alignnone wp-image-183063 size-large\" src=\"data:image\/svg+xml,%3Csvg%20xmlns=\" http:=\"\" alt=\"\" width=\"770\" height=\"290\" data-lazy- data-lazy- data-lazy-src=\"https:\/\/www.europesays.com\/fr\/wp-content\/uploads\/2025\/08\/capture3-5-770x290.jpg\"\/><\/p>\n<p><img loading=\"lazy\" decoding=\"async\" class=\"alignnone wp-image-183064 size-large\" src=\"data:image\/svg+xml,%3Csvg%20xmlns=\" http:=\"\" alt=\"\" width=\"770\" height=\"393\" data-lazy- data-lazy- data-lazy-src=\"https:\/\/www.europesays.com\/fr\/wp-content\/uploads\/2025\/08\/capture4-2-770x393.jpg\"\/><\/p>\n<p>\t\t\t\t\t<a id=\"174987\" href=\"https:\/\/www.sudfrancegolf.com\/fr\/\" target=\"_blank\" rel=\"sponsorised nofollow noopener\"><img decoding=\"async\" src=\"data:image\/svg+xml,%3Csvg%20xmlns=\" http:=\"\" class=\"img-responsive\" alt=\"\" data-lazy-src=\"https:\/\/www.europesays.com\/fr\/wp-content\/uploads\/2025\/06\/giesudfrancegolf-e02-egolf-pass-2025-v2-1170x275-1.gif\"\/><\/a><\/p>\n<p>Photo : Andrew Redington\/Getty Images<\/p>\n<p>\t\t\t<script async src=\"https:\/\/platform.twitter.com\/widgets.js\" charset=\"utf-8\"><\/script><\/p>\n","protected":false},"excerpt":{"rendered":"Partager cet article Partager la publication \u00ab\u00a0Marcel Siem r\u00e9siste \u00e0 Matthew Fitzpatrick. Rasmus H\u00f8jgaard se fait peur !\u00a0\u00bb&hellip;\n","protected":false},"author":2,"featured_media":337412,"comment_status":"","ping_status":"","sticky":false,"template":"","format":"standard","meta":{"footnotes":""},"categories":[1418],"tags":[1011,27,1472,60],"class_list":{"0":"post-337411","1":"post","2":"type-post","3":"status-publish","4":"format-standard","5":"has-post-thumbnail","7":"category-golf","8":"tag-fr","9":"tag-france","10":"tag-golf","11":"tag-sports"},"share_on_mastodon":{"url":"https:\/\/pubeurope.com\/@fr\/115075346827201642","error":""},"_links":{"self":[{"href":"https:\/\/www.europesays.com\/fr\/wp-json\/wp\/v2\/posts\/337411","targetHints":{"allow":["GET"]}}],"collection":[{"href":"https:\/\/www.europesays.com\/fr\/wp-json\/wp\/v2\/posts"}],"about":[{"href":"https:\/\/www.europesays.com\/fr\/wp-json\/wp\/v2\/types\/post"}],"author":[{"embeddable":true,"href":"https:\/\/www.europesays.com\/fr\/wp-json\/wp\/v2\/users\/2"}],"replies":[{"embeddable":true,"href":"https:\/\/www.europesays.com\/fr\/wp-json\/wp\/v2\/comments?post=337411"}],"version-history":[{"count":0,"href":"https:\/\/www.europesays.com\/fr\/wp-json\/wp\/v2\/posts\/337411\/revisions"}],"wp:featuredmedia":[{"embeddable":true,"href":"https:\/\/www.europesays.com\/fr\/wp-json\/wp\/v2\/media\/337412"}],"wp:attachment":[{"href":"https:\/\/www.europesays.com\/fr\/wp-json\/wp\/v2\/media?parent=337411"}],"wp:term":[{"taxonomy":"category","embeddable":true,"href":"https:\/\/www.europesays.com\/fr\/wp-json\/wp\/v2\/categories?post=337411"},{"taxonomy":"post_tag","embeddable":true,"href":"https:\/\/www.europesays.com\/fr\/wp-json\/wp\/v2\/tags?post=337411"}],"curies":[{"name":"wp","href":"https:\/\/api.w.org\/{rel}","templated":true}]}}