{"id":337415,"date":"2025-08-23T00:55:10","date_gmt":"2025-08-23T00:55:10","guid":{"rendered":"https:\/\/www.europesays.com\/fr\/337415\/"},"modified":"2025-08-23T00:55:10","modified_gmt":"2025-08-23T00:55:10","slug":"ann-li-xinyu-wang-wta-250-cleveland-demi-finales-samedi-23-aout-2025-lequipe","status":"publish","type":"post","link":"https:\/\/www.europesays.com\/fr\/337415\/","title":{"rendered":"Ann Li &#8211; Xinyu Wang, WTA 250, Cleveland, Demi-finales, Samedi 23 ao\u00fbt 2025 &#8211; L&#039;\u00c9quipe"},"content":{"rendered":"<ol>\n<li><a href=\"https:\/\/news.google.com\/rss\/articles\/CBMitAFBVV95cUxOcC1rT3FQU0Etcy01cVNrYzkyYkw5Wk9weUxEaGNMN3pwQUFKa0Q4SVU4Vlk0UFMwRFRvWldlVXZKZkNKU3pqTVhkYzdCQTVIZnFWakVTUE9tLVA0U3JIUktKd0RYclN0Wl9yRmlYbXJWclUwem1lNVRNdTN4REpqRXZYOW10a19xQXduWWIxNjRKQ0dyZFdPTUlZT1ltNWFoM0NjYXBINk5IQjA4bFhrbnNjUTY?oc=5\" target=\"_blank\" rel=\"nofollow noopener\">Ann Li &#8211; Xinyu Wang, WTA 250, Cleveland, Demi-finales, Samedi 23 ao\u00fbt 2025<\/a>&nbsp;&nbsp;L&rsquo;\u00c9quipe<\/li>\n<li><a href=\"https:\/\/news.google.com\/rss\/articles\/CBMihgFBVV95cUxOYy03Y1JTcHIxYXdTLU8yNWUxb2ZSMkoxUUxwaG9XUkJOZXNabVpMVzBhSFVSNjUxNlBZblR6eUxoTUs2MUVXNVcwb3FHUEFFQ0hPNk9KQTNpX0FsUWV0eU5WeDI3elVfd2NWNGpJUkMyWWxlUEpOREtfbXM0VjhfNEdPN2d4Zw?oc=5\" target=\"_blank\" rel=\"nofollow noopener\">Lo\u00efs Boisson, la belle surprise<\/a>&nbsp;&nbsp;Sports.fr<\/li>\n<li><a href=\"https:\/\/news.google.com\/rss\/articles\/CBMi7AFBVV95cUxOLXJHYzhscnoyeUJkMEtZbXo5TVZpcXhSa3Qyd3FhbDM5QU0zVFVjTi1XVU13OGN3R3pmU1RYTFBaYXRHR0pfNGZMUGsxWDlHbE9KcHFUODRxc0Z0YlJjS3ZCNUEyMDhMNmwyUExIOThvSGxRUVpHaEk4ZFdEOVFTQlBPUG85OWVZSWJFMzZyMGRzZ2RGbFdrMFNzbkhsc3VHNzlqcjZvcGd4Q3QwLUJhWEZKWVhyMUx0QW1nazRCTzFMbGJGYy1LRXU2RXJIU1B0Q21GZjZ0QmpvTG4zYlNCUWhTc2VSdEg2Sy0zNg?oc=5\" target=\"_blank\" rel=\"nofollow noopener\">US Open 2025 &#8211; Caroline Garcia s&rsquo;entra\u00eene avec Lo\u00efs Boisson avant son dernier US Open<\/a>&nbsp;&nbsp;Orange Actualit\u00e9s | Sports<\/li>\n<li><a href=\"https:\/\/news.google.com\/rss\/articles\/CBMitAFBVV95cUxNSzNBbkpsYUZxRnJJZXpXbEV4QUhmNkV5Y2lxSFNwd2l1cXNpcjRGQ04zczVSMFJXeDNxaUg2MXdDMVljOVhiSzRHR2FXcHVzQjM1bVFfcjI1Rm4wMnBicWpOcUlkakZMWXhWSTh2RThyNjA4cU55aWNrUEROR2tMdXgtdWdlU0tjRk02NlBsN3BiM0VHUFJVNTIzM0JqTmNiRXVJWTZzTVFKYnQ1cktpUjh3bVo?oc=5\" target=\"_blank\" rel=\"nofollow noopener\">Tennis. Lo\u00efs Boisson affrontera Viktorija Golubic au premier tour de l&rsquo;US Open<\/a>&nbsp;&nbsp;Le Dauphin\u00e9 Lib\u00e9r\u00e9<\/li>\n<li><a href=\"https:\/\/news.google.com\/rss\/articles\/CBMi-AFBVV95cUxOb1ZnNWNHWGk2c1FycDFubGcyczJ4eGNfcjZGb0duTmVkOU5UMlZUdklfTjgxMHIxbVdxcHBpb1Rybkd5bkc5R2pzUEY2dHpsWXQtc1Fkb1BaaUlBUjJKTllxUlpRcUcyVmtneHczcDVfTTJvQVlVcjdDeHhEUWRmLUZjamd4UFU0SmUwZ1RKM2dyaWhxWE9uTHNVU0ZIX0pTNW5QT2Z0dmd0NF91OFNuMzJyMUIxUmdqUF9jdmlTVHFXWkw3VU53UkdwYnVWVU1YWG5sSHRIV2JpRXFVbFFWUkoxSmV5TWFaMjd0UmlZMnpxS1A2MjlFOA?oc=5\" target=\"_blank\" rel=\"nofollow noopener\">VIDEO. Lo\u00efs Boisson avec Caroline Garcia : la belle image, tr\u00e8s symbolique, des deux championnes qui s\u2019entra\u00eenent ensemble<\/a>&nbsp;&nbsp;ladepeche.fr<\/li>\n<\/ol>\n","protected":false},"excerpt":{"rendered":"Ann Li &#8211; Xinyu Wang, WTA 250, Cleveland, Demi-finales, Samedi 23 ao\u00fbt 2025&nbsp;&nbsp;L&rsquo;\u00c9quipe Lo\u00efs Boisson, la belle surprise&nbsp;&nbsp;Sports.fr&hellip;\n","protected":false},"author":2,"featured_media":1983,"comment_status":"","ping_status":"","sticky":false,"template":"","format":"standard","meta":{"footnotes":""},"categories":[1415],"tags":[1011,27,60,1467],"class_list":{"0":"post-337415","1":"post","2":"type-post","3":"status-publish","4":"format-standard","5":"has-post-thumbnail","7":"category-tennis","8":"tag-fr","9":"tag-france","10":"tag-sports","11":"tag-tennis"},"share_on_mastodon":{"url":"https:\/\/pubeurope.com\/@fr\/115075358575400198","error":""},"_links":{"self":[{"href":"https:\/\/www.europesays.com\/fr\/wp-json\/wp\/v2\/posts\/337415","targetHints":{"allow":["GET"]}}],"collection":[{"href":"https:\/\/www.europesays.com\/fr\/wp-json\/wp\/v2\/posts"}],"about":[{"href":"https:\/\/www.europesays.com\/fr\/wp-json\/wp\/v2\/types\/post"}],"author":[{"embeddable":true,"href":"https:\/\/www.europesays.com\/fr\/wp-json\/wp\/v2\/users\/2"}],"replies":[{"embeddable":true,"href":"https:\/\/www.europesays.com\/fr\/wp-json\/wp\/v2\/comments?post=337415"}],"version-history":[{"count":0,"href":"https:\/\/www.europesays.com\/fr\/wp-json\/wp\/v2\/posts\/337415\/revisions"}],"wp:featuredmedia":[{"embeddable":true,"href":"https:\/\/www.europesays.com\/fr\/wp-json\/wp\/v2\/media\/1983"}],"wp:attachment":[{"href":"https:\/\/www.europesays.com\/fr\/wp-json\/wp\/v2\/media?parent=337415"}],"wp:term":[{"taxonomy":"category","embeddable":true,"href":"https:\/\/www.europesays.com\/fr\/wp-json\/wp\/v2\/categories?post=337415"},{"taxonomy":"post_tag","embeddable":true,"href":"https:\/\/www.europesays.com\/fr\/wp-json\/wp\/v2\/tags?post=337415"}],"curies":[{"name":"wp","href":"https:\/\/api.w.org\/{rel}","templated":true}]}}