{"id":337416,"date":"2025-08-23T00:57:13","date_gmt":"2025-08-23T00:57:13","guid":{"rendered":"https:\/\/www.europesays.com\/fr\/337416\/"},"modified":"2025-08-23T00:57:13","modified_gmt":"2025-08-23T00:57:13","slug":"coupe-du-monde-2026-trump-devoile-la-date-du-tirage-au-sort","status":"publish","type":"post","link":"https:\/\/www.europesays.com\/fr\/337416\/","title":{"rendered":"Coupe du monde 2026: Trump d\u00e9voile la date du tirage au sort"},"content":{"rendered":"<p>Milieu de terrain de 25 ans, <strong>Nicky Beloko<\/strong> revient au <strong>Lausanne-Sport<\/strong>. Il s&rsquo;est engag\u00e9 avec le club de la Tuili\u00e8re pour trois ans, soit jusqu&rsquo;au 30 juin 2028.<\/p>\n<p>N\u00e9 au Cameroun et arriv\u00e9 en Suisse \u00e0 l\u2019\u00e2ge de 11 ans, Beloko a fait ses premiers pas au FC Aigle puis \u00e0 Vevey, avant de rejoindre le Team Vaud M16, puis le FC Sion, avec qui il fait ses d\u00e9buts professionnels en 2017.<\/p>\n<p>Rep\u00e9r\u00e9 par la Fiorentina, il a d\u00e9couvert la Serie A en 2019 face \u00e0 Sassuolo. Pr\u00eat\u00e9 \u00e0 La Gantoise puis \u00e0 NE Xamax, il est devenu un titulaire indiscutable du club neuch\u00e2telois avant de mettre le cap sur le FC Lucerne en 2022.<\/p>\n<p>En juin dernier, il a tent\u00e9 de s&rsquo;imposer en MLS avec le FC Austin, au Texas, mais il a mis un terme \u00e0 cette exp\u00e9rience pour des raisons personnelles.<\/p>\n<p>Beloko, qui compte pr\u00e8s de 80 matches de Super League \u00e0 son actif, portera au LS le num\u00e9ro 42, clin d\u2019\u0153il au num\u00e9ro de ses d\u00e9buts pros. Il sera \u00e0 disposition de Peter Zeidler d\u00e8s le prochain match de championnat \u00e0 la Tuili\u00e8re face au FC Saint-Gall, le dimanche 31 ao\u00fbt.<\/p>\n<p><img loading=\"lazy\" decoding=\"async\" src=\"https:\/\/www.europesays.com\/fr\/wp-content\/uploads\/2025\/08\/fa742e27-4afd-4c3b-b0ce-90679389d7a6.jpg\" alt=\"Nicky Beloko (ici sous le maillot de Lucerne) revient \u00e0 Lausanne.\" title=\"Nicky Beloko (ici sous le maillot de Lucerne) revient \u00e0 Lausanne.\"  width=\"1200\" height=\"800\"\/><\/p>\n<p>Nicky Beloko (ici sous le maillot de Lucerne) revient \u00e0 Lausanne.<\/p>\n<p>IMAGO\/Steinsiek.ch<\/p>\n","protected":false},"excerpt":{"rendered":"Milieu de terrain de 25 ans, Nicky Beloko revient au Lausanne-Sport. Il s&rsquo;est engag\u00e9 avec le club de&hellip;\n","protected":false},"author":2,"featured_media":337417,"comment_status":"","ping_status":"","sticky":false,"template":"","format":"standard","meta":{"footnotes":""},"categories":[1413],"tags":[1011,27,1457,1456,60],"class_list":{"0":"post-337416","1":"post","2":"type-post","3":"status-publish","4":"format-standard","5":"has-post-thumbnail","7":"category-moto","8":"tag-fr","9":"tag-france","10":"tag-moto","11":"tag-motocycle","12":"tag-sports"},"share_on_mastodon":{"url":"https:\/\/pubeurope.com\/@fr\/115075366571363995","error":""},"_links":{"self":[{"href":"https:\/\/www.europesays.com\/fr\/wp-json\/wp\/v2\/posts\/337416","targetHints":{"allow":["GET"]}}],"collection":[{"href":"https:\/\/www.europesays.com\/fr\/wp-json\/wp\/v2\/posts"}],"about":[{"href":"https:\/\/www.europesays.com\/fr\/wp-json\/wp\/v2\/types\/post"}],"author":[{"embeddable":true,"href":"https:\/\/www.europesays.com\/fr\/wp-json\/wp\/v2\/users\/2"}],"replies":[{"embeddable":true,"href":"https:\/\/www.europesays.com\/fr\/wp-json\/wp\/v2\/comments?post=337416"}],"version-history":[{"count":0,"href":"https:\/\/www.europesays.com\/fr\/wp-json\/wp\/v2\/posts\/337416\/revisions"}],"wp:featuredmedia":[{"embeddable":true,"href":"https:\/\/www.europesays.com\/fr\/wp-json\/wp\/v2\/media\/337417"}],"wp:attachment":[{"href":"https:\/\/www.europesays.com\/fr\/wp-json\/wp\/v2\/media?parent=337416"}],"wp:term":[{"taxonomy":"category","embeddable":true,"href":"https:\/\/www.europesays.com\/fr\/wp-json\/wp\/v2\/categories?post=337416"},{"taxonomy":"post_tag","embeddable":true,"href":"https:\/\/www.europesays.com\/fr\/wp-json\/wp\/v2\/tags?post=337416"}],"curies":[{"name":"wp","href":"https:\/\/api.w.org\/{rel}","templated":true}]}}