{"id":337420,"date":"2025-08-23T00:59:13","date_gmt":"2025-08-23T00:59:13","guid":{"rendered":"https:\/\/www.europesays.com\/fr\/337420\/"},"modified":"2025-08-23T00:59:13","modified_gmt":"2025-08-23T00:59:13","slug":"en-bretagne-sur-les-courses-elites-je-ne-me-sens-plus-trop-a-ma-place-le-finisterien-owen-musset-rejoint-une-equipe-continentale-americaine","status":"publish","type":"post","link":"https:\/\/www.europesays.com\/fr\/337420\/","title":{"rendered":"\u00ab\u00a0En Bretagne, sur les courses \u00e9lites, je ne me sens plus trop \u00e0 ma place\u2026\u00a0\u00bb\u00a0: le Finist\u00e9rien Owen Musset rejoint une \u00e9quipe Continentale am\u00e9ricaine"},"content":{"rendered":"<p>\u00c0 bient\u00f4t 23 ans, Owen Musset (Team Sportbreizh) s\u2019appr\u00eate encore \u00e0 voir du pays. Apr\u00e8s une belle exp\u00e9rience avec<a href=\"https:\/\/www.letelegramme.fr\/sports\/cyclisme\/zebus-en-course-pedales-automatiques-et-baskets-la-drole-daventure-senegalaise-dowen-musset-6516703.php\" target=\"_blank\" rel=\"noopener\"> la s\u00e9lection nationale de la D\u00e9fense<\/a>, une \u00e9quipe qu\u2019il retrouvera en octobre au Cameroun, le Finist\u00e9rien va rejoindre la formation Continentale (3e division) am\u00e9ricaine EuroCyclingTrips en 2026.<\/p>\n<p>Un statut non-professionnel<\/p>\n<p>\u00ab C\u2019est une \u00e9quipe bas\u00e9e sur l\u2019\u00eele de Guam, elle a \u00e9t\u00e9 lanc\u00e9e pour d\u00e9velopper le cyclisme sur cette \u00eele situ\u00e9e dans l\u2019oc\u00e9an Pacifique. L\u00e0-bas, la f\u00e9d\u00e9ration de cyclisme est assez active et cette \u00e9quipe a donc \u00e9t\u00e9 cr\u00e9\u00e9e \u00bb, explique le jeune Breton qui a tap\u00e9 dans l\u2019\u0153il de sa nouvelle formation lors du Tour du Maroc qu\u2019il disputait avec la s\u00e9lection nationale de la D\u00e9fense.<\/p>\n<p>Owen Musset, qui ne sera pas professionnel, portera les couleurs de sa nouvelle \u00e9quipe en 2026 et devrait disputer plusieurs courses du calendrier breton sous le maillot EuroCyclingTrips. \u00ab \u00c7a va \u00eatre une tr\u00e8s belle exp\u00e9rience. Cette \u00e9quipe a un calendrier tr\u00e8s vari\u00e9 avec des courses en Europe, en Asie, en Afrique, en Am\u00e9rique du Sud \u00bb, explique-t-il. \u00ab En Bretagne, sur les courses \u00e9lites, je ne me sens plus trop \u00e0 ma place. Je n\u2019ai plus la m\u00eame envie, je ne sais pas trop comment l\u2019expliquer\u2026 \u00bb<\/p>\n","protected":false},"excerpt":{"rendered":"\u00c0 bient\u00f4t 23 ans, Owen Musset (Team Sportbreizh) s\u2019appr\u00eate encore \u00e0 voir du pays. Apr\u00e8s une belle exp\u00e9rience&hellip;\n","protected":false},"author":2,"featured_media":337421,"comment_status":"","ping_status":"","sticky":false,"template":"","format":"standard","meta":{"footnotes":""},"categories":[1411],"tags":[1154,207,6159,3166,1011,27,45923,60],"class_list":{"0":"post-337420","1":"post","2":"type-post","3":"status-publish","4":"format-standard","5":"has-post-thumbnail","7":"category-cyclisme","8":"tag-cycling","9":"tag-cyclisme","10":"tag-cyclisme-amateurs","11":"tag-en-continu-sports","12":"tag-fr","13":"tag-france","14":"tag-plougastel-daoulas","15":"tag-sports"},"share_on_mastodon":{"url":"https:\/\/pubeurope.com\/@fr\/115075374394695421","error":""},"_links":{"self":[{"href":"https:\/\/www.europesays.com\/fr\/wp-json\/wp\/v2\/posts\/337420","targetHints":{"allow":["GET"]}}],"collection":[{"href":"https:\/\/www.europesays.com\/fr\/wp-json\/wp\/v2\/posts"}],"about":[{"href":"https:\/\/www.europesays.com\/fr\/wp-json\/wp\/v2\/types\/post"}],"author":[{"embeddable":true,"href":"https:\/\/www.europesays.com\/fr\/wp-json\/wp\/v2\/users\/2"}],"replies":[{"embeddable":true,"href":"https:\/\/www.europesays.com\/fr\/wp-json\/wp\/v2\/comments?post=337420"}],"version-history":[{"count":0,"href":"https:\/\/www.europesays.com\/fr\/wp-json\/wp\/v2\/posts\/337420\/revisions"}],"wp:featuredmedia":[{"embeddable":true,"href":"https:\/\/www.europesays.com\/fr\/wp-json\/wp\/v2\/media\/337421"}],"wp:attachment":[{"href":"https:\/\/www.europesays.com\/fr\/wp-json\/wp\/v2\/media?parent=337420"}],"wp:term":[{"taxonomy":"category","embeddable":true,"href":"https:\/\/www.europesays.com\/fr\/wp-json\/wp\/v2\/categories?post=337420"},{"taxonomy":"post_tag","embeddable":true,"href":"https:\/\/www.europesays.com\/fr\/wp-json\/wp\/v2\/tags?post=337420"}],"curies":[{"name":"wp","href":"https:\/\/api.w.org\/{rel}","templated":true}]}}