{"id":337426,"date":"2025-08-23T01:02:17","date_gmt":"2025-08-23T01:02:17","guid":{"rendered":"https:\/\/www.europesays.com\/fr\/337426\/"},"modified":"2025-08-23T01:02:17","modified_gmt":"2025-08-23T01:02:17","slug":"une-fresque-inspiree-par-loeuvre-de-pierre-peron-sur-un-mur-du-musee-du-patrimoine-brestois-le-lavoir","status":"publish","type":"post","link":"https:\/\/www.europesays.com\/fr\/337426\/","title":{"rendered":"Une fresque inspir\u00e9e par l\u2019\u0153uvre de Pierre P\u00e9ron sur un mur du mus\u00e9e du patrimoine brestois \u00ab\u00a0Le Lavoir\u00a0\u00bb"},"content":{"rendered":"<p><a href=\"https:\/\/www.letelegramme.fr\/finistere\/brest-29200\/une-vision-fantasmee-du-brest-davant-guerre-le-lavoir-de-pontaniou-rouvre-ses-portes-aux-visiteurs-en-images-6849777.php\" target=\"_blank\" rel=\"noopener\">Le Lavoir<\/a>, mus\u00e9e du patrimoine brestois, a \u00e9t\u00e9 laur\u00e9at du budget participatif de la ville de Brest en 2020. Le site, au 16,\u00a0rue Saint-Malo, accueille \u00e0 pr\u00e9sent un mus\u00e9e anim\u00e9 par les b\u00e9n\u00e9voles de l\u2019association La Carr\u00e9e. <\/p>\n<p>Le grand peintre brestois Pierre P\u00e9ron y est mis \u00e0 l\u2019honneur. \u00c9galement dessinateur, sculpteur et affichiste, il \u00e9tait tr\u00e8s connu pour ses dessins de presse. Il est aussi l\u2019auteur de bandes dessin\u00e9es pour enfant. \u00c0 partir de l\u2019une d\u2019elles, \u00ab\u00a0Les aventures extraordinaires de Peskett\u00a0\u00bb, une histoire dans laquelle Peskett rencontre la jolie sir\u00e8ne Bigoudi, \u00c9ric Jolivet a adapt\u00e9 un de ses dessins pour une reproduction en fresque, effectu\u00e9e par Guillaume Duval sur le pignon du lavoir. Une r\u00e9alisation possible en accord avec la famille de Pierre P\u00e9ron, avec le soutien de la Ville de Brest et de la R\u00e9gion Bretagne. <\/p>\n<p>Diff\u00e9rents espaces d\u2019exposition<\/p>\n<p>\u00ab\u00a0Notre objectif est de promouvoir le patrimoine culturel et populaire de la cit\u00e9 du Ponant. Construit entre 1882 et 1913, le lavoir de Pontaniou est l\u2019un des plus grands de Bretagne. Le public est invit\u00e9 \u00e0 une immersion \u00e0 travers diff\u00e9rents espaces d\u2019exposition (Brest dans la guerre, salon L\u00e9onnec-Ozanne, passage Pierre P\u00e9ron, cabinet de curiosit\u00e9s et plan-relief de Brest en 1789) retra\u00e7ant la vie des habitants\u00a0\u00bb, t\u00e9moigne Jacques Quillien, l\u2019une des chevilles ouvri\u00e8res du Lavoir. <\/p>\n<p>Pratique<\/p>\n<p class=\"note\">Le Lavoir, 16,\u00a0rue Saint-Malo, \u00e0 Brest. Ouverture de 14\u00a0h \u00e0 18\u00a0h, les samedi\u00a023 et dimanche\u00a024\u00a0ao\u00fbt 2025, puis les dimanches jusqu\u2019aux Journ\u00e9es europ\u00e9ennes du patrimoine. Entr\u00e9e\u00a0: plein tarif, 4 \u20ac\u00a0; tarifs r\u00e9duits (enfant, famille, demandeur d\u2019emploi, \u00e9tudiant, groupe \u00e0 partir de dix personnes), de 2 \u00e0 3\u00a0\u20ac par personne. Le ticket est valable pour la saison estivale\u00a0: il est possible de revenir gratuitement \u00e0 la suite d\u2019une premi\u00e8re visite. Contact\u00a0: t\u00e9l.\u00a002\u00a098\u00a037\u00a039\u00a053\u00a0: courriel, lelavoirmusee@gmail.com\u00a0; site web, <a href=\"http:\/\/www.lacarreebrest.fr\" target=\"_blank\" rel=\"noopener\">lacarreebrest.fr<\/a><\/p>\n","protected":false},"excerpt":{"rendered":"Le Lavoir, mus\u00e9e du patrimoine brestois, a \u00e9t\u00e9 laur\u00e9at du budget participatif de la ville de Brest en&hellip;\n","protected":false},"author":2,"featured_media":337427,"comment_status":"","ping_status":"","sticky":false,"template":"","format":"standard","meta":{"footnotes":""},"categories":[1358],"tags":[3734,8913,1348,1384,1385,3450,23176,251,1386,58,59,1011,27,2551],"class_list":{"0":"post-337426","1":"post","2":"type-post","3":"status-publish","4":"format-standard","5":"has-post-thumbnail","7":"category-arts-et-design","8":"tag-art","9":"tag-art-plastique","10":"tag-arts","11":"tag-arts-and-design","12":"tag-arts-et-design","13":"tag-brest","14":"tag-brest-recouvrance","15":"tag-culture","16":"tag-design","17":"tag-divertissement","18":"tag-entertainment","19":"tag-fr","20":"tag-france","21":"tag-patrimoine"},"share_on_mastodon":{"url":"https:\/\/pubeurope.com\/@fr\/115075386152732505","error":""},"_links":{"self":[{"href":"https:\/\/www.europesays.com\/fr\/wp-json\/wp\/v2\/posts\/337426","targetHints":{"allow":["GET"]}}],"collection":[{"href":"https:\/\/www.europesays.com\/fr\/wp-json\/wp\/v2\/posts"}],"about":[{"href":"https:\/\/www.europesays.com\/fr\/wp-json\/wp\/v2\/types\/post"}],"author":[{"embeddable":true,"href":"https:\/\/www.europesays.com\/fr\/wp-json\/wp\/v2\/users\/2"}],"replies":[{"embeddable":true,"href":"https:\/\/www.europesays.com\/fr\/wp-json\/wp\/v2\/comments?post=337426"}],"version-history":[{"count":0,"href":"https:\/\/www.europesays.com\/fr\/wp-json\/wp\/v2\/posts\/337426\/revisions"}],"wp:featuredmedia":[{"embeddable":true,"href":"https:\/\/www.europesays.com\/fr\/wp-json\/wp\/v2\/media\/337427"}],"wp:attachment":[{"href":"https:\/\/www.europesays.com\/fr\/wp-json\/wp\/v2\/media?parent=337426"}],"wp:term":[{"taxonomy":"category","embeddable":true,"href":"https:\/\/www.europesays.com\/fr\/wp-json\/wp\/v2\/categories?post=337426"},{"taxonomy":"post_tag","embeddable":true,"href":"https:\/\/www.europesays.com\/fr\/wp-json\/wp\/v2\/tags?post=337426"}],"curies":[{"name":"wp","href":"https:\/\/api.w.org\/{rel}","templated":true}]}}