{"id":337438,"date":"2025-08-23T01:10:12","date_gmt":"2025-08-23T01:10:12","guid":{"rendered":"https:\/\/www.europesays.com\/fr\/337438\/"},"modified":"2025-08-23T01:10:12","modified_gmt":"2025-08-23T01:10:12","slug":"je-voulais-que-mami-mette-son-amitie-de-cote-pour-prendre-sa-decision-confie-moon","status":"publish","type":"post","link":"https:\/\/www.europesays.com\/fr\/337438\/","title":{"rendered":"\u00ab\u00a0Je voulais que Mami mette son amiti\u00e9 de c\u00f4t\u00e9 pour prendre sa d\u00e9cision\u00a0\u00bb, confie Moon"},"content":{"rendered":"<p>Moon ne fera pas partie du quatuor de finalistes de \u00ab\u00a0<a href=\"https:\/\/www.20minutes.fr\/arts-stars\/culture\/drag-race-france\/\" class=\"c-link c-link--is-underlined\" target=\"_blank\" rel=\"noopener\">Drag Race France All Stars<\/a>\u00a0\u00bb. A la fin de la demi-finale diffus\u00e9e jeudi sur <a href=\"https:\/\/www.20minutes.fr\/television\/france_2\/\" class=\"c-link c-link--is-underlined\" target=\"_blank\" rel=\"noopener\">France 2<\/a>, Mami Watta a pr\u00e9f\u00e9r\u00e9 sauver <a href=\"https:\/\/www.20minutes.fr\/arts-stars\/culture\/musique\/4088659-20240517-drag-permis-connecter-rap-avance-queen-piche\" class=\"c-link c-link--is-underlined\" target=\"_blank\" rel=\"noopener\">Piche<\/a> au d\u00e9triment de la drag suisse. La jeune femme revient pour 20 Minutes sur son parcours dans la comp\u00e9tition\u2026<\/p>\n<p>Avant que Mami Wata prenne sa d\u00e9cision, vous lui avez demand\u00e9 d\u2019\u00eatre \u00ab\u00a0fair-play\u00a0\u00bb. Vous sembliez lui dire entre les lignes de voter pour sauver Piche\u2026<\/p>\n<p>Chacun peut interpr\u00e9ter cette conversation comme il veut. Si cela avait \u00e9t\u00e9 le jury qui aurait \u00e9t\u00e9 charg\u00e9 de m\u2019envoyer ou non en finale, \u00e7a aurait \u00e9t\u00e9 autre chose, mais, lors de cette saison, c\u2019est nous qui votons pour nous \u00e9liminer entre nous. Nous sommes des s\u0153urs, on est tout le temps ensemble, donc on a toujours \u00e9t\u00e9 fair-play et il fallait le rester jusqu\u2019au bout. Je voulais surtout que Mami mette son amiti\u00e9 pour moi de c\u00f4t\u00e9, et qu\u2019elle prenne sa d\u00e9cision en fonction de ce qui est juste par rapport \u00e0 la comp\u00e9tition.<\/p>\n<p>Partir en demi-finale vous laisse un go\u00fbt d\u2019inachev\u00e9 ou, avec le recul, vous dites-vous que le bilan est positif\u00a0?<\/p>\n<p>La boucle aurait \u00e9t\u00e9 boucl\u00e9e si j\u2019avais gagn\u00e9 la finale. J\u2019ai accept\u00e9 de participer \u00e0 cette \u00e9mission pour tenter de la remporter. Mais je ne regrette rien, je suis hyper contente d\u2019avoir fait tout ce que j\u2019ai fait.<\/p>\n<p>Vous \u00eates l\u2019une des chouchoutes de public. Vous ressentez cette affection que les gens vous portent\u00a0?<\/p>\n<p>Oui, je la sens, je la vois, et on me le fait comprendre sur les r\u00e9seaux sociaux. Je serai \u00e9ternellement reconnaissante pour tout \u00e7a, c\u2019est magnifique.<\/p>\n<p>Si vous en aviez la possibilit\u00e9, que feriez-vous diff\u00e9remment si vous pouviez changer quelque chose \u00e0 votre parcours dans cette saison\u00a0?<\/p>\n<p>Honn\u00eatement, je ne changerais rien, parce que je suis tellement fi\u00e8re d\u2019avoir fait ce que j\u2019ai fait, dans le temps imparti qui n\u2019\u00e9tait pas \u00e9norme, et je pense que j\u2019ai fait vraiment de mon mieux. Apr\u00e8s, si la question est \u00ab\u00a0Qu\u2019aurais-je d\u00fb faire pour remporter un maxi-d\u00e9fi\u00a0?\u00a0\u00bb, c\u2019est une question qu\u2019on devrait poser au jury et pas \u00e0 moi.<\/p>\n<p>Justement, le jury, envers vous, vous l\u2019avez senti s\u00e9v\u00e8re ou juste\u00a0? Lors du makeover challenge, par exemple, il vous a \u00e9t\u00e9 reproch\u00e9 d\u2019avoir propos\u00e9 un maquillage dans lequel on vous avait d\u00e9j\u00e0 vu\u2026<\/p>\n<p>Le maquillage cr\u00e9ature a toujours \u00e9t\u00e9 sous estim\u00e9, d\u2019une fa\u00e7on ou d\u2019une autre, dans toutes les franchises de \u00ab\u00a0Drag Race\u00a0\u00bb. Je ne pense pas que refaire un maquillage a \u00e9t\u00e9 quelque chose de d\u00e9terminant pour certaines autres queens. Est-ce que c\u2019est un maquillage que j\u2019avais d\u00e9j\u00e0 fait\u00a0? Oui, mais, en fait, c\u2019est l\u2019essence de mon drag. Je peux comprendre qu\u2019on me dise \u00ab\u00a0on l\u2019a d\u00e9j\u00e0 vu\u00a0\u00bb, mais \u00e7a ne devrait pas \u00eatre un point n\u00e9gatif pour juger mon drag, parce que c\u2019est ce qui me repr\u00e9sente. Alors vive les drags cr\u00e9atures et vive les maquillages qui sortent un peu de la norme du beauty make-up\u00a0!<\/p>\n<\/p>\n<p>Au cours de la saison, vous avez aussi clam\u00e9 \u00ab\u00a0Vive les trans\u00a0!\u00a0\u00bb C\u2019est important, pour vous, de continuer \u00e0 faire passer un message sur la transidentit\u00e9, sur le respect et les droits des personnes trans, et sur vos v\u00e9cus\u00a0?<\/p>\n<p>Oui, bien s\u00fbr, parce que je suis une repr\u00e9sentation trans et il est important d\u2019avoir des repr\u00e9sentations positives, de personnes qui se projettent dans l\u2019avenir, qui ont des objectifs, qui sont humaines. Parce que les m\u00e9dias sont terribles avec les personnes transgenres, partout dans le monde. Je ne comprends pas en quoi on nous tiendrait responsables de tous les maux de la Terre. Du moment que tu fais ce que tu veux faire dans la vie de fa\u00e7on respectueuse, sans salir le jardin des autres, je ne vois pas pourquoi \u00e7a devrait \u00eatre un probl\u00e8me. Je suis tr\u00e8s fi\u00e8re d\u2019\u00eatre une <a href=\"https:\/\/www.20minutes.fr\/dossier\/transgenre\" class=\"c-link c-link--is-underlined\" target=\"_blank\" rel=\"noopener\">personne transgenre<\/a>, je n\u2019arr\u00eaterai jamais de le dire, et merci \u00ab\u00a0Drag Race\u00a0\u00bb de me donner cette opportunit\u00e9 d\u2019en parler. Voil\u00e0, vive les trans\u00a0!<\/p>\n<p>Que vous a apport\u00e9, sur le plan cr\u00e9atif, cette participation \u00e0 \u00ab\u00a0Drag Race France All Stars\u00a0\u00bb\u00a0?<\/p>\n<p>M\u00eame si tu te connais \u00e0 100\u00a0%, que tu es s\u00fbre de tout ce que tu as pr\u00e9par\u00e9, tu apprends plein de choses tout le temps quand tu es confront\u00e9 \u00e0 d\u2019autres talents et \u00e0 de nouveaux challenges. Donc, forc\u00e9ment, j\u2019ai appris des choses sur moi et je pense que c\u2019est tr\u00e8s important de devoir se surpasser \u00e0 chaque fois et de ne pas rester dans ce que tu sais faire.<\/p>\n<p><a href=\"https:\/\/www.20minutes.fr\/arts-stars\/culture\/drag-race-france\" class=\"c-link c-btn c-btn--primary\" target=\"_blank\" rel=\"noopener\">Tous nos articles sur Drag Race France<\/a>Elips, Mami Watta, Misty Phoenix et Piche se disputeront la couronne et les 30.000 euros en finale. Celle-ci sera diffus\u00e9e jeudi \u00e0 23h25 sur France 2 mais a d\u00e9j\u00e0 \u00e9t\u00e9 tourn\u00e9e. A quoi les t\u00e9l\u00e9spectateurs peuvent-ils s\u2019attendre\u00a0? <\/p>\n<p>Je dirais\u00a0: \u00ab\u00a0surprenante\u00a0\u00bb, \u00ab\u00a0majestic\u00a0\u00bb (\u00ab majestueux\u00a0\u00bb) et \u00ab\u00a0pleine d\u2019amour\u00a0\u00bb.<\/p>\n","protected":false},"excerpt":{"rendered":"Moon ne fera pas partie du quatuor de finalistes de \u00ab\u00a0Drag Race France All Stars\u00a0\u00bb. A la fin&hellip;\n","protected":false},"author":2,"featured_media":337439,"comment_status":"","ping_status":"","sticky":false,"template":"","format":"standard","meta":{"footnotes":""},"categories":[8],"tags":[251,58,26643,59,1011,27,594,9087,41384,10657],"class_list":{"0":"post-337438","1":"post","2":"type-post","3":"status-publish","4":"format-standard","5":"has-post-thumbnail","7":"category-divertissement","8":"tag-culture","9":"tag-divertissement","10":"tag-drag-race-france","11":"tag-entertainment","12":"tag-fr","13":"tag-france","14":"tag-france-2","15":"tag-lgbt","16":"tag-rupauls-drag-race","17":"tag-transgenre"},"share_on_mastodon":{"url":"https:\/\/pubeurope.com\/@fr\/115075417647279946","error":""},"_links":{"self":[{"href":"https:\/\/www.europesays.com\/fr\/wp-json\/wp\/v2\/posts\/337438","targetHints":{"allow":["GET"]}}],"collection":[{"href":"https:\/\/www.europesays.com\/fr\/wp-json\/wp\/v2\/posts"}],"about":[{"href":"https:\/\/www.europesays.com\/fr\/wp-json\/wp\/v2\/types\/post"}],"author":[{"embeddable":true,"href":"https:\/\/www.europesays.com\/fr\/wp-json\/wp\/v2\/users\/2"}],"replies":[{"embeddable":true,"href":"https:\/\/www.europesays.com\/fr\/wp-json\/wp\/v2\/comments?post=337438"}],"version-history":[{"count":0,"href":"https:\/\/www.europesays.com\/fr\/wp-json\/wp\/v2\/posts\/337438\/revisions"}],"wp:featuredmedia":[{"embeddable":true,"href":"https:\/\/www.europesays.com\/fr\/wp-json\/wp\/v2\/media\/337439"}],"wp:attachment":[{"href":"https:\/\/www.europesays.com\/fr\/wp-json\/wp\/v2\/media?parent=337438"}],"wp:term":[{"taxonomy":"category","embeddable":true,"href":"https:\/\/www.europesays.com\/fr\/wp-json\/wp\/v2\/categories?post=337438"},{"taxonomy":"post_tag","embeddable":true,"href":"https:\/\/www.europesays.com\/fr\/wp-json\/wp\/v2\/tags?post=337438"}],"curies":[{"name":"wp","href":"https:\/\/api.w.org\/{rel}","templated":true}]}}