{"id":337440,"date":"2025-08-23T01:11:13","date_gmt":"2025-08-23T01:11:13","guid":{"rendered":"https:\/\/www.europesays.com\/fr\/337440\/"},"modified":"2025-08-23T01:11:13","modified_gmt":"2025-08-23T01:11:13","slug":"les-scandales-autour-du-trump-phone-continuent-de-ternir-le-projet-cest-un-samsung-galaxy-retouche-sur-photoshop","status":"publish","type":"post","link":"https:\/\/www.europesays.com\/fr\/337440\/","title":{"rendered":"Les scandales autour du \u00ab\u00a0Trump Phone\u00a0\u00bb continuent de ternir le projet\u00a0: \u00ab\u00a0C&rsquo;est un Samsung Galaxy retouch\u00e9 sur Photoshop\u00a0\u00bb"},"content":{"rendered":"<p class=\"ap-StoryElement ap-StoryElement--mb ap-StoryText\">En juin 2025, la Trump Organization annon\u00e7ait le lancement du \u00ab\u00a0<a href=\"https:\/\/www.lalibre.be\/economie\/entreprises-startup\/2025\/06\/17\/donald-trump-va-toujours-plus-loin-dans-les-produits-derives-a-son-effigie-UDKT2FHJSFCRJDLXEAMVTUEGKI\/\" target=\"_self\" rel=\"nofollow noopener\">Trump Phone<\/a>\u00ab\u00a0, un smartphone \u00e0 499 $ pr\u00e9sent\u00e9 comme \u00ab\u00a0100 % made in USA\u00a0\u00bb. La premi\u00e8re g\u00e9n\u00e9ration de ce t\u00e9l\u00e9phone est aujourd&rsquo;hui disponible en pr\u00e9commande, et son lancement a \u00e9t\u00e9 r\u00e9cemment accompagn\u00e9 de publicit\u00e9s sur les r\u00e9seaux sociaux.<\/p>\n<p class=\"ap-StoryElement ap-StoryElement--mb ap-StoryText\">Pourtant, les internautes pointent d\u00e9j\u00e0 des incoh\u00e9rences inqui\u00e9tantes : dans un post cens\u00e9 montrer le t\u00e9l\u00e9phone, on peut apercevoir ce qui semble \u00eatre un <a href=\"https:\/\/www.lalibre.be\/lifestyle\/magazine\/2025\/08\/20\/test-du-samsung-fold-7-JOA2UVWDFBBINNCDOQGFULREYM\/\" target=\"_self\" rel=\"nofollow noopener\">Samsung Galax<\/a>y S25 Ultra, avec des logos T1 faisant r\u00e9f\u00e9rence au mod\u00e8le \u00ab\u00a0Trump T1 Phone 8002\u00a0\u00bb et un drapeau am\u00e9ricain ajout\u00e9 sur l&rsquo;image.<\/p>\n<p class=\"ap-StoryElement ap-StoryElement--mb ap-StoryText\">Ces photos ont \u00e9t\u00e9 largement critiqu\u00e9es et certains observateurs se sont empress\u00e9s de pr\u00e9ciser : \u00ab\u00a0Le t\u00e9l\u00e9phone sur l&rsquo;image est un Samsung Galaxy S25 Ultra retouch\u00e9 sur <a href=\"https:\/\/www.lalibre.be\/lifestyle\/magazine\/2022\/01\/15\/adobe-envoie-photoshop-dans-les-nuages-4CWFF5U2IZDAPIDUN75JEQLZJI\/\" target=\"_self\" rel=\"nofollow noopener\">Photoshop<\/a>, avec une coque de la marque Spigen. Il ne s&rsquo;agit pas du &lsquo;T1 Phone&rsquo;. Le logo Spigen reste visible sous le drapeau am\u00e9ricain ajout\u00e9 num\u00e9riquement.\u00a0\u00bb<\/p>\n<p class=\"ap-StoryElement ap-StoryElement--mb ap-StoryText\">La marque de coques Spigen, visiblement prise de court, n&rsquo;a pas appr\u00e9ci\u00e9 et a r\u00e9agi en commentaire par un \u00ab\u00a0??? bro what\u00a0\u00bb (NDLR : \u00ab\u00a0mec quoi ?\u00a0\u00bb), pr\u00e9cisant qu&rsquo;un proc\u00e8s \u00e9tait en pr\u00e9paration.<\/p>\n<p><a href=\"https:\/\/www.lalibre.be\/economie\/entreprises-startup\/2025\/06\/18\/les-telephones-vendus-par-trump-pourraient-couter-le-double-du-prix-annonce-ses-promesses-sont-impossibles-a-tenir-HQ3KJAC6BRHW7HDPO7SC3ZXYIQ\/\" target=\"_blank\" rel=\"noopener noreferrer nofollow\" class=\"ap-StoryInterstitialLink ap-StoryElement ap-StoryElement--mb\">Les t\u00e9l\u00e9phones vendus par Trump pourraient co\u00fbter le double du prix annonc\u00e9 : \u00ab\u00a0Ses promesses sont impossibles \u00e0 tenir\u00a0\u00bb<\/a>\u00ab\u00a0Made in America\u00a0\u00bb ou \u00ab\u00a0Made in China\u00a0\u00bb ?<\/p>\n<p class=\"ap-StoryElement ap-StoryElement--mb ap-StoryText\">Ce scandale n&rsquo;est toutefois que le dernier d&rsquo;une longue s\u00e9rie. La Trump Organization avait initialement affirm\u00e9 que le t\u00e9l\u00e9phone serait <a href=\"https:\/\/www.lalibre.be\/economie\/entreprises-startup\/2025\/06\/27\/le-smartphone-produit-par-donald-trump-est-il-vraiment-made-in-usa-DMYO34URA5FYLOBQZSASA2UUME\/\" target=\"_self\" rel=\"nofollow noopener\">enti\u00e8rement con\u00e7u et fabriqu\u00e9 aux \u00c9tats-Unis<\/a>. Cette promesse a rapidement \u00e9t\u00e9 remise en question par des experts, qui soulignent qu&rsquo;il est pratiquement impossible de produire un smartphone enti\u00e8rement am\u00e9ricain, notamment en raison des co\u00fbts \u00e9lev\u00e9s et de la d\u00e9pendance aux composants \u00e9trangers.<\/p>\n<p class=\"ap-StoryElement ap-StoryElement--mb ap-StoryText\">Selon <a href=\"https:\/\/xn--cescandalen&#039;esttoutefoisqueledernierd&#039;unelonguesrie-nre.xn--latrumporganizationavaitinitialementaffirmqueletlphoneseraitentirementconuetfabriquauxtats-unis-vei1gsdgb0bd.xn--cettepromessearapidementtremiseenquestionpardesexperts,quisoulignentqu&#039;ilestpratiquementimpossibledeproduireunsmartphoneentirementamricain,notammentenraisondescotslevsetdeladpendanceauxcomposantstrangers-zor3fb2i5adiv298a.xn--selonnumerama,l&#039;analysededocumentstechniquespardesenquteursduwebarvlquelesmartphoneprsentcomme-5gibbre4d\/\" target=\"_self\" rel=\"nofollow\">Numerama<\/a>, l&rsquo;analyse des documents techniques a r\u00e9v\u00e9l\u00e9 que le smartphone pr\u00e9sent\u00e9 comme \u00ab\u00a0Made in USA\u00a0\u00bb n&rsquo;\u00e9tait en r\u00e9alit\u00e9 qu&rsquo;un \u00ab\u00a0T-Mobile Wingtech REVVL 7 Pro 5G\u00a0\u00bb, un mod\u00e8le d&rsquo;entr\u00e9e de gamme fabriqu\u00e9 en Chine.<\/p>\n<p><a href=\"https:\/\/www.lalibre.be\/economie\/entreprises-startup\/2025\/06\/27\/le-smartphone-produit-par-donald-trump-est-il-vraiment-made-in-usa-DMYO34URA5FYLOBQZSASA2UUME\/\" target=\"_blank\" rel=\"noopener noreferrer nofollow\" class=\"ap-StoryInterstitialLink ap-StoryElement ap-StoryElement--mb\">\u00ab\u00a0MADE IN AMERICA\u00a0\u00bb: le smartphone des patriotes de Donald Trump d\u00e9\u00e7oit d\u00e9j\u00e0<\/a><\/p>\n<p>Pour acc\u00e9der \u00e0 cet article, veuillez vous connecter au r\u00e9seau internet.<\/p>\n","protected":false},"excerpt":{"rendered":"En juin 2025, la Trump Organization annon\u00e7ait le lancement du \u00ab\u00a0Trump Phone\u00ab\u00a0, un smartphone \u00e0 499 $ pr\u00e9sent\u00e9&hellip;\n","protected":false},"author":2,"featured_media":337441,"comment_status":"","ping_status":"","sticky":false,"template":"","format":"standard","meta":{"footnotes":""},"categories":[7],"tags":[1011,27,1227,9024,43,40,41,39,42,44],"class_list":{"0":"post-337440","1":"post","2":"type-post","3":"status-publish","4":"format-standard","5":"has-post-thumbnail","7":"category-sciences-et-technologies","8":"tag-fr","9":"tag-france","10":"tag-horizontal","11":"tag-politics","12":"tag-science","13":"tag-science-and-technology","14":"tag-sciences","15":"tag-sciences-et-technologies","16":"tag-technologies","17":"tag-technology"},"share_on_mastodon":{"url":"https:\/\/pubeurope.com\/@fr\/115075421581174367","error":""},"_links":{"self":[{"href":"https:\/\/www.europesays.com\/fr\/wp-json\/wp\/v2\/posts\/337440","targetHints":{"allow":["GET"]}}],"collection":[{"href":"https:\/\/www.europesays.com\/fr\/wp-json\/wp\/v2\/posts"}],"about":[{"href":"https:\/\/www.europesays.com\/fr\/wp-json\/wp\/v2\/types\/post"}],"author":[{"embeddable":true,"href":"https:\/\/www.europesays.com\/fr\/wp-json\/wp\/v2\/users\/2"}],"replies":[{"embeddable":true,"href":"https:\/\/www.europesays.com\/fr\/wp-json\/wp\/v2\/comments?post=337440"}],"version-history":[{"count":0,"href":"https:\/\/www.europesays.com\/fr\/wp-json\/wp\/v2\/posts\/337440\/revisions"}],"wp:featuredmedia":[{"embeddable":true,"href":"https:\/\/www.europesays.com\/fr\/wp-json\/wp\/v2\/media\/337441"}],"wp:attachment":[{"href":"https:\/\/www.europesays.com\/fr\/wp-json\/wp\/v2\/media?parent=337440"}],"wp:term":[{"taxonomy":"category","embeddable":true,"href":"https:\/\/www.europesays.com\/fr\/wp-json\/wp\/v2\/categories?post=337440"},{"taxonomy":"post_tag","embeddable":true,"href":"https:\/\/www.europesays.com\/fr\/wp-json\/wp\/v2\/tags?post=337440"}],"curies":[{"name":"wp","href":"https:\/\/api.w.org\/{rel}","templated":true}]}}