{"id":337444,"date":"2025-08-23T01:13:15","date_gmt":"2025-08-23T01:13:15","guid":{"rendered":"https:\/\/www.europesays.com\/fr\/337444\/"},"modified":"2025-08-23T01:13:15","modified_gmt":"2025-08-23T01:13:15","slug":"affaire-epstein-le-ministere-americain-de-la-justice-rend-public-un-recent-entretien-avec-ghislaine-maxwell-22-08-2025-a-2320","status":"publish","type":"post","link":"https:\/\/www.europesays.com\/fr\/337444\/","title":{"rendered":"Affaire Epstein: le minist\u00e8re am\u00e9ricain de la Justice rend public un r\u00e9cent entretien avec Ghislaine Maxwell &#8211; 22\/08\/2025 \u00e0 23:20"},"content":{"rendered":"<p>        <img fetchpriority=\"high\" decoding=\"async\" src=\"https:\/\/www.europesays.com\/fr\/wp-content\/uploads\/2025\/08\/f3fffde82fab92a9ba0c9c6b093b32fd-760x504.jpg\" alt=\"Le N.2 du minist\u00e8re am\u00e9ricain de la Justice, Todd Blanche, arrive \u00e0 une conf\u00e9rence de presse de Donald Trump \u00e0 la Maison Blanche \u00e0 Washington, le 11 ao\u00fbt 2025 ( AFP \/ ANDREW CABALLERO-REYNOLDS )\" loading=\"eager\" width=\"760\" height=\"504\" style=\"max-width: 100%!important; height: auto;\"\/><\/p>\n<p class=\"c-image-news__legend\">Le N.2 du minist\u00e8re am\u00e9ricain de la Justice, Todd Blanche, arrive \u00e0 une conf\u00e9rence de presse de Donald Trump \u00e0 la Maison Blanche \u00e0 Washington, le 11 ao\u00fbt 2025 ( AFP \/ ANDREW CABALLERO-REYNOLDS )<\/p>\n<p>\n Le minist\u00e8re am\u00e9ricain de la Justice a publi\u00e9 vendredi le contenu d&rsquo;un r\u00e9cent entretien avec Ghislaine Maxwell, la complice du d\u00e9linquant sexuel Jeffrey Epstein, dans lequel elle affirme n&rsquo;avoir \u00ab\u00a0jamais\u00a0\u00bb observ\u00e9 d&rsquo;attitude inappropri\u00e9e de Donald Trump avec son entourage.\n<\/p>\n<p>\n \u00ab\u00a0A l&rsquo;exception du nom des victimes, chaque mot est inclus. Rien n&rsquo;a \u00e9t\u00e9 enlev\u00e9. Rien n&rsquo;a \u00e9t\u00e9 cach\u00e9\u00a0\u00bb, a assur\u00e9 sur X Todd Blanche, le haut responsable du minist\u00e8re de la Justice qui a men\u00e9 l&rsquo;entretien fin juillet avec Ghislaine Maxwell, d\u00e9tenue aujourd&rsquo;hui dans une prison du Texas.\n<\/p>\n<p>\n James Comer, un influent \u00e9lu r\u00e9publicain au Congr\u00e8s, a en outre annonc\u00e9 au m\u00eame moment que le minist\u00e8re de la Justice avait fourni \u00ab\u00a0des milliers de pages de documents li\u00e9s \u00e0 Epstein\u00a0\u00bb \u00e0 une commission de la Chambre des repr\u00e9sentants qui les avait exig\u00e9s.\n<\/p>\n<p>\n L&rsquo;\u00e9lu n&rsquo;a cependant pas d\u00e9voil\u00e9 le contenu de ces documents.\n<\/p>\n<p>\n Apr\u00e8s avoir pendant des mois promis \u00e0 ses partisans des r\u00e9v\u00e9lations fracassantes dans cette affaire, Donald Trump subit un retour de flamme depuis que son gouvernement a annonc\u00e9 d\u00e9but juillet n&rsquo;avoir d\u00e9couvert aucun \u00e9l\u00e9ment nouveau qui justifierait la publication de documents suppl\u00e9mentaires.\n<\/p>\n<p> &#8211; \u00ab\u00a0Je l&rsquo;aime bien\u00a0\u00bb &#8211;<\/p>\n<p>\n Le pr\u00e9sident am\u00e9ricain multiplie depuis les initiatives pour tenter d&rsquo;\u00e9teindre la pol\u00e9mique autour de l&rsquo;affaire Epstein, qui enflamme les Etats-Unis jusque dans sa base \u00e9lectorale. Son gouvernement est accus\u00e9 de manquer de transparence dans le dossier de ce financier retrouv\u00e9 mort pendu en prison \u00e0 New York en 2019 avant son proc\u00e8s pour crimes sexuels.\n<\/p>\n<p>\n Sa mort a aliment\u00e9 d&rsquo;innombrables th\u00e9ories du complot, selon lesquelles il aurait \u00e9t\u00e9 assassin\u00e9 pour emp\u00eacher des r\u00e9v\u00e9lations embarrassantes sur des personnalit\u00e9s de premier plan.\n<\/p>\n<p>\n Dans son entretien avec Todd Blanche, num\u00e9ro deux du minist\u00e8re de la Justice et ancien avocat personnel de Donald Trump, Ghislaine Maxwell dit ne pas croire que Jeffrey Epstein s&rsquo;est suicid\u00e9, sans vouloir sp\u00e9culer sur l&rsquo;identit\u00e9 de la personne responsable de la mort de son complice et ancien compagnon.\n<\/p>\n<p>\n Elle affirme \u00e9galement que Jeffrey Epstein ne conservait pas de \u00ab\u00a0liste de clients\u00a0\u00bb, et ne pas avoir connaissance d&rsquo;un quelconque chantage \u00e0 l&rsquo;\u00e9gard de personnalit\u00e9s importantes.\n<\/p>\n<p>\n L&rsquo;ancienne mondaine de 63 ans avait \u00e9t\u00e9 transf\u00e9r\u00e9e d\u00e9but ao\u00fbt dans une prison du Texas au r\u00e9gime de s\u00e9curit\u00e9 moins strict, une semaine apr\u00e8s cet entretien.\n<\/p>\n<p>        <img decoding=\"async\" src=\"https:\/\/www.europesays.com\/fr\/wp-content\/uploads\/2025\/07\/1c16d8b389852b9696e774f86a3e5ab3-760x507.jpg\" alt=\"Un message appelant le pr\u00e9sident am\u00e9ricain Donald Trump \u00e0 publier tous les documents li\u00e9s \u00e0 l'affaire Jeffrey Epstein, au-dessus de photos des deux hommes, sur un b\u00e2timent en face de la Maison Blanche, \u00e0 Washington, le 18 juillet 2025 ( AFP \/ Alex WROBLEWSKI )\" loading=\"eager\" width=\"760\" height=\"507\" style=\"max-width: 100%!important; height: auto;\"\/><\/p>\n<p class=\"c-image-news__legend\">Un message appelant le pr\u00e9sident am\u00e9ricain Donald Trump \u00e0 publier tous les documents li\u00e9s \u00e0 l&rsquo;affaire Jeffrey Epstein, au-dessus de photos des deux hommes, sur un b\u00e2timent en face de la Maison Blanche, \u00e0 Washington, le 18 juillet 2025 ( AFP \/ Alex WROBLEWSKI )<\/p>\n<p>\n Selon la retranscription publi\u00e9e vendredi, elle a aussi affirm\u00e9 que Donald Trump avait toujours \u00e9t\u00e9 \u00ab\u00a0tr\u00e8s cordial et tr\u00e8s gentil\u00a0\u00bb avec elle.\n<\/p>\n<p>\n \u00ab\u00a0Et je veux juste dire que j&rsquo;admire son exploit extraordinaire d&rsquo;\u00eatre devenu pr\u00e9sident maintenant. Et je l&rsquo;aime bien, je l&rsquo;ai toujours bien aim\u00e9\u00a0\u00bb, a-t-elle d\u00e9clar\u00e9.\n<\/p>\n<p>\n Lorsque Todd Blanche lui demande si elle a d\u00e9j\u00e0 entendu \u00ab\u00a0M. Epstein ou quiconque d&rsquo;autre dire que le pr\u00e9sident Trump avait eu des agissements inappropri\u00e9s avec des masseuses ou quiconque d&rsquo;autre\u00a0\u00bb de son entourage, Ghislaine Maxwell a r\u00e9pondu: \u00ab\u00a0Absolument jamais, dans n&rsquo;importe quel contexte.\u00a0\u00bb\n<\/p>\n<p> &#8211; Gr\u00e2ce &#8211;<\/p>\n<p>\n Interrog\u00e9 le mois dernier sur la possibilit\u00e9 d&rsquo;accorder une gr\u00e2ce pr\u00e9sidentielle ou une commutation de peine \u00e0 Ghislaine Maxwell, Donald Trump avait assur\u00e9 \u00ab\u00a0ne pas y avoir pens\u00e9\u00a0\u00bb et que le moment n&rsquo;\u00e9tait pas venu d&rsquo;en parler.\n<\/p>\n<p>\n Ghislaine Maxwell avait \u00e9t\u00e9 condamn\u00e9e en 2022 \u00e0 20 ans de prison pour avoir recrut\u00e9 entre 1994 et 2004 des jeunes filles mineures afin que Jeffrey Epstein les exploite sexuellement.\n<\/p>\n<p>\n Figure comme Jeffrey Epstein de la jet-set new-yorkaise des ann\u00e9es 1990-2000, Donald Trump a lui-m\u00eame \u00e9t\u00e9 proche du financier jusqu&rsquo;au milieu des ann\u00e9es 2000.\n<\/p>\n<p>        <img decoding=\"async\" src=\"https:\/\/www.europesays.com\/fr\/wp-content\/uploads\/2025\/08\/46033a910d7700036083652fb7c541d4-760x587.jpg\" alt=\"Image non-dat\u00e9e fournie par le tribunal f\u00e9d\u00e9ral du district sud de New York montrant l'ancienne mondaine Ghislaine Maxwell au c\u00f4t\u00e9 du financier Jeffrey Epstein ( US District Court for the Southern District of New York \/ Handout )\" loading=\"eager\" width=\"760\" height=\"587\" style=\"max-width: 100%!important; height: auto;\"\/><\/p>\n<p class=\"c-image-news__legend\">Image non-dat\u00e9e fournie par le tribunal f\u00e9d\u00e9ral du district sud de New York montrant l&rsquo;ancienne mondaine Ghislaine Maxwell au c\u00f4t\u00e9 du financier Jeffrey Epstein ( US District Court for the Southern District of New York \/ Handout )<\/p>\n<p>\n Le Wall Street Journal avait notamment rapport\u00e9 en juillet l&rsquo;existence d&rsquo;une lettre salace qui aurait \u00e9t\u00e9 \u00e9crite par le magnat de l&rsquo;immobilier en 2003, \u00e0 l&rsquo;occasion du 50e anniversaire de son ami d&rsquo;alors.\n<\/p>\n<p>\n La commission d&rsquo;enqu\u00eate parlementaire qui a exig\u00e9 du gouvernement les documents du dossier Epstein devait \u00e9galement interroger Ghislaine Maxwell le 11 ao\u00fbt, mais son audition avait \u00e9t\u00e9 report\u00e9e sine die.\n<\/p>\n<p>\n L&rsquo;ex-pr\u00e9sident d\u00e9mocrate Bill Clinton et son \u00e9pouse Hillary Clinton, ont \u00e9t\u00e9 convoqu\u00e9s par cette m\u00eame commission pour r\u00e9pondre de leurs liens avec Jeffrey Epstein, lors d&rsquo;auditions pr\u00e9vues en octobre, sans qu&rsquo;il ne soit certain qu&rsquo;ils se plient \u00e0 cette convocation.\n<\/p>\n<p>\n Lors de l&rsquo;entretien avec Todd Blanche, Ghislaine Maxwell a dit ne pas avoir connaissance de massages re\u00e7us par Bill Clinton \u00e0 bord de l&rsquo;avion de Jeffrey Epstein, alors que James Comer avait accus\u00e9 l&rsquo;ancien pr\u00e9sident d&rsquo;avoir \u00e9t\u00e9 mass\u00e9 dans ce jet priv\u00e9 par l&rsquo;une des victimes du r\u00e9seau pr\u00e9sum\u00e9 de trafic sexuel du financier.<\/p>\n","protected":false},"excerpt":{"rendered":"Le N.2 du minist\u00e8re am\u00e9ricain de la Justice, Todd Blanche, arrive \u00e0 une conf\u00e9rence de presse de Donald&hellip;\n","protected":false},"author":2,"featured_media":337445,"comment_status":"","ping_status":"","sticky":false,"template":"","format":"standard","meta":{"footnotes":""},"categories":[5],"tags":[400,11,398,408,405,1011,27,403,14,402,399,404,12,401,406,407,28],"class_list":{"0":"post-337444","1":"post","2":"type-post","3":"status-publish","4":"format-standard","5":"has-post-thumbnail","7":"category-international","8":"tag-action-cac-40","9":"tag-actualites","10":"tag-bourse-de-paris","11":"tag-boursorama","12":"tag-cotations","13":"tag-fr","14":"tag-france","15":"tag-indices-devises","16":"tag-international","17":"tag-investir","18":"tag-investissement","19":"tag-marche-boursier","20":"tag-news","21":"tag-sicav","22":"tag-trackers","23":"tag-warrants","24":"tag-world"},"share_on_mastodon":{"url":"https:\/\/pubeurope.com\/@fr\/115075429628776524","error":""},"_links":{"self":[{"href":"https:\/\/www.europesays.com\/fr\/wp-json\/wp\/v2\/posts\/337444","targetHints":{"allow":["GET"]}}],"collection":[{"href":"https:\/\/www.europesays.com\/fr\/wp-json\/wp\/v2\/posts"}],"about":[{"href":"https:\/\/www.europesays.com\/fr\/wp-json\/wp\/v2\/types\/post"}],"author":[{"embeddable":true,"href":"https:\/\/www.europesays.com\/fr\/wp-json\/wp\/v2\/users\/2"}],"replies":[{"embeddable":true,"href":"https:\/\/www.europesays.com\/fr\/wp-json\/wp\/v2\/comments?post=337444"}],"version-history":[{"count":0,"href":"https:\/\/www.europesays.com\/fr\/wp-json\/wp\/v2\/posts\/337444\/revisions"}],"wp:featuredmedia":[{"embeddable":true,"href":"https:\/\/www.europesays.com\/fr\/wp-json\/wp\/v2\/media\/337445"}],"wp:attachment":[{"href":"https:\/\/www.europesays.com\/fr\/wp-json\/wp\/v2\/media?parent=337444"}],"wp:term":[{"taxonomy":"category","embeddable":true,"href":"https:\/\/www.europesays.com\/fr\/wp-json\/wp\/v2\/categories?post=337444"},{"taxonomy":"post_tag","embeddable":true,"href":"https:\/\/www.europesays.com\/fr\/wp-json\/wp\/v2\/tags?post=337444"}],"curies":[{"name":"wp","href":"https:\/\/api.w.org\/{rel}","templated":true}]}}