{"id":337454,"date":"2025-08-23T01:23:21","date_gmt":"2025-08-23T01:23:21","guid":{"rendered":"https:\/\/www.europesays.com\/fr\/337454\/"},"modified":"2025-08-23T01:23:21","modified_gmt":"2025-08-23T01:23:21","slug":"pau-vs-mhr-montpellier-herault-rugby","status":"publish","type":"post","link":"https:\/\/www.europesays.com\/fr\/337454\/","title":{"rendered":"PAU vs MHR &#8211; Montpellier H\u00e9rault Rugby"},"content":{"rendered":"<p>\t\t\t\t\t\t\t\t\tInfos sur le match<\/p>\n<ul>&#13;<br \/>\n&#13;<\/p>\n<li>&#13;<br \/>\n\t\t\t\t\t\t\t\t\t\t\tComp\u00e9tition &#13;<br \/>\n\t\t\t\t\t\t\t\t\t\t\tMatchs amicaux &#13;\n\t\t\t\t\t\t\t\t\t\t<\/li>\n<p>&#13;<br \/>\n\t\t\t\t\t\t\t\t\t\t&#13;<br \/>\n\t\t\t\t\t\t\t\t\t\t&#13;<\/p>\n<li>&#13;<br \/>\n\t\t\t\t\t\t\t\t\t\t\tStade &#13;<br \/>\n\t\t\t\t\t\t\t\t\t\t\tStade du Hameau &#13;\n\t\t\t\t\t\t\t\t\t\t<\/li>\n<p>&#13;<br \/>\n\t\t\t\t\t\t\t\t\t\t&#13;<br \/>\n\t\t\t\t\t\t\t\t\t\t&#13;\n\t\t\t\t\t\t\t\t\t<\/ul>\n<p>\t\t\t\t\t\t\t\t\t\t<img decoding=\"async\" data-lazyloaded=\"1\" src=\"https:\/\/www.europesays.com\/fr\/wp-content\/uploads\/2025\/08\/loader.gif\" alt=\"match moments cl\u00e9s\"\/><\/p>\n<p>&#13;<br \/>\n&#13;<br \/>\n\t\t\t\t\t\t\tAucun article li\u00e9 \u00e0 cet \u00e9v\u00e9nement\t\t\t\t\t\t\t\t&#13;\n\t\t\t\t\t\t<\/p>\n<p>&#13;<br \/>\n&#13;<br \/>\n\t\t\t\t\t\t\t&#13;<br \/>\n\t\t\t\t\t\t\t   \t&#13;<br \/>\n\t\t\t\t\t\t\t\tLa composition des \u00e9quipes n&rsquo;a pas encore \u00e9t\u00e9 renseign\u00e9e.\t\t\t\t\t\t\t&#13;<br \/>\n\t\t\t\t\t\t\t&#13;<br \/>\n&#13;\n\t\t\t\t\t\t<\/p>\n","protected":false},"excerpt":{"rendered":"Infos sur le match &#13; &#13; &#13; Comp\u00e9tition &#13; Matchs amicaux &#13; &#13; &#13; &#13; &#13; Stade &#13;&hellip;\n","protected":false},"author":2,"featured_media":337455,"comment_status":"","ping_status":"","sticky":false,"template":"","format":"standard","meta":{"footnotes":""},"categories":[9599],"tags":[1111,11,1777,674,1011,27,2208,12,2680,25],"class_list":{"0":"post-337454","1":"post","2":"type-post","3":"status-publish","4":"format-standard","5":"has-post-thumbnail","7":"category-montpellier","8":"tag-actu","9":"tag-actualites","10":"tag-eu","11":"tag-europe","12":"tag-fr","13":"tag-france","14":"tag-montpellier","15":"tag-news","16":"tag-occitanie","17":"tag-republique-francaise"},"share_on_mastodon":{"url":"https:\/\/pubeurope.com\/@fr\/115075468738708608","error":""},"_links":{"self":[{"href":"https:\/\/www.europesays.com\/fr\/wp-json\/wp\/v2\/posts\/337454","targetHints":{"allow":["GET"]}}],"collection":[{"href":"https:\/\/www.europesays.com\/fr\/wp-json\/wp\/v2\/posts"}],"about":[{"href":"https:\/\/www.europesays.com\/fr\/wp-json\/wp\/v2\/types\/post"}],"author":[{"embeddable":true,"href":"https:\/\/www.europesays.com\/fr\/wp-json\/wp\/v2\/users\/2"}],"replies":[{"embeddable":true,"href":"https:\/\/www.europesays.com\/fr\/wp-json\/wp\/v2\/comments?post=337454"}],"version-history":[{"count":0,"href":"https:\/\/www.europesays.com\/fr\/wp-json\/wp\/v2\/posts\/337454\/revisions"}],"wp:featuredmedia":[{"embeddable":true,"href":"https:\/\/www.europesays.com\/fr\/wp-json\/wp\/v2\/media\/337455"}],"wp:attachment":[{"href":"https:\/\/www.europesays.com\/fr\/wp-json\/wp\/v2\/media?parent=337454"}],"wp:term":[{"taxonomy":"category","embeddable":true,"href":"https:\/\/www.europesays.com\/fr\/wp-json\/wp\/v2\/categories?post=337454"},{"taxonomy":"post_tag","embeddable":true,"href":"https:\/\/www.europesays.com\/fr\/wp-json\/wp\/v2\/tags?post=337454"}],"curies":[{"name":"wp","href":"https:\/\/api.w.org\/{rel}","templated":true}]}}