{"id":337456,"date":"2025-08-23T01:25:33","date_gmt":"2025-08-23T01:25:33","guid":{"rendered":"https:\/\/www.europesays.com\/fr\/337456\/"},"modified":"2025-08-23T01:25:33","modified_gmt":"2025-08-23T01:25:33","slug":"fc-sochaux-on-gache-tout-sur-les-moments-cles-les-reactions-apres-la-defaite-a-rouen-3-1","status":"publish","type":"post","link":"https:\/\/www.europesays.com\/fr\/337456\/","title":{"rendered":"FC Sochaux\u00a0: \u00ab\u00a0On g\u00e2che tout sur les moments cl\u00e9s\u00a0\u00bb les r\u00e9actions apr\u00e8s la d\u00e9faite \u00e0 Rouen (3-1)"},"content":{"rendered":"<p>Plomb\u00e9 par des erreurs d\u00e9fensives, le FCSM pourtant revenu au score avant la pause, et sup\u00e9rieur dans le jeu, a conc\u00e9d\u00e9 sa 1\u00e8re d\u00e9faite de la saison ce vendredi \u00e0 Rouen. Rien de dramatique mais un revers largement \u00e9vitable.<\/p>\n<p><strong>Sochaux tombe de haut.<\/strong> L&rsquo;euphorie n&rsquo;aura pas dur\u00e9. Apr\u00e8s deux victoires en deux matchs, le FCSM mord la poussi\u00e8re avec sa 1\u00e8re d\u00e9faite de la saison ce vendredi soir \u00e0 Rouen. D\u00e9faite 3 \u00e0 1 dans un mach \u00e0 huis clos o\u00f9 les Jaune et Bleu ont pourtant, logiquement, \u00e9galis\u00e9 avant la pause par Boubacar Fofana sur p\u00e9nalty, avant de recraquer, par manque d&rsquo;attention au tout d\u00e9but de la seconde p\u00e9riode, et de pousser en vain pour revenir au score en encaissant un 3\u00e8 but anecdotique en toute fin de rencontre.\u00a0 Dommage parce que Sochaux a quand m\u00eame fait un match correct mais ses errements d\u00e9fensifs lui ont co\u00fbt\u00e9 tr\u00e8s cher. Le FCSM est 2\u00e8 derri\u00e8re le leader Versailles, vainqueur \u00e0 Caen.<\/p>\n<p><strong>Vincent Hognon, entra\u00eeneur du FCSM\u00a0:<\/strong> \u00ab\u00a0C&rsquo;est d\u00e9cevant parce que c&rsquo;est un match \u00e0 notre port\u00e9e, sinc\u00e8rement, mais on n&rsquo;a pas \u00e9t\u00e9 l\u00e0 dans les moments importants du match et c&rsquo;est ce qui nous a co\u00fbt\u00e9 l&rsquo;ouverture du score et le 2\u00e8 but en d\u00e9but de deuxi\u00e8me mi-temps. Mais on avait le niveau de ce match, on \u00e9tait dedans mais on a g\u00e2ch\u00e9 sur des moments cl\u00e9s. Ils ont 4 occasions et ont mis 3 buts mais sur rien, sur des 2\u00e8s ou 3\u00e8s ballons, des grosses erreurs de notre part, un manque de course, je suis tr\u00e8s d\u00e9\u00e7u parce que je pense qu&rsquo;on pouvait gagner ce match. Mais on doit s&rsquo;en servir, \u00e7a tombe pas dans le bec facilement, tout le temps, il faut aller chercher les choses. On n&rsquo;\u00e9tait pas les meilleurs avant, on n&rsquo;est pas les plus mauvais, je sais que mon \u00e9quipe est au niveau de Rouen, de ce championnat sauf qu&rsquo;il va falloir s&rsquo;am\u00e9liorer sur les moments importants.\u00a0\u00bb<\/p>\n<p><strong>Mathieu Peybernes, d\u00e9fenseur sochalien<\/strong>\u00a0: \u00ab\u00a0Au vu du match on aurait m\u00e9rit\u00e9 mieux, mais ce 2\u00e8 but nous fait mal, on peut s&rsquo;en prendre qu&rsquo;\u00e0 nous-m\u00eames, on doit redevenir fort en d\u00e9fense surtout, c&rsquo;\u00e9tait notre force la saison pass\u00e9e. On sait qu&rsquo;il ne faut pas s&rsquo;enflammer apr\u00e8s une victoire, il ne faut pas voir tout n\u00e9gatif apr\u00e8s cette d\u00e9faite.\u00a0\u00bb<\/p>\n<p><strong>Arthur Vitelli, d\u00e9fenseur et capitaine du FCSM<\/strong>\u00a0: \u00ab\u00a0Il y avait la place de faire mieux, quand on revient \u00e0 1 partout \u00e0 la mi-temps, je me dis que c&rsquo;est bien parti mais ce 2\u00e8 but d&rsquo;entr\u00e9e \u00e7a met un coup derri\u00e8re la t\u00eate, on manque d&rsquo;attention, c&rsquo;est rageant. On donne les buts et on passe \u00e0 cot\u00e9 de la seconde p\u00e9riode alors que Rouen n&rsquo;\u00e9tait pas au-dessus de nous. Perdre maintenant est presque bien pour nous rappeler que c&rsquo;est un championnat difficile et se remettre tout de suite au boulot pour gagner vendredi \u00e0 Bonal contre Saint-Brieuc.\u00a0\u00bb<\/p>\n","protected":false},"excerpt":{"rendered":"Plomb\u00e9 par des erreurs d\u00e9fensives, le FCSM pourtant revenu au score avant la pause, et sup\u00e9rieur dans le&hellip;\n","protected":false},"author":2,"featured_media":337457,"comment_status":"","ping_status":"","sticky":false,"template":"","format":"standard","meta":{"footnotes":""},"categories":[9587],"tags":[1111,11,1777,674,1011,27,12,5161,25,9590],"class_list":{"0":"post-337456","1":"post","2":"type-post","3":"status-publish","4":"format-standard","5":"has-post-thumbnail","7":"category-rouen","8":"tag-actu","9":"tag-actualites","10":"tag-eu","11":"tag-europe","12":"tag-fr","13":"tag-france","14":"tag-news","15":"tag-normandie","16":"tag-republique-francaise","17":"tag-rouen"},"share_on_mastodon":{"url":"https:\/\/pubeurope.com\/@fr\/115075476553010106","error":""},"_links":{"self":[{"href":"https:\/\/www.europesays.com\/fr\/wp-json\/wp\/v2\/posts\/337456","targetHints":{"allow":["GET"]}}],"collection":[{"href":"https:\/\/www.europesays.com\/fr\/wp-json\/wp\/v2\/posts"}],"about":[{"href":"https:\/\/www.europesays.com\/fr\/wp-json\/wp\/v2\/types\/post"}],"author":[{"embeddable":true,"href":"https:\/\/www.europesays.com\/fr\/wp-json\/wp\/v2\/users\/2"}],"replies":[{"embeddable":true,"href":"https:\/\/www.europesays.com\/fr\/wp-json\/wp\/v2\/comments?post=337456"}],"version-history":[{"count":0,"href":"https:\/\/www.europesays.com\/fr\/wp-json\/wp\/v2\/posts\/337456\/revisions"}],"wp:featuredmedia":[{"embeddable":true,"href":"https:\/\/www.europesays.com\/fr\/wp-json\/wp\/v2\/media\/337457"}],"wp:attachment":[{"href":"https:\/\/www.europesays.com\/fr\/wp-json\/wp\/v2\/media?parent=337456"}],"wp:term":[{"taxonomy":"category","embeddable":true,"href":"https:\/\/www.europesays.com\/fr\/wp-json\/wp\/v2\/categories?post=337456"},{"taxonomy":"post_tag","embeddable":true,"href":"https:\/\/www.europesays.com\/fr\/wp-json\/wp\/v2\/tags?post=337456"}],"curies":[{"name":"wp","href":"https:\/\/api.w.org\/{rel}","templated":true}]}}