{"id":337460,"date":"2025-08-23T01:28:08","date_gmt":"2025-08-23T01:28:08","guid":{"rendered":"https:\/\/www.europesays.com\/fr\/337460\/"},"modified":"2025-08-23T01:28:08","modified_gmt":"2025-08-23T01:28:08","slug":"a-rennes-dans-le-quartier-du-blosne-ces-cameras-de-videoprotection-ont-ete-incendiees","status":"publish","type":"post","link":"https:\/\/www.europesays.com\/fr\/337460\/","title":{"rendered":"\u00c0 Rennes, dans le quartier du Blosne, ces cam\u00e9ras de vid\u00e9oprotection ont \u00e9t\u00e9 incendi\u00e9es"},"content":{"rendered":"<p>Elle est l\u2019un des symboles du renouveau architectural du quartier du Blosne, \u00e0 Rennes (Ille-et-Vilaine). La nouvelle halle multifonction, situ\u00e9e pr\u00e8s de la place Jean-Normand, est remarquable avec sa grande structure en bois\u00a0supportant un toit en mati\u00e8re laissant passer la lumi\u00e8re.<\/p>\n<p>Un lieu propice \u00e0 accueillir des \u00e9v\u00e8nements populaires pour les habitants de ce quartier en mutation.<\/p>\n<p><strong>Lire aussi\u00a0: <\/strong> <a href=\"https:\/\/rennes.maville.com\/actu\/actudet_-narcotrafic-il-avait-passe-trente-huit-heures-sequestre-dans-un-coffre-pres-de-rennes-_7-6943670_actu.Htm\" target=\"_blank\" rel=\"noopener\">Narcotrafic\u00a0: il avait pass\u00e9 trente-huit heures s\u00e9questr\u00e9 dans un coffre pr\u00e8s de Rennes<\/a><\/p>\n<p>Cam\u00e9ras hors service<\/p>\n<p>Mais les deux cam\u00e9ras de vid\u00e9oprotection plac\u00e9es en haut de deux poteaux semblaient d\u00e9ranger certaines personnes.<\/p>\n<p>On peut notamment penser aux dealers tr\u00e8s pr\u00e9sents autour de la halle. Ces derniers ont donc d\u00e9cid\u00e9 de les mettre hors service <a href=\"https:\/\/rennes.maville.com\/actu\/actudet_-a-rennes-deux-cameras-de-videoprotection-incendiees-dans-le-quartier-du-blosne-mardi-17-juin-_52674-6857840_actu.Htm\" rel=\"nofollow noopener\" target=\"_blank\">en mettant le feu aux grands poteaux de bois le 17\u00a0juin dernier.<\/a><\/p>\n<p>Non seulement les flammes ont endommag\u00e9 les cam\u00e9ras mais surtout compl\u00e8tement d\u00e9truit les installations \u00e9lectriques. De quoi \u00eatre s\u00fbr qu\u2019elles soient totalement hors service.<\/p>\n<p><strong>Lire aussi\u00a0:<\/strong> <a href=\"https:\/\/caen.maville.com\/actu\/actudet_-production-de-cannabis-dans-un-hangar-quel-role-pour-le-septuagenaire-neerlandais-_4-6943399_actu.Htm\" target=\"_blank\" rel=\"noopener\"> Production de cannabis dans un hangar\u00a0: quel r\u00f4le pour le septuag\u00e9naire n\u00e9erlandais\u00a0?<\/a><\/p>\n<p>Des incidents \u00e0 r\u00e9p\u00e9tition<\/p>\n<p>Des incendies volontaires qui ont aussi endommag\u00e9 une partie du toit. Ce vendredi 22\u00a0ao\u00fbt 2025, les stigmates de l\u2019incendie sont toujours pr\u00e9sents et les cam\u00e9ras toujours hors service.<\/p>\n<p>R\u00e9guli\u00e8rement, les cam\u00e9ras de vid\u00e9oprotection install\u00e9es dans le Blosne sont vandalis\u00e9es. En plus des incendies, le mat les supportant peut aussi \u00eatre d\u00e9coup\u00e9 \u00e0 la scie circulaire comme \u00e7a a \u00e9t\u00e9 le cas pour celle du centre commercial Italie.<\/p>\n<p>Le 17\u00a0juillet dernier, <a href=\"https:\/\/www.ouest-france.fr\/societe\/faits-divers\/video-la-batterie-dun-vehicule-electrique-a-explose-grosse-frayeur-en-loire-atlantique-5727c9cd-a1fe-4e36-80c8-398a4fd5ac37?originTag=74146\" rel=\"nofollow noopener\" target=\"_blank\">des individus avaient m\u00eame incendi\u00e9 le v\u00e9hicule de techniciens<\/a> qui venaient r\u00e9parer les cam\u00e9ras de la place Jean-Normand. Un incendie qui avait touch\u00e9 la structure du conservatoire de musique du Blosne.<\/p>\n<p>\u00a0<\/p>\n","protected":false},"excerpt":{"rendered":"Elle est l\u2019un des symboles du renouveau architectural du quartier du Blosne, \u00e0 Rennes (Ille-et-Vilaine). La nouvelle halle&hellip;\n","protected":false},"author":2,"featured_media":337461,"comment_status":"","ping_status":"","sticky":false,"template":"","format":"standard","meta":{"footnotes":""},"categories":[2821],"tags":[1111,11,8765,829,10817,2883,1777,674,1011,27,24780,12,5775,584,25,10819],"class_list":{"0":"post-337460","1":"post","2":"type-post","3":"status-publish","4":"format-standard","5":"has-post-thumbnail","7":"category-rennes","8":"tag-actu","9":"tag-actualites","10":"tag-blosne","11":"tag-bretagne","12":"tag-cameras","13":"tag-ete","14":"tag-eu","15":"tag-europe","16":"tag-fr","17":"tag-france","18":"tag-incendiees","19":"tag-news","20":"tag-quartier","21":"tag-rennes","22":"tag-republique-francaise","23":"tag-videoprotection"},"share_on_mastodon":{"url":"https:\/\/pubeurope.com\/@fr\/115075488359284084","error":""},"_links":{"self":[{"href":"https:\/\/www.europesays.com\/fr\/wp-json\/wp\/v2\/posts\/337460","targetHints":{"allow":["GET"]}}],"collection":[{"href":"https:\/\/www.europesays.com\/fr\/wp-json\/wp\/v2\/posts"}],"about":[{"href":"https:\/\/www.europesays.com\/fr\/wp-json\/wp\/v2\/types\/post"}],"author":[{"embeddable":true,"href":"https:\/\/www.europesays.com\/fr\/wp-json\/wp\/v2\/users\/2"}],"replies":[{"embeddable":true,"href":"https:\/\/www.europesays.com\/fr\/wp-json\/wp\/v2\/comments?post=337460"}],"version-history":[{"count":0,"href":"https:\/\/www.europesays.com\/fr\/wp-json\/wp\/v2\/posts\/337460\/revisions"}],"wp:featuredmedia":[{"embeddable":true,"href":"https:\/\/www.europesays.com\/fr\/wp-json\/wp\/v2\/media\/337461"}],"wp:attachment":[{"href":"https:\/\/www.europesays.com\/fr\/wp-json\/wp\/v2\/media?parent=337460"}],"wp:term":[{"taxonomy":"category","embeddable":true,"href":"https:\/\/www.europesays.com\/fr\/wp-json\/wp\/v2\/categories?post=337460"},{"taxonomy":"post_tag","embeddable":true,"href":"https:\/\/www.europesays.com\/fr\/wp-json\/wp\/v2\/tags?post=337460"}],"curies":[{"name":"wp","href":"https:\/\/api.w.org\/{rel}","templated":true}]}}