{"id":337462,"date":"2025-08-23T01:29:10","date_gmt":"2025-08-23T01:29:10","guid":{"rendered":"https:\/\/www.europesays.com\/fr\/337462\/"},"modified":"2025-08-23T01:29:10","modified_gmt":"2025-08-23T01:29:10","slug":"lorient-va-produire-du-jeu-aller-tres-vite-vers-lavant-les-declas-avant-fcl-srfc","status":"publish","type":"post","link":"https:\/\/www.europesays.com\/fr\/337462\/","title":{"rendered":"\u00ab Lorient va produire du jeu, aller tr\u00e8s vite vers l&rsquo;avant \u00bb, les d\u00e9clas avant FCL\/SRFC"},"content":{"rendered":"<p><strong>Habib Beye<\/strong><\/p>\n<p><strong>Le point sur le groupe<\/strong><br \/>\u00ab On a eu quelques contusions sur l\u2019entra\u00eenement d\u2019hier qui a \u00e9t\u00e9 d\u2019une grande intensit\u00e9. On n\u2019a donc pas pris de risque avec certains joueurs aujourd\u2019hui, en l\u2019occurrence Valentin Rongier, Quentin Merlin et Seko Fofana, mais qui seront bien pr\u00e9sents sur la s\u00e9ance de demain. Ce sera trop court pour Lilian Brassier pour ce match, il sera avec nous \u00e0 partir de la semaine prochaine. Enfin, Przemys\u0142aw Frankowski est pr\u00e9serv\u00e9 apr\u00e8s une petite alerte musculaire. \u00bb<\/p>\n<p><strong>Reprendre l\u2019entra\u00eenement apr\u00e8s les \u00e9motions du week-end<\/strong><br \/>\u00ab Ce qui m\u2019a beaucoup plu, c\u2019est que les joueurs sont tr\u00e8s vite redescendus \u00e9motionnellement. Je n\u2019ai pas eu besoin de les remettre dedans \u00e0 l\u2019entra\u00eenement cette semaine. J\u2019ai \u00e9t\u00e9 agr\u00e9ablement surpris de voir que le groupe a directement bascul\u00e9 sur le match suivant face \u00e0 Lorient. On a regard\u00e9 Marseille dans les yeux, on a obtenu un bon r\u00e9sultat, mais on est conscient qu\u2019il faut se remettre au travail rapidement. \u00bb<\/p>\n<p><strong>Les axes de progression de l\u2019\u00e9quipe<\/strong><br \/>\u00ab On travaille toujours sur cette volont\u00e9 de contr\u00f4ler l\u2019intensit\u00e9 et le rythme du match, que ce soit dans les temps faibles ou forts. \u00c0 l\u2019image de notre but contre Marseille\u00a0: \u00e0 dix, \u00e0 la 90e minute, apr\u00e8s avoir souffert pendant 1h, je vois une \u00e9quipe qui d\u00e9cide de relancer le ballon dans sa propre surface. La possession dure 65 secondes, il y a 7 joueurs sur 10 qui touchent le ballon, avec s\u00e9r\u00e9nit\u00e9. C\u2019est ce type de gestion dans un match que je souhaite revoir cette saison. Je souhaite aussi que l\u2019on progresse dans notre attaque des trente derniers m\u00e8tres. \u00catre en capacit\u00e9 de faire mal \u00e0 l\u2019adversaire, \u00e0 \u00eatre beaucoup plus pr\u00e9cis dans la derni\u00e8re passe, dans le dernier geste, pour pouvoir valider nos temps forts. \u00bb<\/p>\n<p><strong>Un adversaire port\u00e9 vers l\u2019avant<\/strong><br \/>\u00ab Lorsque l\u2019on regarde le match des Lorientais face \u00e0 Auxerre, on voit qu\u2019ils ont des opportunit\u00e9s pour \u00e9galiser. Sans un grand Donovan L\u00e9on, je pense que \u00e7a aurait difficile pour les Auxerrois de conserver la victoire. Les Merlus ont r\u00e9alis\u00e9 un match de qualit\u00e9. On devra \u00eatre tr\u00e8s concentr\u00e9s sur ce qu\u2019ils sont capables de faire \u00e0 domicile\u00a0: produire du jeu, aller tr\u00e8s tr\u00e8s vite vers l\u2019avant\u2026 Ce sera un match diff\u00e9rent de celui de Marseille, mais l\u2019on doit \u00eatre tout aussi pr\u00eat. \u00bb<\/p>\n","protected":false},"excerpt":{"rendered":"Habib Beye Le point sur le groupe\u00ab On a eu quelques contusions sur l\u2019entra\u00eenement d\u2019hier qui a \u00e9t\u00e9&hellip;\n","protected":false},"author":2,"featured_media":337463,"comment_status":"","ping_status":"","sticky":false,"template":"","format":"standard","meta":{"footnotes":""},"categories":[2821],"tags":[1111,11,829,1777,674,1011,27,12,584,25],"class_list":{"0":"post-337462","1":"post","2":"type-post","3":"status-publish","4":"format-standard","5":"has-post-thumbnail","7":"category-rennes","8":"tag-actu","9":"tag-actualites","10":"tag-bretagne","11":"tag-eu","12":"tag-europe","13":"tag-fr","14":"tag-france","15":"tag-news","16":"tag-rennes","17":"tag-republique-francaise"},"share_on_mastodon":{"url":"https:\/\/pubeurope.com\/@fr\/115075492441690594","error":""},"_links":{"self":[{"href":"https:\/\/www.europesays.com\/fr\/wp-json\/wp\/v2\/posts\/337462","targetHints":{"allow":["GET"]}}],"collection":[{"href":"https:\/\/www.europesays.com\/fr\/wp-json\/wp\/v2\/posts"}],"about":[{"href":"https:\/\/www.europesays.com\/fr\/wp-json\/wp\/v2\/types\/post"}],"author":[{"embeddable":true,"href":"https:\/\/www.europesays.com\/fr\/wp-json\/wp\/v2\/users\/2"}],"replies":[{"embeddable":true,"href":"https:\/\/www.europesays.com\/fr\/wp-json\/wp\/v2\/comments?post=337462"}],"version-history":[{"count":0,"href":"https:\/\/www.europesays.com\/fr\/wp-json\/wp\/v2\/posts\/337462\/revisions"}],"wp:featuredmedia":[{"embeddable":true,"href":"https:\/\/www.europesays.com\/fr\/wp-json\/wp\/v2\/media\/337463"}],"wp:attachment":[{"href":"https:\/\/www.europesays.com\/fr\/wp-json\/wp\/v2\/media?parent=337462"}],"wp:term":[{"taxonomy":"category","embeddable":true,"href":"https:\/\/www.europesays.com\/fr\/wp-json\/wp\/v2\/categories?post=337462"},{"taxonomy":"post_tag","embeddable":true,"href":"https:\/\/www.europesays.com\/fr\/wp-json\/wp\/v2\/tags?post=337462"}],"curies":[{"name":"wp","href":"https:\/\/api.w.org\/{rel}","templated":true}]}}