{"id":337466,"date":"2025-08-23T01:31:17","date_gmt":"2025-08-23T01:31:17","guid":{"rendered":"https:\/\/www.europesays.com\/fr\/337466\/"},"modified":"2025-08-23T01:31:17","modified_gmt":"2025-08-23T01:31:17","slug":"baki-sera-oppose-a-jordan-zebo-au-ares-strasbourg","status":"publish","type":"post","link":"https:\/\/www.europesays.com\/fr\/337466\/","title":{"rendered":"Baki sera oppos\u00e9 \u00e0 Jordan Zebo au ARES Strasbourg"},"content":{"rendered":"<p>MMA \u2013 Rendez-vous le 18 octobre prochain. Pour sa premi\u00e8re d\u00e9fense de ceinture au ARES, Baki sera oppos\u00e9 \u00e0 Jordan Zebo.<\/p>\n<p>Nous vous en parlions il y a peu : Baki ne va pas rejoindre imm\u00e9diatement le PFL comme cela \u00e9tait pressenti. Au lieu de cela, <strong>le jeune athl\u00e8te va tenter de d\u00e9fendre pour la premi\u00e8re fois son titre welterweight<\/strong>. Un titre qu\u2019il avait acquis en battant Thiago Lima apr\u00e8s un gros ground and pound dans le second round au ARES 30. Pour son nouveau comeback, Baysangur Chamsoudinov va avoir l\u2019occasion de se battre devant son public. En effet, <strong>le ARES du 18 octobre prochain se d\u00e9roulera en direct de Strasbourg<\/strong>, ville au sein de laquelle vit le jeune athl\u00e8te. Pour l\u2019heure, aucun adversaire n\u2019avait \u00e9t\u00e9 annonc\u00e9 malgr\u00e9 <strong>un d\u00e9but de tractations avec Oualy Tandia<\/strong>. Toutefois, selon nos sources, <strong>Baki sera oppos\u00e9 \u00e0 Jordan Zebo au ARES 35 de Strasbourg.<\/strong><\/p>\n<p><a href=\"https:\/\/www.winamax.fr\/registration\/landing\/la-sueur?banid=73716\" target=\"_blank\" rel=\"noopener\"><img decoding=\"async\" class=\"aligncenter size-full wp-image-220701\" src=\"data:image\/svg+xml,%3Csvg%20xmlns=\" http:=\"\" alt=\"\" data-lazy-src=\"https:\/\/www.europesays.com\/fr\/wp-content\/uploads\/2025\/08\/Winamax_MMA_Generique_1160x180-5.jpg\"\/><\/a><\/p>\n<p>Choc franco-fran\u00e7ais <\/p>\n<p>Via Instagram, le ARES avait justement publi\u00e9 <strong>le classement welterweight de l\u2019organisation<\/strong> d\u00e9but ao\u00fbt. Dans ce dernier, <strong>Jordan Zebo figurait \u00e0 la premi\u00e8re place<\/strong>, ce qui laissait pr\u00e9sager un combat potentiel. Mais les deux athl\u00e8tes \u00e9voluaient au MMA Factory ensemble par le pass\u00e9 et certains athl\u00e8tes pr\u00e9f\u00e8rent s\u2019\u00e9viter dans un tel contexte. Toutefois, le public de Strasbourg <strong>va bel et bien avoir le droit \u00e0 un choc franco-fran\u00e7ais.<\/strong><\/p>\n<p class=\"etiqtitle\" style=\"font-size:18px;text-align:center;color:#fff;\">SUR LE M\u00caME SUJET :<\/p>\n<p>Depuis sa d\u00e9faite face \u00e0 C\u00e9dric Doumb\u00e9 en septembre 2023, <strong>Jordan Zebo n\u2019a plus perdu dans la cage<\/strong>. Pour l\u2019heure, Le Fauve est sur une s\u00e9rie de <strong>quatre succ\u00e8s de suite<\/strong> du c\u00f4t\u00e9 d\u2019ARES. Avec 8 victoires contre une d\u00e9faite en carri\u00e8re, Zebo va avoir l\u2019occasion d\u2019arracher une ceinture au sein de l\u2019organisation qu\u2019il a int\u00e9gr\u00e9 en 2022. De son c\u00f4t\u00e9,<strong> Baki n\u2019a litt\u00e9ralement jamais \u00e9t\u00e9 battu en carri\u00e8re<\/strong>. Le jeune athl\u00e8te avait prouv\u00e9 sa capacit\u00e9 \u00e0 r\u00e9sister \u00e0 la pression au cours de sa victoire face \u00e0 C\u00e9dric Doumb\u00e9. En cas de victoire, en plus de la d\u00e9fense de ceinture, <strong>il pourra d\u00e9crocher sa 10e victoire en carri\u00e8re<\/strong>.<\/p>\n<p>Un petit pronostic pour l\u2019affiche franco-fran\u00e7aise \u00e0 venir ?<\/p>\n","protected":false},"excerpt":{"rendered":"MMA \u2013 Rendez-vous le 18 octobre prochain. Pour sa premi\u00e8re d\u00e9fense de ceinture au ARES, Baki sera oppos\u00e9&hellip;\n","protected":false},"author":2,"featured_media":337467,"comment_status":"","ping_status":"","sticky":false,"template":"","format":"standard","meta":{"footnotes":""},"categories":[2820],"tags":[1111,11,31237,46119,47376,1777,674,1011,27,775,47377,12,25,640],"class_list":{"0":"post-337466","1":"post","2":"type-post","3":"status-publish","4":"format-standard","5":"has-post-thumbnail","7":"category-strasbourg","8":"tag-actu","9":"tag-actualites","10":"tag-ares","11":"tag-baki","12":"tag-baysangur-chamsoudinov","13":"tag-eu","14":"tag-europe","15":"tag-fr","16":"tag-france","17":"tag-grand-est","18":"tag-jordan-zebo","19":"tag-news","20":"tag-republique-francaise","21":"tag-strasbourg"},"share_on_mastodon":{"url":"https:\/\/pubeurope.com\/@fr\/115075500266040192","error":""},"_links":{"self":[{"href":"https:\/\/www.europesays.com\/fr\/wp-json\/wp\/v2\/posts\/337466","targetHints":{"allow":["GET"]}}],"collection":[{"href":"https:\/\/www.europesays.com\/fr\/wp-json\/wp\/v2\/posts"}],"about":[{"href":"https:\/\/www.europesays.com\/fr\/wp-json\/wp\/v2\/types\/post"}],"author":[{"embeddable":true,"href":"https:\/\/www.europesays.com\/fr\/wp-json\/wp\/v2\/users\/2"}],"replies":[{"embeddable":true,"href":"https:\/\/www.europesays.com\/fr\/wp-json\/wp\/v2\/comments?post=337466"}],"version-history":[{"count":0,"href":"https:\/\/www.europesays.com\/fr\/wp-json\/wp\/v2\/posts\/337466\/revisions"}],"wp:featuredmedia":[{"embeddable":true,"href":"https:\/\/www.europesays.com\/fr\/wp-json\/wp\/v2\/media\/337467"}],"wp:attachment":[{"href":"https:\/\/www.europesays.com\/fr\/wp-json\/wp\/v2\/media?parent=337466"}],"wp:term":[{"taxonomy":"category","embeddable":true,"href":"https:\/\/www.europesays.com\/fr\/wp-json\/wp\/v2\/categories?post=337466"},{"taxonomy":"post_tag","embeddable":true,"href":"https:\/\/www.europesays.com\/fr\/wp-json\/wp\/v2\/tags?post=337466"}],"curies":[{"name":"wp","href":"https:\/\/api.w.org\/{rel}","templated":true}]}}