{"id":337479,"date":"2025-08-23T01:42:12","date_gmt":"2025-08-23T01:42:12","guid":{"rendered":"https:\/\/www.europesays.com\/fr\/337479\/"},"modified":"2025-08-23T01:42:12","modified_gmt":"2025-08-23T01:42:12","slug":"la-decevante-annonce-de-lete","status":"publish","type":"post","link":"https:\/\/www.europesays.com\/fr\/337479\/","title":{"rendered":"la d\u00e9cevante annonce de l&rsquo;\u00e9t\u00e9"},"content":{"rendered":"<p><strong>Lille fend le c\u0153ur des fans avec une grande, mais d\u00e9cevante annonce \u00e0 propos d\u2019un \u00e9norme transfert sur le mercato de cet \u00e9t\u00e9.<\/strong><\/p>\n<p><a href=\"https:\/\/www.les-transferts.com\/club\/lille\/\" target=\"_blank\" rel=\"noreferrer noopener nofollow\">Lille<\/a> ne croit plus au retour de <a href=\"https:\/\/www.les-transferts.com\/joueur\/benjamin-pavard\/\" rel=\"nofollow noopener\" target=\"_blank\">Benjamin Pavard<\/a>. Interrog\u00e9 par la presse fran\u00e7aise, <strong>le pr\u00e9sident lillois Olivier Letang a fait une d\u00e9claration claire \u00e0 ce propos<\/strong>.<\/p>\n<p>\u00ab\u00a0Tout simplement pas possible !\u00a0\u00bb<\/p>\n<p><strong>Letang a d\u2019abord plaisant\u00e9, affirmant s\u2019attendre \u00e0 un retour de Pavard lundi<\/strong>. Mais avant qu\u2019on ne le prenne au s\u00e9rieux, <strong>il a rapidement ajout\u00e9 que le d\u00e9fenseur \u00e9tait inabordable<\/strong> pour son club.<\/p>\n<p>\u00ab Nous avons discut\u00e9, mais certaines choses ne sont tout simplement pas possibles. Je lui ai dit que je souhaitais son retour. Mais, je dois aussi prendre en compte l\u2019aspect financier \u00bb, a d\u00e9clar\u00e9 Letang, \u00e0 propos du d\u00e9fenseur de l\u2019<a href=\"https:\/\/www.les-transferts.com\/club\/inter\/\" target=\"_blank\" rel=\"noreferrer noopener nofollow\">Inter Milan.<\/a><\/p>\n<p><strong>Pavard a termin\u00e9 sa formation \u00e0 Lille et a fait ses d\u00e9buts professionnels avec le club de Ligue 1.<\/strong> L\u2019international fran\u00e7ais y a \u00e9t\u00e9 sous contrat de 2005 \u00e0 2016.<\/p>\n<p>L\u2019<a href=\"https:\/\/www.les-transferts.com\/club\/marseille\/\" target=\"_blank\" rel=\"noreferrer noopener nofollow\">Olympique de Marseille<\/a> et <a href=\"https:\/\/www.les-transferts.com\/club\/galatasaray\/\" target=\"_blank\" rel=\"noreferrer noopener nofollow\">Galatasaray<\/a> seraient \u00e9galement int\u00e9ress\u00e9s par les services de Pavard. Ancien joueur du Bayern Munich, <strong>l\u2019international de 29 ans est proche de quitter l\u2019Inter Milan.<\/strong><\/p>\n<p>Premier fan des \u00e9quipes adverses du Bar\u00e7a, je suis un passionn\u00e9 des rivalit\u00e9s entre clubs. Ancien pr\u00e9sentateur de news et d\u2019\u00e9missions sportives, je fais partie des milliers de journalistes amoureux du foot qui s\u2019efforcent d\u2019\u00eatre objectifs dans le traitement des informations.<\/p>\n","protected":false},"excerpt":{"rendered":"Lille fend le c\u0153ur des fans avec une grande, mais d\u00e9cevante annonce \u00e0 propos d\u2019un \u00e9norme transfert sur&hellip;\n","protected":false},"author":2,"featured_media":337480,"comment_status":"","ping_status":"","sticky":false,"template":"","format":"standard","meta":{"footnotes":""},"categories":[2815],"tags":[1111,11,1777,674,1011,27,811,1307,12,25],"class_list":{"0":"post-337479","1":"post","2":"type-post","3":"status-publish","4":"format-standard","5":"has-post-thumbnail","7":"category-lille","8":"tag-actu","9":"tag-actualites","10":"tag-eu","11":"tag-europe","12":"tag-fr","13":"tag-france","14":"tag-hauts-de-france","15":"tag-lille","16":"tag-news","17":"tag-republique-francaise"},"share_on_mastodon":{"url":"https:\/\/pubeurope.com\/@fr\/115075543603089778","error":""},"_links":{"self":[{"href":"https:\/\/www.europesays.com\/fr\/wp-json\/wp\/v2\/posts\/337479","targetHints":{"allow":["GET"]}}],"collection":[{"href":"https:\/\/www.europesays.com\/fr\/wp-json\/wp\/v2\/posts"}],"about":[{"href":"https:\/\/www.europesays.com\/fr\/wp-json\/wp\/v2\/types\/post"}],"author":[{"embeddable":true,"href":"https:\/\/www.europesays.com\/fr\/wp-json\/wp\/v2\/users\/2"}],"replies":[{"embeddable":true,"href":"https:\/\/www.europesays.com\/fr\/wp-json\/wp\/v2\/comments?post=337479"}],"version-history":[{"count":0,"href":"https:\/\/www.europesays.com\/fr\/wp-json\/wp\/v2\/posts\/337479\/revisions"}],"wp:featuredmedia":[{"embeddable":true,"href":"https:\/\/www.europesays.com\/fr\/wp-json\/wp\/v2\/media\/337480"}],"wp:attachment":[{"href":"https:\/\/www.europesays.com\/fr\/wp-json\/wp\/v2\/media?parent=337479"}],"wp:term":[{"taxonomy":"category","embeddable":true,"href":"https:\/\/www.europesays.com\/fr\/wp-json\/wp\/v2\/categories?post=337479"},{"taxonomy":"post_tag","embeddable":true,"href":"https:\/\/www.europesays.com\/fr\/wp-json\/wp\/v2\/tags?post=337479"}],"curies":[{"name":"wp","href":"https:\/\/api.w.org\/{rel}","templated":true}]}}