{"id":337483,"date":"2025-08-23T01:44:18","date_gmt":"2025-08-23T01:44:18","guid":{"rendered":"https:\/\/www.europesays.com\/fr\/337483\/"},"modified":"2025-08-23T01:44:18","modified_gmt":"2025-08-23T01:44:18","slug":"manifestation-stop-genocide-marseille-dimanche-24-aout-16h-porte-daix-%f0%9f%94%b4-info-libertaire","status":"publish","type":"post","link":"https:\/\/www.europesays.com\/fr\/337483\/","title":{"rendered":"Manifestation stop genocide marseille dimanche 24 aout 16h porte d\u2019aix \u2013 \ud83d\udd34 Info Libertaire"},"content":{"rendered":"<p><\/p>\n<p>Face au projet colonial E1 qui veut couper la Cisjordanie en deux et enterrer l\u2019existence m\u00eame de la Palestine, nous devons r\u00e9pondre dans la rue.<\/p>\n<p><a href=\"https:\/\/www.anarchistfederation.net\/pixel.jpg\" rel=\"nofollow noopener\" target=\"_blank\"><img loading=\"lazy\" decoding=\"async\" class=\"size-large wp-image-22972 aligncenter lazy\" src=\"\/wp-content\/uploads\/2025\/08\/xmanifestation-stop-genocide-marseille-dimanche-24-aout-16h-porte-daix.jpg,qx28756.pagespeed.ic.iwTBEWofFN.jpg\" alt=\"\" width=\"560\" height=\"700\" data-pagespeed-url-hash=\"429431987\" onload=\"pagespeed.CriticalImages.checkImageForCriticality(this);\"\/><\/a>Venez d\u00e9noncer ce crime colonial et affirmer haut et fort : la Palestine vivra, la colonisation tombera, en Cisjordanie comme \u00e0 Gaza !<\/p>\n<p><\/p>\n<p>Les sionistes tentent de faire dispara\u00eetre la Palestine mais ils ne sont pas de force.\u00a0<\/p>\n<p>Le peuple palestinien lutte pour la lib\u00e9ration de son pays et du monde. Le monde le soutient et d\u00e9teste les sionistes, except\u00e9e une toute petite minorit\u00e9 de gouvernements occidentaux et leurs complices m\u00e9diatiques.\u00a0<\/p>\n<p>M\u00eame dans ce camp du dollar et de l\u2019otan, les chacals s\u2019entre-d\u00e9chirent.<\/p>\n<p>Dans le camp de l\u2019\u00eatre humain, le combat grandit et touche tous les secteurs. C\u2019est l\u2019union de toutes les forces qui permettra d\u2019en finir avec le sionisme :<\/p>\n<p>\u2013 La R\u00e9sistance a Gaza se bat de fa\u00e7on admirable.<\/p>\n<p>\u2013 Le Y\u00e9men maintient son blocus.<\/p>\n<p>\u2013 L\u2019Iran veille, ainsi que la R\u00e9sistance au Liban et en Irak.<\/p>\n<p>\u2013 Les puissances multipolaires approuvent la lutte pour la lib\u00e9ration de la Palestine.<\/p>\n<p>\u2013 Juristes et ONG poursuivent les responsables du g\u00e9nocide (et leurs complices).<\/p>\n<p>\u2013 Les gouvernements complices sont oblig\u00e9s de \u00b4mitiger\u2019 leur appui au sionisme.<\/p>\n<p>\u2013 La\u00a0pression internationale s\u2019accroit\u00a0pour mettre fin \u00e0 la guerre.<\/p>\n<p>\u2013 Les populations du monde descendent dans la rue depuis pr\u00e8s de 700 jours et les Gazaouis le savent !<\/p>\n<p style=\"text-align:center\"><strong>Tous dans la rue \u00e0 Marseille, ce dimanche 24 ao\u00fbt \u00a0\u00e0 16H \u00a0\u00e0 la Porte d\u2019Aix, avec notre r\u00e9volte face \u00e0 cet HUMANICIDE et la complicit\u00e9 de nos gouvernants pour crier :<\/strong><\/p>\n<p style=\"text-align:center\"><strong>NON au fascisme, au racisme, au sionisme et au sadisme !<\/strong><\/p>\n<p style=\"text-align:center\"><strong>NON \u00e0 tous les colonialismes !<\/strong><\/p>\n<p style=\"text-align:center\"><strong>Libert\u00e9 pour la Palestine et pour le reste de l\u2019humanit\u00e9 !<\/strong><\/p>\n<p>L\u2019article <a href=\"https:\/\/ismfrance.org\/index.php\/2025\/08\/22\/manifestation-stop-genocide-marseille-dimanche-24-aout-16h-porte-daix\/\" rel=\"nofollow noopener\" target=\"_blank\">MANIFESTATION STOP GENOCIDE MARSEILLE DIMANCHE 24 AOUT 16H PORTE D\u2019AIX<\/a> est apparu en premier sur <a href=\"https:\/\/ismfrance.org\" rel=\"nofollow noopener\" target=\"_blank\">International Solidarity Movement \u2013 ISM-France<\/a>.<\/p>\n<p><br clear=\"both\"\/><\/p>\n<p><\/p>\n<p><strong>Source:<\/strong> <a href=\"https:\/\/ismfrance.org\/index.php\/2025\/08\/22\/manifestation-stop-genocide-marseille-dimanche-24-aout-16h-porte-daix\/\" target=\"_blank\" rel=\"nofollow noopener\">Ismfrance.org<\/a><br \/><\/p>\n","protected":false},"excerpt":{"rendered":"Face au projet colonial E1 qui veut couper la Cisjordanie en deux et enterrer l\u2019existence m\u00eame de la&hellip;\n","protected":false},"author":2,"featured_media":337484,"comment_status":"","ping_status":"","sticky":false,"template":"","format":"standard","meta":{"footnotes":""},"categories":[2814],"tags":[1111,11,1777,674,1011,27,884,12,882,25],"class_list":{"0":"post-337483","1":"post","2":"type-post","3":"status-publish","4":"format-standard","5":"has-post-thumbnail","7":"category-marseille","8":"tag-actu","9":"tag-actualites","10":"tag-eu","11":"tag-europe","12":"tag-fr","13":"tag-france","14":"tag-marseille","15":"tag-news","16":"tag-provence-alpes-cote-dazur","17":"tag-republique-francaise"},"share_on_mastodon":{"url":"https:\/\/pubeurope.com\/@fr\/115075551620133650","error":""},"_links":{"self":[{"href":"https:\/\/www.europesays.com\/fr\/wp-json\/wp\/v2\/posts\/337483","targetHints":{"allow":["GET"]}}],"collection":[{"href":"https:\/\/www.europesays.com\/fr\/wp-json\/wp\/v2\/posts"}],"about":[{"href":"https:\/\/www.europesays.com\/fr\/wp-json\/wp\/v2\/types\/post"}],"author":[{"embeddable":true,"href":"https:\/\/www.europesays.com\/fr\/wp-json\/wp\/v2\/users\/2"}],"replies":[{"embeddable":true,"href":"https:\/\/www.europesays.com\/fr\/wp-json\/wp\/v2\/comments?post=337483"}],"version-history":[{"count":0,"href":"https:\/\/www.europesays.com\/fr\/wp-json\/wp\/v2\/posts\/337483\/revisions"}],"wp:featuredmedia":[{"embeddable":true,"href":"https:\/\/www.europesays.com\/fr\/wp-json\/wp\/v2\/media\/337484"}],"wp:attachment":[{"href":"https:\/\/www.europesays.com\/fr\/wp-json\/wp\/v2\/media?parent=337483"}],"wp:term":[{"taxonomy":"category","embeddable":true,"href":"https:\/\/www.europesays.com\/fr\/wp-json\/wp\/v2\/categories?post=337483"},{"taxonomy":"post_tag","embeddable":true,"href":"https:\/\/www.europesays.com\/fr\/wp-json\/wp\/v2\/tags?post=337483"}],"curies":[{"name":"wp","href":"https:\/\/api.w.org\/{rel}","templated":true}]}}