{"id":337497,"date":"2025-08-23T01:52:33","date_gmt":"2025-08-23T01:52:33","guid":{"rendered":"https:\/\/www.europesays.com\/fr\/337497\/"},"modified":"2025-08-23T01:52:33","modified_gmt":"2025-08-23T01:52:33","slug":"a-3h-de-paris-ce-lac-immense-aux-eaux-cristallines-cache-6-plages-paradisiaques-encore-secretes-a-decouvrir-absolument-avant-la-fin-de-lete","status":"publish","type":"post","link":"https:\/\/www.europesays.com\/fr\/337497\/","title":{"rendered":"\u00c0 3h de Paris, ce lac immense aux eaux cristallines cache 6 plages paradisiaques encore secr\u00e8tes (\u00e0 d\u00e9couvrir absolument avant la fin de l\u2019\u00e9t\u00e9)"},"content":{"rendered":"<p>Cette ann\u00e9e, le<strong> lac du Der<\/strong> souffle ses 50 bougies ! Situ\u00e9 en Champagne \u00e0 2 petites heures de Paris, entre la Marne et la Haute-Marne, ce lac artificiel \u00e9galement connu sous le nom de lac du Der-Chantecoq est le plus grand de France par sa superficie (le lac de Serre-Pon\u00e7on dans les Hautes-Alpes est en revanche le plus grand lac artificiel du pays en volume). Inaugur\u00e9 en 1974, il a \u00e9t\u00e9 cr\u00e9\u00e9 pour r\u00e9guler les crues de la Marne et alimenter la Seine en eau. Aujourd&rsquo;hui, il est devenu un lieu incontournable pour les amateurs de nature et de loisirs. Et m\u00eame s&rsquo;il n&rsquo;est pas du tout le plus grand lac artificiel d&rsquo;Europe comme on peut parfois le lire (cet honneur est \u00e0 r\u00e9server \u00e0 un lac portugais), voici pourquoi le lac du Der m\u00e9rite absolument une visite cette ann\u00e9e !<\/p>\n<p>Le lac du Der, le plus grand lac artificiel de France<\/p>\n<p><strong>Le lac du Der<\/strong> a vu le jour apr\u00e8s plus de dix ans de travaux titanesques. Son objectif principal ? \u00c9viter les inondations de la Marne, un affluent de la Seine, et garantir un d\u00e9bit suffisant en p\u00e9riode de s\u00e9cheresse. Pour cela, trois villages ont \u00e9t\u00e9 engloutis sous les eaux, un sacrifice n\u00e9cessaire pour prot\u00e9ger la r\u00e9gion. Aujourd&rsquo;hui, le lac s&rsquo;\u00e9tend sur 4 800 hectares et peut contenir jusqu&rsquo;\u00e0 350 millions de m\u00e8tres cubes d&rsquo;eau. Le <strong>lac du Der<\/strong> n&rsquo;est pas seulement une prouesse technique. C&rsquo;est aussi un v\u00e9ritable havre de paix pour la faune et la flore. Plus de 300 esp\u00e8ces d&rsquo;oiseaux y ont \u00e9t\u00e9 recens\u00e9es, faisant de cet endroit l&rsquo;un des (&#8230;)<\/p>\n<p><a href=\"https:\/\/www.grazia.fr\/lifestyle\/voyages\/a-3h-de-paris-ce-lac-immense-aux-eaux-cristallines-cache-6-plages-paradisiaques-encore-secretes-a-decouvrir-absolument-avant-la-fin-de-lete-1107817.html?utm_campaign=partenariat&amp;utm_source=yahoo-articles&amp;utm_medium=flux\" rel=\"nofollow noopener\" target=\"_blank\" data-ylk=\"slk:Lire la suite sur Grazia;elm:context_link;itc:0;sec:content-canvas\" class=\"link \">Lire la suite sur Grazia<\/a><\/p>\n<p><a href=\"https:\/\/www.grazia.fr\/lifestyle\/psycho-sexo\/mariage-couples-font-choix-precis-depart-chances-plus-voir-relation-durer-selon-chercheurs-1180558.html?utm_campaign=partenariat&amp;utm_source=yahoo-articles&amp;utm_medium=flux\" rel=\"nofollow noopener\" target=\"_blank\" data-ylk=\"slk:Mariage : les couples qui font ce choix pr\u00e9cis d\u00e8s le d\u00e9part ont 50% de chances en plus de voir leur relation durer, selon les chercheurs;elm:context_link;itc:0;sec:content-canvas\" class=\"link \">Mariage : les couples qui font ce choix pr\u00e9cis d\u00e8s le d\u00e9part ont 50% de chances en plus de voir leur relation durer, selon les chercheurs<\/a><br \/><a href=\"https:\/\/www.grazia.fr\/beaute\/forme-minceur\/mauvaise-habitude-matinale-fait-tous-epuise-energie-freine-concentration-pendant-heures-1180531.html?utm_campaign=partenariat&amp;utm_source=yahoo-articles&amp;utm_medium=flux\" rel=\"nofollow noopener\" target=\"_blank\" data-ylk=\"slk:Cette mauvaise habitude matinale qu&#039;on fait tous \u00e9puise l\u2019\u00e9nergie et freine la concentration pendant des heures;elm:context_link;itc:0;sec:content-canvas\" class=\"link \">Cette mauvaise habitude matinale qu&rsquo;on fait tous \u00e9puise l\u2019\u00e9nergie et freine la concentration pendant des heures<\/a><br \/><a href=\"https:\/\/www.grazia.fr\/mode\/looks-de-stars\/jennifer-lawrence-35-ans-porte-a-ses-pieds-les-chaussures-qui-vont-faire-fureur-cette-rentree-1181239.html?utm_campaign=partenariat&amp;utm_source=yahoo-articles&amp;utm_medium=flux\" rel=\"nofollow noopener\" target=\"_blank\" data-ylk=\"slk:Jennifer Lawrence (35 ans) porte \u00e0 ses pieds les chaussures qui vont faire fureur cette rentr\u00e9e;elm:context_link;itc:0;sec:content-canvas\" class=\"link \">Jennifer Lawrence (35 ans) porte \u00e0 ses pieds les chaussures qui vont faire fureur cette rentr\u00e9e<\/a><br \/><a href=\"https:\/\/www.grazia.fr\/culture\/livres\/claque-emouvant-roman-intense-virginie-grimaldi-propulse-sommet-ventes-amazon-1180920.html?utm_campaign=partenariat&amp;utm_source=yahoo-articles&amp;utm_medium=flux\" rel=\"nofollow noopener\" target=\"_blank\" data-ylk=\"slk:&quot;Une claque&quot;, &quot;\u00e9mouvant&quot; : ce roman intense de Virginie Grimaldi propuls\u00e9 au sommet des ventes Amazon;elm:context_link;itc:0;sec:content-canvas\" class=\"link \">\u00ab\u00a0Une claque\u00a0\u00bb, \u00ab\u00a0\u00e9mouvant\u00a0\u00bb : ce roman intense de Virginie Grimaldi propuls\u00e9 au sommet des ventes Amazon<\/a><br \/><a href=\"https:\/\/www.grazia.fr\/people\/melanie-thierry-44-ans-se-confie-sans-detour-la-quarantaine-est-une-etape-charniere-et-on-ne-peut-quacquiescer-1181265.html?utm_campaign=partenariat&amp;utm_source=yahoo-articles&amp;utm_medium=flux\" rel=\"nofollow noopener\" target=\"_blank\" data-ylk=\"slk:M\u00e9lanie Thierry (44 ans) se confie sans d\u00e9tour : &quot;La quarantaine est une \u00e9tape charni\u00e8re&quot; (et on ne peut qu&#039;acquiescer);elm:context_link;itc:0;sec:content-canvas\" class=\"link \">M\u00e9lanie Thierry (44 ans) se confie sans d\u00e9tour : \u00ab\u00a0La quarantaine est une \u00e9tape charni\u00e8re\u00a0\u00bb (et on ne peut qu&rsquo;acquiescer)<\/a><\/p>\n","protected":false},"excerpt":{"rendered":"Cette ann\u00e9e, le lac du Der souffle ses 50 bougies ! Situ\u00e9 en Champagne \u00e0 2 petites heures&hellip;\n","protected":false},"author":2,"featured_media":337498,"comment_status":"","ping_status":"","sticky":false,"template":"","format":"standard","meta":{"footnotes":""},"categories":[1888],"tags":[11,47380,8160,1777,674,1011,27,27264,47379,47378,12,626,25],"class_list":{"0":"post-337497","1":"post","2":"type-post","3":"status-publish","4":"format-standard","5":"has-post-thumbnail","7":"category-paris","8":"tag-actualites","9":"tag-affluent-de-la-seine","10":"tag-der","11":"tag-eu","12":"tag-europe","13":"tag-fr","14":"tag-france","15":"tag-la-marne","16":"tag-lac-artificiel","17":"tag-lac-de-serre-poncon","18":"tag-news","19":"tag-paris","20":"tag-republique-francaise"},"share_on_mastodon":{"url":"https:\/\/pubeurope.com\/@fr\/115075582835580357","error":""},"_links":{"self":[{"href":"https:\/\/www.europesays.com\/fr\/wp-json\/wp\/v2\/posts\/337497","targetHints":{"allow":["GET"]}}],"collection":[{"href":"https:\/\/www.europesays.com\/fr\/wp-json\/wp\/v2\/posts"}],"about":[{"href":"https:\/\/www.europesays.com\/fr\/wp-json\/wp\/v2\/types\/post"}],"author":[{"embeddable":true,"href":"https:\/\/www.europesays.com\/fr\/wp-json\/wp\/v2\/users\/2"}],"replies":[{"embeddable":true,"href":"https:\/\/www.europesays.com\/fr\/wp-json\/wp\/v2\/comments?post=337497"}],"version-history":[{"count":0,"href":"https:\/\/www.europesays.com\/fr\/wp-json\/wp\/v2\/posts\/337497\/revisions"}],"wp:featuredmedia":[{"embeddable":true,"href":"https:\/\/www.europesays.com\/fr\/wp-json\/wp\/v2\/media\/337498"}],"wp:attachment":[{"href":"https:\/\/www.europesays.com\/fr\/wp-json\/wp\/v2\/media?parent=337497"}],"wp:term":[{"taxonomy":"category","embeddable":true,"href":"https:\/\/www.europesays.com\/fr\/wp-json\/wp\/v2\/categories?post=337497"},{"taxonomy":"post_tag","embeddable":true,"href":"https:\/\/www.europesays.com\/fr\/wp-json\/wp\/v2\/tags?post=337497"}],"curies":[{"name":"wp","href":"https:\/\/api.w.org\/{rel}","templated":true}]}}