{"id":337506,"date":"2025-08-23T01:57:26","date_gmt":"2025-08-23T01:57:26","guid":{"rendered":"https:\/\/www.europesays.com\/fr\/337506\/"},"modified":"2025-08-23T01:57:26","modified_gmt":"2025-08-23T01:57:26","slug":"au-tour-dallemagne-narvaez-simpose-apres-un-final-rocambolesque-jai-battu-un-sprinter-de-95-kg","status":"publish","type":"post","link":"https:\/\/www.europesays.com\/fr\/337506\/","title":{"rendered":"Au Tour d&rsquo;Allemagne, Narvaez s&rsquo;impose apr\u00e8s un final rocambolesque\u00a0: \u00ab\u00a0J&rsquo;ai battu un sprinter de 95\u00a0kg\u00a0\u00bb"},"content":{"rendered":"<p class=\"ap-StoryElement ap-StoryElement--mb ap-StoryText\">La 4e et derni\u00e8re \u00e9tape du Tour du Limousin a offert ce vendredi un sc\u00e9nario \u00e0 suspense. Longtemps, l&rsquo;\u00e9chapp\u00e9e du jour a cru pouvoir se jouer la gagne, mais le peloton est revenu in extremis avant Limoges. Dans le sprint qui a suivi, l&rsquo;Italien Andrea Vendrame s&rsquo;est montr\u00e9 le plus puissant, et devance son co\u00e9quipier Paul Lapeira, vainqueur la veille, et le Fran\u00e7ais Hugo Page. Derri\u00e8re eux, le maillot jaune Ewen Costiou s&rsquo;offre la plus belle victoire de sa jeune carri\u00e8re, en remportant son premier classement g\u00e9n\u00e9ral. Il devance Alexandre Delettre de sept secondes. Troisi\u00e8me dans le m\u00eame temps, Sylvain Moniquet n&rsquo;a pas r\u00e9ussi \u00e0 surfer sur la vague de son succ\u00e8s lors de la 2e \u00e9tape. En forme apr\u00e8s sa 5e place au Tour de l&rsquo;Ain, le Namurois se contente d&rsquo;un podium encourageant.<\/p>\n<p>Pour acc\u00e9der \u00e0 cet article, veuillez vous connecter au r\u00e9seau internet.<\/p>\n","protected":false},"excerpt":{"rendered":"La 4e et derni\u00e8re \u00e9tape du Tour du Limousin a offert ce vendredi un sc\u00e9nario \u00e0 suspense. Longtemps,&hellip;\n","protected":false},"author":2,"featured_media":337507,"comment_status":"","ping_status":"","sticky":false,"template":"","format":"standard","meta":{"footnotes":""},"categories":[1587],"tags":[11,672,1804,1805,1803,1777,674,1801,12,1802,210,11698],"class_list":{"0":"post-337506","1":"post","2":"type-post","3":"status-publish","4":"format-standard","5":"has-post-thumbnail","7":"category-allemagne","8":"tag-actualites","9":"tag-allemagne","10":"tag-bundesrepublik-deutschland","11":"tag-de","12":"tag-deutschland","13":"tag-eu","14":"tag-europe","15":"tag-germany","16":"tag-news","17":"tag-republique-federale-dallemagne","18":"tag-tour-de-france","19":"tag-wout-van-aert"},"share_on_mastodon":{"url":"https:\/\/pubeurope.com\/@fr\/115075602454034668","error":""},"_links":{"self":[{"href":"https:\/\/www.europesays.com\/fr\/wp-json\/wp\/v2\/posts\/337506","targetHints":{"allow":["GET"]}}],"collection":[{"href":"https:\/\/www.europesays.com\/fr\/wp-json\/wp\/v2\/posts"}],"about":[{"href":"https:\/\/www.europesays.com\/fr\/wp-json\/wp\/v2\/types\/post"}],"author":[{"embeddable":true,"href":"https:\/\/www.europesays.com\/fr\/wp-json\/wp\/v2\/users\/2"}],"replies":[{"embeddable":true,"href":"https:\/\/www.europesays.com\/fr\/wp-json\/wp\/v2\/comments?post=337506"}],"version-history":[{"count":0,"href":"https:\/\/www.europesays.com\/fr\/wp-json\/wp\/v2\/posts\/337506\/revisions"}],"wp:featuredmedia":[{"embeddable":true,"href":"https:\/\/www.europesays.com\/fr\/wp-json\/wp\/v2\/media\/337507"}],"wp:attachment":[{"href":"https:\/\/www.europesays.com\/fr\/wp-json\/wp\/v2\/media?parent=337506"}],"wp:term":[{"taxonomy":"category","embeddable":true,"href":"https:\/\/www.europesays.com\/fr\/wp-json\/wp\/v2\/categories?post=337506"},{"taxonomy":"post_tag","embeddable":true,"href":"https:\/\/www.europesays.com\/fr\/wp-json\/wp\/v2\/tags?post=337506"}],"curies":[{"name":"wp","href":"https:\/\/api.w.org\/{rel}","templated":true}]}}