{"id":337510,"date":"2025-08-23T01:59:23","date_gmt":"2025-08-23T01:59:23","guid":{"rendered":"https:\/\/www.europesays.com\/fr\/337510\/"},"modified":"2025-08-23T01:59:23","modified_gmt":"2025-08-23T01:59:23","slug":"josep-borrell-une-nouvelle-union-europeenne-est-necessaire-pour-sortir-du-protectorat-americain","status":"publish","type":"post","link":"https:\/\/www.europesays.com\/fr\/337510\/","title":{"rendered":"Josep Borrell\u00a0: \u00ab\u00a0Une nouvelle Union europ\u00e9enne est n\u00e9cessaire pour sortir du protectorat am\u00e9ricain\u00a0\u00bb"},"content":{"rendered":"<p>Lors du r\u00e9cent \u00ab\u00a0sommet\u00a0\u00bb rassemblant les chefs d\u2019Etats et de gouvernements ukrainiens et des pays \u00ab\u00a0volontaires\u00a0\u00bb dans le bureau de Donald Trump \u00e0 Washington, l\u2019Union europ\u00e9enne a montr\u00e9 toute l\u2019\u00e9tendue de sa subordination \u00e0 la politique \u00e9trang\u00e8re des Etats-Unis\u00a0: c\u2019est le pr\u00e9sident am\u00e9ricain qui dicte les conditions de la n\u00e9gociation avec son homologue russe, les pays du Vieux Continent \u00e9tant juste l\u00e0 pour financer, jusqu\u2019\u00e0 100\u00a0milliards de dollars les achats d\u2019armes \u00e0 l\u2019industrie d\u2019outre-Atlantique comme \u00ab\u00a0garantie de s\u00e9curit\u00e9\u00a0\u00bb.<\/p>\n<p>De m\u00eame, les n\u00e9gociations commerciales ont d\u00e9bouch\u00e9 sur des droits de douane unilat\u00e9raux de\u00a015\u00a0%, et des engagements d\u2019achats de gaz et d\u2019armes, qui confortent le leadership am\u00e9ricain. Pour ceux qui esp\u00e9raient en l\u2019affirmation de la \u00ab\u00a0souverainet\u00e9 europ\u00e9enne\u00a0\u00bb, c\u2019est une terrible d\u00e9ception.<\/p>\n<p>Parmi ceux-ci, l\u2019ancien Haut repr\u00e9sentant de l\u2019Union europ\u00e9enne\u00a0pour les affaires \u00e9trang\u00e8res et la politique de s\u00e9curit\u00e9\u00a0(2019-2024),\u00a0Josep Borrell\u00a0, appelle \u00e0 la constitution d\u2019une nouvelle Union, plus resserr\u00e9e, apte \u00e0 se d\u00e9gager du joug des Etats-Unis.<\/p>\n<p><strong>Apr\u00e8s le \u00ab\u00a0sommet\u00a0\u00bb de Washington, qui semble n\u2019avoir d\u00e9cid\u00e9 de rien, sauf de vagues garanties de s\u00e9curit\u00e9 qu\u2019apporteraient les pays europ\u00e9ens volontaires avec l\u2019appui \u00e9ventuel des Etats-Unis, quel r\u00f4le l\u2019UE peut-elle vraiment jouer quant \u00e0 l\u2019avenir de l\u2019Ukraine\u00a0?<\/strong><\/p>\n<p><strong>Josep Borrell\u00a0:<\/strong>\u00a0A mon avis, la question des garanties de s\u00e9curit\u00e9 est importante, mais pas la premi\u00e8re question \u00e0 traiter. Il faut d\u2019abord discuter de la fin de la guerre, car c\u2019est seulement apr\u00e8s l\u2019arr\u00eat des combats qu\u2019il s\u2019agira de garantir la paix. J\u2019ai donc \u00e9t\u00e9 tr\u00e8s surpris de voir que la discussion du sommet a port\u00e9 l\u00e0-dessus et pas sur la mani\u00e8re d\u2019arr\u00eater les combats\u00a0! Peut-\u00eatre \u00e9tait-ce juste pour esquiver la question g\u00eanante de l\u2019\u00ab\u00a0\u00e9change des territoires\u00a0\u00bb, ainsi que Trump appelle la cession de territoires par l\u2019Ukraine. Je ne parle pas d\u2019une paix formelle, mais il faut au moins se demander comment stabiliser la situation sur le front. Sinon, \u00e0 quoi servent les garanties tant que la guerre continue\u00a0?<\/p>\n<p><strong>Mais lors de l\u2019entrevue en Alaska avec Vladimir Poutine, Donald Trump lui-m\u00eame avait abandonn\u00e9 l\u2019id\u00e9e d\u2019un cessez-le-feu pr\u00e9alable, pour embrasser la voie des concessions territoriales\u2026<\/strong><\/p>\n<blockquote class=\"c-epigraph__content\">\n<p>\u00ab\u00a0Nous sommes confront\u00e9s \u00e0 un fait inconfortable\u00a0: les Etats-Unis de Donald Trump sont plus du c\u00f4t\u00e9 de la Russie que du n\u00f4tre. Et l\u2019Occident, sous son acception d\u2019espace de la d\u00e9mocratie, n\u2019existe plus\u00a0\u00bb<\/p>\n<\/blockquote>\n<p><strong>J. B.\u00a0:<\/strong> Rappelez-vous\u00a0: avant la rencontre en Alaska, Trump avait menac\u00e9 Poutine de sanctions terribles s\u2019il n\u2019acceptait pas un cessez-le-feu. Apr\u00e8s la rencontre, il n\u2019y a pas de cessez-le-feu, il n\u2019y a pas non plus de sanctions\u00a0! Il semble bien, au contraire, que Poutine et Trump se sont mis d\u2019accord pour que les Europ\u00e9ens, et l\u2019Ukraine en premier lieu, avalent la pilule qu\u2019ils se sont accord\u00e9s \u00e0 leur administrer. Nous autres Europ\u00e9ens sommes confront\u00e9s \u00e0 un fait inconfortable\u00a0: les Etats-Unis de Donald Trump sont plus du c\u00f4t\u00e9 de la Russie que du n\u00f4tre. Et l\u2019Occident, sous son acception d\u2019espace de la d\u00e9mocratie, n\u2019existe plus. C\u2019est tr\u00e8s d\u00e9sagr\u00e9able \u00e0 accepter, mais c\u2019est comme \u00e7a. Et plus t\u00f4t nous admettrons cette situation, mieux ce sera.<\/p>\n<p>Mais pour y parvenir, il faudra que beaucoup de dirigeants europ\u00e9ens modifient leur \u00e9tat d\u2019esprit, construit au cours de longues ann\u00e9es de d\u00e9pendance vis-\u00e0-vis des Etats-Unis. On n\u2019en prend pas le chemin\u00a0: en quelques mois, Trump a r\u00e9ussi \u00e0 imposer aux Europ\u00e9ens une hausse monumentale de la d\u00e9pense en armements, dont une bonne partie sera achet\u00e9e aux Etats-Unis. Pour la s\u00e9curit\u00e9 ukrainienne, il nous faudra aussi financer des dizaines de milliards de dollars d\u2019armes am\u00e9ricaines. Il a aussi impos\u00e9 des droits de douane de\u00a015\u00a0%, et il veut capter les usines europ\u00e9ennes d\u2019automobile, de chimie, de pharmacie\u2026 On ne peut pas appeler cela une attitude amicale.<\/p>\n<p><strong>Comment sortir de cet \u00e9tau\u00a0?<\/strong><\/p>\n<p><strong>J. B.\u00a0:\u00a0<\/strong>L\u2019Europe n\u2019est pas respect\u00e9e parce qu\u2019elle est faible, et Trump, comme Poutine d\u2019ailleurs, ne respecte que la force. Et nous sommes faibles parce que nous n\u2019avons pas les moyens de la force, nous sommes trop divis\u00e9s et nous n\u2019avons pas envie de nous battre, m\u00eame pas sur le front commercial. Il faut donc b\u00e2tir les capacit\u00e9s de confrontation que les Europ\u00e9ens n\u2019ont pas, sur le plan militaire bien s\u00fbr, mais pas seulement. Mais lorsque j\u2019entends le chancelier allemand dire\u00a0: \u00ab\u00a0Je veux cr\u00e9er l\u2019arm\u00e9e la plus puissante en Europe\u00a0\u00bb, je me dis que c\u2019est la mauvaise approche. D\u2019abord parce que l\u2019arm\u00e9e allemande la plus puissante d\u2019Europe, on conna\u00eet, c\u2019est d\u00e9j\u00e0 arriv\u00e9 dans notre histoire avec les r\u00e9sultats que l\u2019on sait.<\/p>\n<blockquote class=\"c-epigraph__content\">\n<p>\u00ab\u00a0Si l\u2019on veut une Europe forte, il faut la recommencer avec de nouveaux objectifs. Il ne s\u2019agit plus de faire la paix entre nous, mais d\u2019exister dans le monde tel qu\u2019il est aujourd\u2019hui\u00a0\u00bb<\/p>\n<\/blockquote>\n<p>Ce qu\u2019il nous faut, ce sont des capacit\u00e9s militaires conjointes beaucoup plus puissantes. Cela exige un degr\u00e9 d\u2019unit\u00e9 politique bien plus \u00e9lev\u00e9, qu\u2019on n\u2019obtiendra pas dans l\u2019Union actuelle \u00e0\u00a027 car il y a beaucoup trop de divergences entre nous. Si l\u2019on veut une Europe forte, il faudra donc la recommencer avec de nouveaux objectifs. Il ne s\u2019agit plus de faire la paix entre nous\u00a0\u2013\u00a0c\u2019est acquis\u00a0\u2013, mais d\u2019exister dans le monde tel qu\u2019il est aujourd\u2019hui. Cela veut donc dire construire une nouvelle Union sur d\u2019autres bases. Sans doute pas \u00e0 27, car parmi les pays membres actuels, beaucoup ne voudront pas.<\/p>\n<p><strong>Mais quels pays, en dehors de la France, voudraient s\u2019engager pour une Union \u00e0 la fois souveraine et resserr\u00e9e\u00a0?<\/strong><\/p>\n<p><strong>J. B.\u00a0:\u00a0<\/strong>Si la France et l\u2019Allemagne d\u00e9sirent l\u2019unit\u00e9, d\u2019autres pays les suivront sans aucun doute. Si elles ne le veulent pas, cela ne se fera pas.<\/p>\n<p><strong>Mais une arm\u00e9e europ\u00e9enne, m\u00eame r\u00e9duite \u00e0 quelques pays, exige des citoyens communs, de buts communs. Ce n\u2019est pas le cas.<\/strong><\/p>\n<p><strong>J. B.\u00a0:\u00a0<\/strong>C\u2019est vrai. Cela montre que nous avons perdu beaucoup de temps \u00e0 discuter de sujets de troisi\u00e8me ordre en oubliant les \u00e9l\u00e9ments fondamentaux d\u2019une Union. Mais dans le monde actuel, on ne peut pas continuer comme \u00e7a. Ou alors il faut s\u2019attendre \u00e0 payer le prix de la faiblesse. Nous savons d\u00e9j\u00e0 ce que cela signifie\u00a0: ne pas \u00eatre un acteur g\u00e9opolitique et subir le pouvoir de l\u2019autre. Regardez ce que nous avons v\u00e9cu cette ann\u00e9e avec l\u2019administration Trump. Premi\u00e8re r\u00e9union\u00a0: vous allez d\u00e9penser 5\u00a0% de votre PIB en mat\u00e9riels militaires, sinon vous vous d\u00e9brouillerez seuls avec la Russie. Deuxi\u00e8me r\u00e9union\u00a0: vous allez m\u2019acheter du gaz et des armes, et vous allez investir chez moi\u2026<\/p>\n<blockquote class=\"c-epigraph__content\">\n<p>\u00ab\u00a0Le langage de Trump est celui d\u2019un seigneur f\u00e9odal. Il y a des vassaux heureux, qui acceptent de payer le prix de la protection parce qu\u2019ils n\u2019ont pas la capacit\u00e9 de s\u2019imaginer \u00eatre ma\u00eetres de leur destin\u00a0\u00bb<\/p>\n<\/blockquote>\n<p>C\u2019est le langage d\u2019un seigneur f\u00e9odal vis-\u00e0-vis de ses vassaux. Mais il y a des vassaux heureux. Des gens qui acceptent de payer le prix de la protection, et sont heureux ainsi parce qu\u2019ils n\u2019ont pas la capacit\u00e9 de s\u2019imaginer et de vouloir \u00eatre ma\u00eetres de leur destin. Un exemple r\u00e9cent\u00a0: bien avant que les n\u00e9gociations sur les droits de douane commencent, la pr\u00e9sidente de la Commission europ\u00e9enne Ursula von der Leyen affirmait, sans que personne ne le lui demande, que pour compenser l\u2019exc\u00e9dent commercial de l\u2019UE sur les Etats-Unis, il faudrait leur acheter davantage de gaz et d\u2019armes\u2026 et c\u2019est finalement ce qu\u2019on a accept\u00e9, parce qu\u2019on y \u00e9tait mentalement pr\u00e9par\u00e9s. Pour sortir de la vassalit\u00e9, il faudra donc d\u2019abord changer de mentalit\u00e9.<\/p>\n<p><strong>Mais le projet europ\u00e9en n\u2019avait-il pas justement pour but de sortir de la d\u00e9pendance des Etats-Unis\u00a0?<\/strong><\/p>\n<p><strong>J. B.\u00a0:\u00a0<\/strong>En fait, la domination am\u00e9ricaine, sous la forme d\u2019un v\u00e9ritable protectorat militaire, a \u00e9t\u00e9 accept\u00e9e d\u00e8s la naissance de la Communaut\u00e9 europ\u00e9enne, surtout de la part de l\u2019Allemagne qui ne pouvait pas se r\u00e9armer. Seul le g\u00e9n\u00e9ral De\u00a0Gaulle avait \u00e9lev\u00e9 la voix pour dire qu\u2019un jour, les Am\u00e9ricains partiraient et nous laisseraient seuls. Mais pour les chr\u00e9tiens-d\u00e9mocrates allemands, le lien transatlantique \u00e9tait fondamental, intouchable. D\u2019ailleurs, le projet europ\u00e9en n\u2019avait pas pour but l\u2019affirmation des nations europ\u00e9ennes, mais seulement la paix entre elles. La France, alors petit pays agricole\u00a0\u2013\u00a0excusez-moi de le rappeler\u00a0\u2013, s\u2019en est servie comme un multiplicateur de sa force. Pour l\u2019Allemagne, l\u2019Europe a servi \u00e0 se faire pardonner son histoire.<\/p>\n<p>Mais c\u2019\u00e9tait il y a pr\u00e8s de soixante-dix\u00a0ans, et le monde d\u2019aujourd\u2019hui est bien diff\u00e9rent, et m\u00eame diff\u00e9rent de celui qui a vu l\u2019apparition de l\u2019euro et le trait\u00e9 de Lisbonne. Il y a eu un moment de bascule en\u00a02004, lorsqu\u2019il a fallu choisir entre \u00ab\u00a0l\u2019\u00e9largissement\u00a0\u00bb [aux pays de l\u2019ex-bloc sovi\u00e9tique, NDLR] et \u00ab\u00a0l\u2019approfondissement\u00a0\u00bb de l\u2019Europe des quinze pays membres d\u2019alors. Le choix a \u00e9t\u00e9 fait d\u2019int\u00e9grer les pays qui sortaient du communisme. Depuis, nous discutons toujours de nos petites querelles, sur les d\u00e9tails d\u2019une directive sans avoir un v\u00e9ritable dessein, sans savoir ce que l\u2019Europe pourrait faire pour elle-m\u00eame et pour le monde.<\/p>\n<p><strong>Un autre conflit, au Moyen-Orient\u00a0: l\u00e0 encore, les Europ\u00e9ens apparaissent comme spectateurs. Sommes-nous condamn\u00e9s \u00e0 l\u2019impuissance devant les massacres \u00e0 Gaza\u00a0?<\/strong><\/p>\n<blockquote class=\"c-epigraph__content\">\n<p>\u00ab\u00a0D\u00e9sunie \u00e0 ce point, l\u2019Europe n\u2019existe pas, ou alors comme un bon Samaritain hypocrite qui fournit d\u2019une main des armes \u00e0 Isra\u00ebl, et de l\u2019autre des pansements pour les Palestiniens\u00a0\u00bb<\/p>\n<\/blockquote>\n<p><strong>J. B.\u00a0:\u00a0<\/strong>Malheureusement, c\u2019est le cas. A chaque r\u00e9union des Nations unies sur la question de Gaza, les Europ\u00e9ens se sont montr\u00e9s d\u00e9sunis, chacun exprimant une position et un vote diff\u00e9rent. Evidemment, lorsqu\u2019elle est d\u00e9sunie \u00e0 ce point, l\u2019Europe n\u2019existe pas, ou alors comme un bon Samaritain hypocrite qui fournit d\u2019une main les armes \u00e0 Isra\u00ebl, et de l\u2019autre les pansements pour les Palestiniens. C\u2019est la triste image de l\u2019Europe\u00a0: collectivement, nous n\u2019avons pas montr\u00e9 l\u2019empathie suffisante pour la souffrance des Palestiniens.<\/p>\n<p>Il faut \u00e9videmment rappeler aussi l\u2019horreur des attaques terroristes du Hamas. Mais une horreur ne peut pas justifier une autre horreur. Quand il y a 65\u00a0000\u00a0morts, majoritairement des femmes et des enfants, plus de 2\u00a0millions d\u2019habitants tra\u00een\u00e9s d\u2019un c\u00f4t\u00e9 \u00e0 l\u2019autre de leur territoire, affam\u00e9s, assoiff\u00e9s, bombard\u00e9s, toutes les infrastructures d\u00e9truites, le silence de beaucoup d\u2019Europ\u00e9ens et des institutions de l\u2019UE, c\u2019est de la complicit\u00e9\u00a0!<\/p>\n<p><strong>Cette faillite morale, cette incapacit\u00e9 \u00e0 stopper les massacres auront-elles des cons\u00e9quences pour les Europ\u00e9ens\u00a0?<\/strong><\/p>\n<p><strong>J. B.\u00a0:\u00a0<\/strong>Et comment\u00a0! Vis-\u00e0-vis du reste du monde, nous avons perdu toute la cr\u00e9dibilit\u00e9 que nous pouvions encore avoir. Plus aucun dirigeant du monde n\u2019acceptera de s\u2019asseoir avec nous pour d\u00e9battre des droits humains. Chaque fois que nous voudrons inclure dans un accord d\u2019association une clause de respect des droits humains, on nous rira au nez, puisque nous sommes incapables de faire jouer cette clause, pr\u00e9sente d\u00e8s l\u2019article\u00a02 de l\u2019accord entre l\u2019UE et Isra\u00ebl. De temps en temps, l\u2019UE publie un communiqu\u00e9 affirmant\u00a0: Isra\u00ebl doit respecter les droits humains. Eh oui, bien s\u00fbr\u00a0! Mais la seule question qui compte est\u00a0: est-ce qu\u2019Isra\u00ebl le fait\u00a0? Cette question-l\u00e0, on ne se la pose pas.<\/p>\n<blockquote class=\"c-epigraph__content\">\n<p>\u00ab\u00a0Dans cette affaire, l\u2019Europe a perdu son \u00e2me. Et les g\u00e9n\u00e9rations futures auront honte de ce que nous avons laiss\u00e9 faire\u00a0\u00bb<\/p>\n<\/blockquote>\n<p>Nous avons pourtant des leviers permettant d\u2019imposer ce respect\u00a0! J\u2019ai tent\u00e9 de le faire en proposant au Conseil de suspendre les relations politiques avec Isra\u00ebl, la seule dimension dans mes comp\u00e9tences de Haut repr\u00e9sentant pour les affaires internationales. Les Etats membres ont refus\u00e9. Pourquoi la Commission ne propose-t-elle pas de suspendre les relations commerciales privil\u00e9gi\u00e9es avec Isra\u00ebl, selon les termes de notre trait\u00e9 d\u2019association\u00a0? Elle est la seule comp\u00e9tente pour le faire selon les trait\u00e9s de l\u2019Union, mais il faudrait encore que sa Pr\u00e9sidente veuille bien inclure le sujet dans ses d\u00e9bats. J\u2019imagine que si elle ne le fait pas, c\u2019est parce qu\u2019elle pense qu\u2019Isra\u00ebl ne viole pas les droits humains \u00e0 Gaza, sinon elle devrait appliquer les trait\u00e9s qui sont des obligations pour tous, y compris pour la Commission dont elle est la gardienne. Dans cette affaire, l\u2019Europe a perdu son \u00e2me. Et les g\u00e9n\u00e9rations futures auront honte de ce que nous avons laiss\u00e9 faire.<\/p>\n<p><strong>Mais n\u2019y a-t-il pas, aussi, une relation entre l\u2019impuissance europ\u00e9enne et le poids grandissants des droites autoritaires et des extr\u00eames droites politiquement proches de Benjamin Netanyahou et de son gouvernement\u00a0?<\/strong><\/p>\n<p><strong>J. B.\u00a0:\u00a0<\/strong>Deux facteurs jouent. D\u2019une part, la mauvaise conscience qui p\u00e8se sur beaucoup d\u2019Europ\u00e9ens depuis l\u2019Holocauste. Combien de temps les Allemands resteront-ils prisonniers de ce qu\u2019ils ont fait aux Juifs\u00a0? D\u2019autre part, Netanyahou, l\u2019extr\u00eame droite am\u00e9ricaine et l\u2019extr\u00eame droite europ\u00e9enne, c\u2019est le m\u00eame combat\u00a0! Et le m\u00eame langage, supr\u00e9maciste, raciste, ethniciste. Qui invite Netanyahou en Europe\u00a0? Viktor Orban. Qui a des rapports tr\u00e8s proches avec Isra\u00ebl\u00a0? L\u2019Italie de Giorgia Meloni.<\/p>\n","protected":false},"excerpt":{"rendered":"Lors du r\u00e9cent \u00ab\u00a0sommet\u00a0\u00bb rassemblant les chefs d\u2019Etats et de gouvernements ukrainiens et des pays \u00ab\u00a0volontaires\u00a0\u00bb dans le&hellip;\n","protected":false},"author":2,"featured_media":337511,"comment_status":"","ping_status":"","sticky":false,"template":"","format":"standard","meta":{"footnotes":""},"categories":[1586],"tags":[11,1777,674,1779,1011,27,12,25,1778,364],"class_list":{"0":"post-337510","1":"post","2":"type-post","3":"status-publish","4":"format-standard","5":"has-post-thumbnail","7":"category-europe","8":"tag-actualites","9":"tag-eu","10":"tag-europe","11":"tag-european-union","12":"tag-fr","13":"tag-france","14":"tag-news","15":"tag-republique-francaise","16":"tag-ue","17":"tag-union-europeenne"},"share_on_mastodon":{"url":"https:\/\/pubeurope.com\/@fr\/115075610305513061","error":""},"_links":{"self":[{"href":"https:\/\/www.europesays.com\/fr\/wp-json\/wp\/v2\/posts\/337510","targetHints":{"allow":["GET"]}}],"collection":[{"href":"https:\/\/www.europesays.com\/fr\/wp-json\/wp\/v2\/posts"}],"about":[{"href":"https:\/\/www.europesays.com\/fr\/wp-json\/wp\/v2\/types\/post"}],"author":[{"embeddable":true,"href":"https:\/\/www.europesays.com\/fr\/wp-json\/wp\/v2\/users\/2"}],"replies":[{"embeddable":true,"href":"https:\/\/www.europesays.com\/fr\/wp-json\/wp\/v2\/comments?post=337510"}],"version-history":[{"count":0,"href":"https:\/\/www.europesays.com\/fr\/wp-json\/wp\/v2\/posts\/337510\/revisions"}],"wp:featuredmedia":[{"embeddable":true,"href":"https:\/\/www.europesays.com\/fr\/wp-json\/wp\/v2\/media\/337511"}],"wp:attachment":[{"href":"https:\/\/www.europesays.com\/fr\/wp-json\/wp\/v2\/media?parent=337510"}],"wp:term":[{"taxonomy":"category","embeddable":true,"href":"https:\/\/www.europesays.com\/fr\/wp-json\/wp\/v2\/categories?post=337510"},{"taxonomy":"post_tag","embeddable":true,"href":"https:\/\/www.europesays.com\/fr\/wp-json\/wp\/v2\/tags?post=337510"}],"curies":[{"name":"wp","href":"https:\/\/api.w.org\/{rel}","templated":true}]}}